{"id":136011,"date":"2025-01-23T23:44:10","date_gmt":"2025-01-23T23:44:10","guid":{"rendered":"https:\/\/enolife.com.ar\/es\/?p=136011"},"modified":"2025-01-24T23:01:17","modified_gmt":"2025-01-24T23:01:17","slug":"el-gobierno-argentino-anuncio-la-quita-de-retenciones-para-el-campo-y-economias-regionales","status":"publish","type":"post","link":"https:\/\/enolife.com.ar\/es\/el-gobierno-argentino-anuncio-la-quita-de-retenciones-para-el-campo-y-economias-regionales\/","title":{"rendered":"El gobierno argentino anunci\u00f3 la quita de retenciones para el campo y econom\u00edas regionales"},"content":{"rendered":"\n<h4 class=\"wp-block-heading\"><em><strong>El gobierno del presidente Javier Milei comunic\u00f3 este jueves 23\/1\/25 que bajar\u00e1n las retenciones impositivas al campo argentino y las eliminar\u00e1n de forma permanente para las econom\u00edas regionales. A\u00fan no hay precisiones con respecto a c\u00f3mo impactar\u00e1n estas medidas en las exportaciones vitivin\u00edcolas<\/strong><\/em>.<a rel=\"noreferrer noopener\" href=\"https:\/\/www.infobae.com\/america\/agencias\/2025\/01\/23\/muere-a-los-69-anos-el-politico-peruano-daniel-abugattas-expresidente-del-congreso\/\" target=\"_blank\"><\/a><\/h4>\n\n\n\n<div style=\"height:35px\" aria-hidden=\"true\" class=\"wp-block-spacer\"><\/div>\n\n\n<a href=\"https:\/\/grupoaltasur.com\/\" aria-label=\"1700-500px\"><img loading=\"lazy\" decoding=\"async\" src=\"https:\/\/enolife.com.ar\/es\/wp-content\/uploads\/2021\/01\/1700-500px.jpg\" alt=\"\"  srcset=\"https:\/\/enolife.com.ar\/es\/wp-content\/uploads\/2021\/01\/1700-500px.jpg 1700w, https:\/\/enolife.com.ar\/es\/wp-content\/uploads\/2021\/01\/1700-500px-300x88.jpg 300w, https:\/\/enolife.com.ar\/es\/wp-content\/uploads\/2021\/01\/1700-500px-1024x301.jpg 1024w, https:\/\/enolife.com.ar\/es\/wp-content\/uploads\/2021\/01\/1700-500px-768x226.jpg 768w, https:\/\/enolife.com.ar\/es\/wp-content\/uploads\/2021\/01\/1700-500px-1536x452.jpg 1536w, https:\/\/enolife.com.ar\/es\/wp-content\/uploads\/2021\/01\/1700-500px-1170x344.jpg 1170w, https:\/\/enolife.com.ar\/es\/wp-content\/uploads\/2021\/01\/1700-500px-585x172.jpg 585w\" sizes=\"auto, (max-width: 1700px) 100vw, 1700px\" width=\"1700\" height=\"500\"   \/><\/a>\n\n\n<div style=\"height:45px\" aria-hidden=\"true\" class=\"wp-block-spacer\"><\/div>\n\n\n\n<p>A trav\u00e9s de una rueda de prensa en Casa Rosada (sede del Poder Ejecutivo), d\u00f3nde no se brind\u00f3 espacio a preguntas, el ministro de Econom\u00eda de Argentina, <strong>Luis Caputo<\/strong>, inform\u00f3 que a partir del lunes 27\/1\/25 pr\u00f3ximo las al\u00edcuotas disminuir\u00e1n un 4,2 % en promedio hasta junio de este a\u00f1o.<\/p>\n\n\n\n<p>Entre los cultivos se encuentra la soja, que pasa de un 33 % a 26 %; mientras que sus derivados pasan de 31 % a 24,5 %; al tiempo que el trigo, la cebada, el sorgo y el ma\u00edz disminuyen de 12 % a 9,5 % y el girasol baja de 7 % a 5,5 %.<a rel=\"noreferrer noopener\" href=\"https:\/\/www.infobae.com\/america\/agencias\/2025\/01\/23\/multitudinaria-pelea-entre-ultras-de-la-real-sociedad-y-el-lazio-en-roma\/\" target=\"_blank\"><\/a><\/p>\n\n\n\n<p><em>\u201cEntendemos la situaci\u00f3n del campo, la sequ\u00eda y la baja de las commodities (materias primas), ahora bien, me gustar\u00eda poder eliminarlas a cero y permanentemente, pero eso implicar\u00eda tener un super\u00e1vit equivalente a los 8.000 millones de d\u00f3lares que no tenemos\u201d<\/em>, expres\u00f3 el ministro.<\/p>\n\n\n\n<p>El \u00faltimo dato del super\u00e1vit fiscal de Argentina ronda los <strong>1.624 millones de d\u00f3lares<\/strong>, el m\u00e1s alto en 16 a\u00f1os, aunque para llegar a este n\u00famero el Estado realiz\u00f3 un ajuste del 15 % en el gasto p\u00fablico.<\/p>\n\n\n\n<p>A trav\u00e9s de una conferencia encabezada por<strong>&nbsp;Manuel Adorni<\/strong>&nbsp;y el propio Caputo, se explic\u00f3 que se&nbsp;<strong>reducir\u00e1n las al\u00edcuotas para los principales cultivos<\/strong>&nbsp;y sus primeras producciones y se van a<strong>&nbsp;eliminar <em>\u00abde manera permanente\u00bb<\/em> las retenciones a las econom\u00edas regionales.<\/strong>&nbsp;<em>\u00abBajar las retenciones es restaurar la palabra presidencial\u00bb<\/em>, remarc\u00f3 el portavoz presidencial, quien indic\u00f3 que el anuncio se debe a <em>\u00abla consolidaci\u00f3n del&nbsp;<strong>super\u00e1vit financiero<\/strong>&nbsp;que fue posible gracias al esfuerzo de los argentinos y el riguroso plan econ\u00f3mico\u00bb.<\/em><a rel=\"noreferrer noopener\" href=\"https:\/\/www.infobae.com\/america\/agencias\/2025\/01\/23\/la-isla-de-irlanda-activa-una-alerta-roja-por-la-llegada-de-la-tormenta-eowyn\/\" target=\"_blank\"><\/a><\/p>\n\n\n\n<p>A mediados de este mes, la mesa de enlace de las cuatro mayores patronales del sector agropecuario de Argentina solicit\u00f3 una reuni\u00f3n con Caputo para solicitar un alivio fiscal ante la sequ\u00eda que atraviesa el norte argentino.<\/p>\n\n\n\n<p><em>\u201cS\u00ed queremos darle la se\u00f1al al campo, que es un sector que apoya al pa\u00eds, que estamos encima de su situaci\u00f3n. S\u00ed vamos a eliminar de manera permanente las retenciones a las econom\u00edas regionales. Todos los reclamos sobre impuestos son justos y lo vamos a seguir bajando, pero va a ser un proceso\u201d<\/em>, remarc\u00f3 el titular de Hacienda durante la conferencia.<\/p>\n\n\n\n<p>El ministro, tambi\u00e9n, apunt\u00f3 contra las provincias y municipios del pa\u00eds por cobrar impuestos internos <em>\u201cdistorsivos\u201d.<\/em><\/p>\n\n\n\n<p><em>\u201cProvincias y municipios est\u00e1n cobrando cada vez m\u00e1s impuestos distorsivos, siendo ingresos brutos el m\u00e1s distorsivo de todos y los municipios cobrando tasas por contraprestaciones que ni siquiera se est\u00e1n realizando\u201d<\/em>, afirm\u00f3 Caputo. <\/p>\n\n\n\n<div style=\"height:20px\" aria-hidden=\"true\" class=\"wp-block-spacer\"><\/div>\n\n\n\n<p class=\"has-small-font-size\"><em><strong>Fuentes: Agencias EFE y \u00c1mbito<\/strong><\/em><\/p>\n\n\n\n<div style=\"height:30px\" aria-hidden=\"true\" class=\"wp-block-spacer\"><\/div>\n","protected":false},"excerpt":{"rendered":"<p>El gobierno del presidente Javier Milei comunic\u00f3 este jueves 23\/1\/25 que bajar\u00e1n las retenciones impositivas&hellip;<\/p>\n","protected":false},"author":2,"featured_media":136016,"comment_status":"open","ping_status":"open","sticky":false,"template":"","format":"standard","meta":{"footnotes":""},"categories":[56,14],"tags":[],"class_list":["post-136011","post","type-post","status-publish","format-standard","has-post-thumbnail","hentry","category-destacado","category-news"],"_links":{"self":[{"href":"https:\/\/enolife.com.ar\/es\/wp-json\/wp\/v2\/posts\/136011","targetHints":{"allow":["GET"]}}],"collection":[{"href":"https:\/\/enolife.com.ar\/es\/wp-json\/wp\/v2\/posts"}],"about":[{"href":"https:\/\/enolife.com.ar\/es\/wp-json\/wp\/v2\/types\/post"}],"author":[{"embeddable":true,"href":"https:\/\/enolife.com.ar\/es\/wp-json\/wp\/v2\/users\/2"}],"replies":[{"embeddable":true,"href":"https:\/\/enolife.com.ar\/es\/wp-json\/wp\/v2\/comments?post=136011"}],"version-history":[{"count":0,"href":"https:\/\/enolife.com.ar\/es\/wp-json\/wp\/v2\/posts\/136011\/revisions"}],"wp:featuredmedia":[{"embeddable":true,"href":"https:\/\/enolife.com.ar\/es\/wp-json\/wp\/v2\/media\/136016"}],"wp:attachment":[{"href":"https:\/\/enolife.com.ar\/es\/wp-json\/wp\/v2\/media?parent=136011"}],"wp:term":[{"taxonomy":"category","embeddable":true,"href":"https:\/\/enolife.com.ar\/es\/wp-json\/wp\/v2\/categories?post=136011"},{"taxonomy":"post_tag","embeddable":true,"href":"https:\/\/enolife.com.ar\/es\/wp-json\/wp\/v2\/tags?post=136011"}],"curies":[{"name":"wp","href":"https:\/\/api.w.org\/{rel}","templated":true}]}}