{"id":135383,"date":"2025-01-15T21:50:06","date_gmt":"2025-01-15T21:50:06","guid":{"rendered":"https:\/\/enolife.com.ar\/es\/?p=135383"},"modified":"2025-01-20T13:30:30","modified_gmt":"2025-01-20T13:30:30","slug":"el-documental-tierra-malbec-gano-el-concurso-sobre-vino-de-mendoza-y-recibira-8-millones","status":"publish","type":"post","link":"https:\/\/enolife.com.ar\/es\/el-documental-tierra-malbec-gano-el-concurso-sobre-vino-de-mendoza-y-recibira-8-millones\/","title":{"rendered":"El documental \u00abTierra Malbec\u00bb gan\u00f3 el concurso sobre vino de Mendoza y recibir\u00e1 $8 millones"},"content":{"rendered":"\n<h4 class=\"wp-block-heading\"><em><strong>Con gui\u00f3n y direcci\u00f3n de Mercedes C\u00f3rdoba y producci\u00f3n ejecutiva de Marcelo Ortega y Valeria Forster, el corto documental es un viaje emocional que despierta la curiosidad y el deseo de aprender m\u00e1s sobre la herencia vitivin\u00edcola que se proyecta desde Mendoza a todo el mundo. Este gui\u00f3n fue el elegido por los jurados de la Mendoza Film Commission y el Fondo Vitivin\u00edcola en el certamen \u00abPoda, cortos del vino, y obtuvo el premio de $8.000.000, suma con la que los cineastas contar\u00e1n para su realizaci\u00f3n, filmaci\u00f3n y edici\u00f3n definitiva.<\/strong><\/em><\/h4>\n\n\n\n<div style=\"height:35px\" aria-hidden=\"true\" class=\"wp-block-spacer\"><\/div>\n\n\n<a href=\"https:\/\/jmzeballos.com\/\" aria-label=\"PUBLICIDAD ENOLIFE 2023_\u00c1NFORAS 1700 x 500\"><img loading=\"lazy\" decoding=\"async\" src=\"https:\/\/enolife.com.ar\/es\/wp-content\/uploads\/2020\/12\/PUBLICIDAD-ENOLIFE-2023_ANFORAS-1700-x-500.jpg\" alt=\"\"  srcset=\"https:\/\/enolife.com.ar\/es\/wp-content\/uploads\/2020\/12\/PUBLICIDAD-ENOLIFE-2023_ANFORAS-1700-x-500.jpg 1700w, https:\/\/enolife.com.ar\/es\/wp-content\/uploads\/2020\/12\/PUBLICIDAD-ENOLIFE-2023_ANFORAS-1700-x-500-300x88.jpg 300w, https:\/\/enolife.com.ar\/es\/wp-content\/uploads\/2020\/12\/PUBLICIDAD-ENOLIFE-2023_ANFORAS-1700-x-500-1024x301.jpg 1024w, https:\/\/enolife.com.ar\/es\/wp-content\/uploads\/2020\/12\/PUBLICIDAD-ENOLIFE-2023_ANFORAS-1700-x-500-768x226.jpg 768w, https:\/\/enolife.com.ar\/es\/wp-content\/uploads\/2020\/12\/PUBLICIDAD-ENOLIFE-2023_ANFORAS-1700-x-500-1536x452.jpg 1536w, https:\/\/enolife.com.ar\/es\/wp-content\/uploads\/2020\/12\/PUBLICIDAD-ENOLIFE-2023_ANFORAS-1700-x-500-1170x344.jpg 1170w, https:\/\/enolife.com.ar\/es\/wp-content\/uploads\/2020\/12\/PUBLICIDAD-ENOLIFE-2023_ANFORAS-1700-x-500-585x172.jpg 585w\" sizes=\"auto, (max-width: 1700px) 100vw, 1700px\" width=\"1700\" height=\"500\"   \/><\/a>\n\n\n<div style=\"height:45px\" aria-hidden=\"true\" class=\"wp-block-spacer\"><\/div>\n\n\n\n<p>El proyecto y gui\u00f3n del <strong>corto documental Tierra Malbec<\/strong>, seg\u00fan consignaron los jurados, <em>\u00abofrece la posibilidad de disfrutar de un viaje emocional que despierta la curiosidad y el deseo de aprender m\u00e1s sobre la herencia vitivin\u00edcola que se proyecta desde Mendoza a todo el mundo\u00bb.<\/em><\/p>\n\n\n\n<p>Con gui\u00f3n y direcci\u00f3n de <strong>Mercedes C\u00f3rdoba<\/strong> y producci\u00f3n ejecutiva de <strong>Marcelo Ortega<\/strong> y <strong>Valeria Forster<\/strong>, el elenco ganador est\u00e1 conformado por creativos, t\u00e9cnicos y profesionales mendocinos de primer nivel que ratifican el potencial que tiene esta regi\u00f3n para el desarrollo de la industria audiovisual.<\/p>\n\n\n\n<div style=\"height:21px\" aria-hidden=\"true\" class=\"wp-block-spacer\"><\/div>\n\n\n\n<blockquote class=\"wp-block-quote is-layout-flow wp-block-quote-is-layout-flow\">\n<p>Tierra Malbec&nbsp;es m\u00e1s que un documental, es un viaje emocional que despierta la curiosidad y el deseo de aprender m\u00e1s sobre la herencia vitivin\u00edcola que se proyecta desde Mendoza a todo el mundo, invit\u00e1ndonos a seguir brindando\u201d<\/p>\n<cite>Marcelo Ortega, productor ejecutivo del proyecto Tierra Malbec.<\/cite><\/blockquote>\n\n\n\n<div style=\"height:15px\" aria-hidden=\"true\" class=\"wp-block-spacer\"><\/div>\n\n\n\n<p><em>\u201cNuestra motivaci\u00f3n para hacer este proyecto surge de una profunda pasi\u00f3n y gran cari\u00f1o por esta tierra, su riqueza, su historia, su diversidad, su gente y obviamente su vino: el veh\u00edculo que permite explorar la conexi\u00f3n \u00edntima entre la historia, la tierra y las personas que han dado forma a esta provincia\u201d,<\/em> resalt\u00f3 Ortega.<\/p>\n\n\n\n<p>En este sentido, el productor ejecutivo agreg\u00f3: <em>\u201cEste contenido en particular forma parte de un ambicioso proyecto audiovisual que pretende escalar en un largometraje destinado a pantallas y plataformas internacionales\u201d.<\/em><\/p>\n\n\n\n<p>Consultado Ortega sobre los beneficios que trae al sector el concurso, manifest\u00f3: <em>\u201cSin dudas, es un valioso aporte que se suma a financiamientos nacionales e internacionales que son necesarios para solventar los costos y garantizar as\u00ed la \u00f3ptima calidad art\u00edstica y tecnol\u00f3gica de este proyecto\u201d.<\/em><\/p>\n\n\n\n<div style=\"height:35px\" aria-hidden=\"true\" class=\"wp-block-spacer\"><\/div>\n\n\n\n<p class=\"has-medium-font-size\"><strong>Sobre&nbsp;Tierra Malbec<\/strong><\/p>\n\n\n\n<p>Tierra Malbec&nbsp;narra la historia del desarrollo de la cepa malbec en Mendoza, donde constituye la variedad emblem\u00e1tica, extensiva a toda Argentina. El relato va desde la herencia de los pueblos originarios, las revoluciones campesinas, la llegada de inmigrantes italianos y el papel fundamental de la mujer en esta actividad productiva, hasta su desarrollo en la actualidad.<\/p>\n\n\n\n<p>A trav\u00e9s de una narraci\u00f3n din\u00e1mica, los diversos protagonistas -periodistas, sommelieres, historiadores y emprendedores del vino- cuentan los secretos, la tradici\u00f3n y el potencial de esta cepa que se constituye en marca pa\u00eds.<\/p>\n\n\n\n<div style=\"height:35px\" aria-hidden=\"true\" class=\"wp-block-spacer\"><\/div>\n\n\n\n<p class=\"has-medium-font-size\"><strong>Sobre&nbsp;el Concurso Poda<\/strong><\/p>\n\n\n\n<p><strong>Poda&nbsp;<\/strong>busca estimular la realizaci\u00f3n audiovisual en la provincia y la creaci\u00f3n de trabajos audiovisuales que promuevan la actividad y la cultura ligadas a la vid y el vino. La convocatoria, a\u00f1o a a\u00f1o, establece que se trate de cortos que tengan al vino y a la vid, sus paisajes, su gente y su cultura como protagonistas. La propuesta contempl\u00f3 elegir un gui\u00f3n de corto documental, que recibi\u00f3 en esta ocasi\u00f3n un premio de $8.000.000 para su realizaci\u00f3n.<\/p>\n\n\n\n<p>El Gobierno de Mendoza llam\u00f3 en su momento al concurso provincial y convoc\u00f3 a postulantes -personas f\u00edsicas o jur\u00eddicas- inscriptos en el Registro Audiovisual de la Provincia, para que presentaran proyectos que se enmarquen en alguna finalidad de promoci\u00f3n y desarrollo de la industria vitivin\u00edcola en el territorio de Mendoza, como un nuevo impulso a la actividad audiovisual.<\/p>\n\n\n\n<div style=\"height:30px\" aria-hidden=\"true\" class=\"wp-block-spacer\"><\/div>\n","protected":false},"excerpt":{"rendered":"<p>Con gui\u00f3n y direcci\u00f3n de Mercedes C\u00f3rdoba y producci\u00f3n ejecutiva de Marcelo Ortega y Valeria&hellip;<\/p>\n","protected":false},"author":3,"featured_media":135386,"comment_status":"open","ping_status":"open","sticky":false,"template":"","format":"standard","meta":{"footnotes":""},"categories":[14],"tags":[],"class_list":["post-135383","post","type-post","status-publish","format-standard","has-post-thumbnail","hentry","category-news"],"_links":{"self":[{"href":"https:\/\/enolife.com.ar\/es\/wp-json\/wp\/v2\/posts\/135383","targetHints":{"allow":["GET"]}}],"collection":[{"href":"https:\/\/enolife.com.ar\/es\/wp-json\/wp\/v2\/posts"}],"about":[{"href":"https:\/\/enolife.com.ar\/es\/wp-json\/wp\/v2\/types\/post"}],"author":[{"embeddable":true,"href":"https:\/\/enolife.com.ar\/es\/wp-json\/wp\/v2\/users\/3"}],"replies":[{"embeddable":true,"href":"https:\/\/enolife.com.ar\/es\/wp-json\/wp\/v2\/comments?post=135383"}],"version-history":[{"count":0,"href":"https:\/\/enolife.com.ar\/es\/wp-json\/wp\/v2\/posts\/135383\/revisions"}],"wp:featuredmedia":[{"embeddable":true,"href":"https:\/\/enolife.com.ar\/es\/wp-json\/wp\/v2\/media\/135386"}],"wp:attachment":[{"href":"https:\/\/enolife.com.ar\/es\/wp-json\/wp\/v2\/media?parent=135383"}],"wp:term":[{"taxonomy":"category","embeddable":true,"href":"https:\/\/enolife.com.ar\/es\/wp-json\/wp\/v2\/categories?post=135383"},{"taxonomy":"post_tag","embeddable":true,"href":"https:\/\/enolife.com.ar\/es\/wp-json\/wp\/v2\/tags?post=135383"}],"curies":[{"name":"wp","href":"https:\/\/api.w.org\/{rel}","templated":true}]}}