{"id":135239,"date":"2025-01-13T21:04:41","date_gmt":"2025-01-13T21:04:41","guid":{"rendered":"https:\/\/enolife.com.ar\/es\/?p=135239"},"modified":"2025-01-14T16:22:16","modified_gmt":"2025-01-14T16:22:16","slug":"productores-del-oasis-sur-damnificados-por-las-tormentas-piden-apoyo-al-gobierno-de-mendoza","status":"publish","type":"post","link":"https:\/\/enolife.com.ar\/es\/productores-del-oasis-sur-damnificados-por-las-tormentas-piden-apoyo-al-gobierno-de-mendoza\/","title":{"rendered":"Productores del Oasis Sur damnificados por las tormentas, piden apoyo al gobierno de Mendoza"},"content":{"rendered":"\n<h4 class=\"wp-block-heading\"><em><strong>Por los da\u00f1os causados por las tormentas en el Sur de la provincia, productores de la Asociaci\u00f3n del Oasis Sur, de la localidad de Real del Padre, se reunieron con el ministro de Producci\u00f3n de Mendoza, Rodolfo Vargas Arizu. Durante el encuentro, las partes acordaron avanzar r\u00e1pidamente en un relevamiento que permita determinar lo antes posible el nivel de da\u00f1o ocasionado por las tormentas. A su vez, destacaron la importancia de poner a disposici\u00f3n una l\u00ednea de financiamiento blanda que permita a los productores contar con los fondos necesarios para hacer frente a los da\u00f1os en sus cultivos.<\/strong><\/em><\/h4>\n\n\n\n<div style=\"height:35px\" aria-hidden=\"true\" class=\"wp-block-spacer\"><\/div>\n\n\n<a href=\"https:\/\/www.linkedin.com\/company\/agrinet-sa\/?originalSubdomain=ar\" aria-label=\"1700X500\"><img loading=\"lazy\" decoding=\"async\" src=\"https:\/\/enolife.com.ar\/es\/wp-content\/uploads\/2021\/11\/1700X500.gif\" alt=\"\"  width=\"1700\" height=\"500\"   \/><\/a>\n\n\n<div style=\"height:45px\" aria-hidden=\"true\" class=\"wp-block-spacer\"><\/div>\n\n\n\n<p>Las recientes contingencias clim\u00e1ticas registradas en el sur de Mendoza provocaron da\u00f1os significativos en zonas cultivadas. Un ejemplo de ello es la localidad de Real del Padre, donde una tormenta granicera diezm\u00f3 gran parte de la producci\u00f3n de la regi\u00f3n. Ante esta situaci\u00f3n, la Asociaci\u00f3n de Productores Oasis Sur (POS) de esa localidad solicit\u00f3 al ministro de producci\u00f3n de la provincia de Mendoza, Rodolfo Vargas Arizu, avanzar en una evaluaci\u00f3n de da\u00f1os para determinar el impacto en los cultivos, acceso a una l\u00ednea de financiamiento especialmente adaptada a las necesidades de los damnificados y trabajar en conjunto en una campa\u00f1a que permita reducir el impacto negativo generado, principalmente, en las econom\u00edas familiares de los afectados.<\/p>\n\n\n\n<p>En este sentido, el ministro Vargas Arizu, acompa\u00f1ado por el subsecretario de Agricultura y Ganader\u00eda y el director de Contingencias Clim\u00e1ticas, Julio Eluani, destac\u00f3 que se pondr\u00e1n a disposici\u00f3n todas las herramientas disponibles desde el Ejecutivo provincial para acompa\u00f1ar a los productores en este dif\u00edcil momento. Adem\u00e1s, resalt\u00f3 la importancia de contar con un renovado Fondo Compensador Agr\u00edcola.<\/p>\n\n\n\n<div style=\"height:30px\" aria-hidden=\"true\" class=\"wp-block-spacer\"><\/div>\n\n\n<div class=\"wp-block-image\">\n<figure class=\"aligncenter size-full\"><a href=\"https:\/\/enolife.com.ar\/es\/wp-content\/uploads\/2025\/01\/WhatsApp-Image-2025-01-13-at-17.08.26-1-700x323-1.jpeg\" data-rel=\"penci-gallery-image-content\" ><img loading=\"lazy\" decoding=\"async\" width=\"700\" height=\"323\" src=\"https:\/\/enolife.com.ar\/es\/wp-content\/uploads\/2025\/01\/WhatsApp-Image-2025-01-13-at-17.08.26-1-700x323-1.jpeg\" alt=\"\" class=\"wp-image-135244\" srcset=\"https:\/\/enolife.com.ar\/es\/wp-content\/uploads\/2025\/01\/WhatsApp-Image-2025-01-13-at-17.08.26-1-700x323-1.jpeg 700w, https:\/\/enolife.com.ar\/es\/wp-content\/uploads\/2025\/01\/WhatsApp-Image-2025-01-13-at-17.08.26-1-700x323-1-300x138.jpeg 300w, https:\/\/enolife.com.ar\/es\/wp-content\/uploads\/2025\/01\/WhatsApp-Image-2025-01-13-at-17.08.26-1-700x323-1-585x270.jpeg 585w\" sizes=\"auto, (max-width: 700px) 100vw, 700px\" \/><\/a><\/figure><\/div>\n\n\n<div style=\"height:30px\" aria-hidden=\"true\" class=\"wp-block-spacer\"><\/div>\n\n\n\n<p>Tras el encuentro, <strong>An\u00edbal Gonz\u00e1lez Luna, presidente de la Asociaci\u00f3n Productores Oasis Sur (POS) de Real del Padre<\/strong>, coment\u00f3: <em>\u201cNosotros le acercamos una propuesta concreta que tiene que ver con una l\u00ednea de acceso a financiamiento que permita paliar la dif\u00edcil situaci\u00f3n de los productores afectados por las contingencias\u201d.<\/em><\/p>\n\n\n\n<p>Gonz\u00e1lez Luna detall\u00f3: <em>\u201cSolicitamos que el cr\u00e9dito sea de acceso r\u00e1pido, con dos a\u00f1os de gracia y tres a\u00f1os para la devoluci\u00f3n, y a tasa subsidiada. Tambi\u00e9n aprovechamos para reunirnos con referentes de la oficina de empleo para trabajar en acciones a mediano plazo\u201d.<\/em><\/p>\n\n\n\n<p>Actualmente, POS representa a un total de 114 productores agr\u00edcolas de las localidades de Jaime Prats, Real del Padre, Colonia L\u00f3pez, General Alvear, Atuel Norte, Bombal y Tabanera. Los productores nucleados abarcan, aproximadamente, mil hect\u00e1reas.<\/p>\n\n\n\n<p>Un dato relevante es que, en diciembre, el Gobierno provincial, a trav\u00e9s del Fondo Compensador Agr\u00edcola, adelant\u00f3 pagos por $248 millones a 43 productores que registraron da\u00f1os superiores al 90% en sus cultivos.<\/p>\n\n\n\n<p>Mientras tanto, otros 100 productores recibir\u00e1n sus pagos en lo que resta de este mes, una vez que completen la documentaci\u00f3n requerida. De este total, 67 son productores oriundos de San Rafael, mientras que 25 son de General Alvear. El resto corresponde a productores de Santa Rosa, Lavalle y Tunuy\u00e1n.<\/p>\n\n\n\n<p>En total, este segundo pago representar\u00e1 una erogaci\u00f3n de $372.827.325 por parte del Gobierno provincial.<\/p>\n\n\n\n<div style=\"height:20px\" aria-hidden=\"true\" class=\"wp-block-spacer\"><\/div>\n\n\n\n<p class=\"has-background\" style=\"background-color:#abb7c22b\"><strong>Denuncias para productores afectados por granizo: <\/strong>Seg\u00fan lo determinado por la Ley de Emergencia Agropecuaria, el d\u00eda h\u00e1bil siguiente al evento de granizo se pueden realizar las denuncias durante 10 d\u00edas h\u00e1biles en el sitio<strong>&nbsp;<a href=\"http:\/\/www.mendoza.gov.ar\/contingencias\">www.mendoza.gov.ar\/contingencias<\/a>.<\/strong><\/p>\n\n\n\n<div style=\"height:30px\" aria-hidden=\"true\" class=\"wp-block-spacer\"><\/div>\n","protected":false},"excerpt":{"rendered":"<p>Por los da\u00f1os causados por las tormentas en el Sur de la provincia, productores de&hellip;<\/p>\n","protected":false},"author":3,"featured_media":135252,"comment_status":"open","ping_status":"open","sticky":false,"template":"","format":"standard","meta":{"footnotes":""},"categories":[14],"tags":[],"class_list":["post-135239","post","type-post","status-publish","format-standard","has-post-thumbnail","hentry","category-news"],"_links":{"self":[{"href":"https:\/\/enolife.com.ar\/es\/wp-json\/wp\/v2\/posts\/135239","targetHints":{"allow":["GET"]}}],"collection":[{"href":"https:\/\/enolife.com.ar\/es\/wp-json\/wp\/v2\/posts"}],"about":[{"href":"https:\/\/enolife.com.ar\/es\/wp-json\/wp\/v2\/types\/post"}],"author":[{"embeddable":true,"href":"https:\/\/enolife.com.ar\/es\/wp-json\/wp\/v2\/users\/3"}],"replies":[{"embeddable":true,"href":"https:\/\/enolife.com.ar\/es\/wp-json\/wp\/v2\/comments?post=135239"}],"version-history":[{"count":0,"href":"https:\/\/enolife.com.ar\/es\/wp-json\/wp\/v2\/posts\/135239\/revisions"}],"wp:featuredmedia":[{"embeddable":true,"href":"https:\/\/enolife.com.ar\/es\/wp-json\/wp\/v2\/media\/135252"}],"wp:attachment":[{"href":"https:\/\/enolife.com.ar\/es\/wp-json\/wp\/v2\/media?parent=135239"}],"wp:term":[{"taxonomy":"category","embeddable":true,"href":"https:\/\/enolife.com.ar\/es\/wp-json\/wp\/v2\/categories?post=135239"},{"taxonomy":"post_tag","embeddable":true,"href":"https:\/\/enolife.com.ar\/es\/wp-json\/wp\/v2\/tags?post=135239"}],"curies":[{"name":"wp","href":"https:\/\/api.w.org\/{rel}","templated":true}]}}