{"id":135009,"date":"2025-01-11T14:42:02","date_gmt":"2025-01-11T14:42:02","guid":{"rendered":"https:\/\/enolife.com.ar\/es\/?p=135009"},"modified":"2025-01-12T13:29:12","modified_gmt":"2025-01-12T13:29:12","slug":"mendoza-ofrece-creditos-a-productores-afectados-por-contingencias-climaticas-a-tasas-desde-114","status":"publish","type":"post","link":"https:\/\/enolife.com.ar\/es\/mendoza-ofrece-creditos-a-productores-afectados-por-contingencias-climaticas-a-tasas-desde-114\/","title":{"rendered":"Mendoza ofrece cr\u00e9ditos a productores afectados por contingencias clim\u00e1ticas, a tasas desde 11,4%"},"content":{"rendered":"\n<h4 class=\"wp-block-heading\"><strong><em>Con el objetivo de financiar labores culturales a tasa subsidiada, el Gobierno de Mendoza, a trav\u00e9s del Fondo para la Transformaci\u00f3n y el Crecimiento (FTyC), cuenta con una l\u00ednea de financiamiento especialmente adaptada a las necesidades de productores que hayan visto afectados sus cultivos por contingencias clim\u00e1ticas. La tasa de inter\u00e9s, que var\u00eda seg\u00fan la categor\u00eda del solicitante, va del 11,4% al 38% y el plazo es de hasta 21 meses con un a\u00f1o de gracia. <\/em><\/strong><\/h4>\n\n\n\n<div style=\"height:35px\" aria-hidden=\"true\" class=\"wp-block-spacer\"><\/div>\n\n\n<a href=\"https:\/\/www.linkedin.com\/company\/agrinet-sa\/?originalSubdomain=ar\" aria-label=\"1700X500\"><img loading=\"lazy\" decoding=\"async\" src=\"https:\/\/enolife.com.ar\/es\/wp-content\/uploads\/2021\/11\/1700X500.gif\" alt=\"\"  width=\"1700\" height=\"500\"   \/><\/a>\n\n\n<div style=\"height:45px\" aria-hidden=\"true\" class=\"wp-block-spacer\"><\/div>\n\n\n\n<p>Tras los \u00faltimos eventos clim\u00e1ticos, que perjudicaron a productores oriundos del Sur y Este mendocino, desde el Ministerio de Producci\u00f3n de la provincia de Mendoza recuerdan que est\u00e1 disponible la l\u00ednea de cr\u00e9dito que busca financiar labores culturales a tasa subsidiada.<\/p>\n\n\n\n<p>En cuanto al destino de los fondos, desde la cartera de Producci\u00f3n detallaron: <em>\u201cSe pueden destinar a capital de trabajo vinculados al cultivo afectado como jornales, aplicaciones, fertilizaci\u00f3n, poda, control de plagas, control de enfermedades y de maleza. Es una l\u00ednea adaptada&nbsp;a las distintas necesidades de nuestros productores\u201d<\/em>.<\/p>\n\n\n\n<p>Sobre este \u00faltimo punto, vale destacar que quienes deseen acceder al cr\u00e9dito podr\u00e1n hacerlo a una tasa que ser\u00e1 creciente en funci\u00f3n de la cantidad total de hect\u00e1reas que explote el productor en la provincia de Mendoza (computando las afectadas y las no afectadas), informaci\u00f3n que se obtendr\u00e1 del sistema SIA-RUT de la Direcci\u00f3n de Contingencias Clim\u00e1ticas.<\/p>\n\n\n\n<p>En este marco, las tasas vigentes son las siguientes:<\/p>\n\n\n\n<ul class=\"wp-block-list\">\n<li>Para productores que exploten hasta 15 hect\u00e1reas, la tasa de inter\u00e9s hoy es de 11,4%.<\/li>\n\n\n\n<li>Para productores que exploten m\u00e1s de 15 hect\u00e1reas y hasta 30, la tasa asciende hoy a 19%.<\/li>\n\n\n\n<li>Para productores que exploten m\u00e1s de 30 hect\u00e1reas y hasta 50, la tasa asciende hoy a 28,5%.<\/li>\n\n\n\n<li>Para productores que exploten m\u00e1s de 50 hect\u00e1reas, la tasa asciende hoy a 38%.<\/li>\n<\/ul>\n\n\n\n<p>Un dato importantes tiene que ver con los plazos de devoluci\u00f3n de los cr\u00e9ditos. Seg\u00fan se puede consultar a trav\u00e9s del portal del FTyC, los cr\u00e9ditos que se otorguen se pueden devolver en hasta 21 meses, con un a\u00f1o de gracia.<em> \u201cLos intereses que corresponda pagar durante el per\u00edodo de gracia se abonar\u00e1n junto con la primera cuota de capital del cr\u00e9dito\u201d<\/em>, detalla el portal.<\/p>\n\n\n\n<p>En cuanto a las garant\u00edas, la l\u00ednea de financiamiento contempla la presentaci\u00f3n de un garante propietario o con bono de sueldo para acceder a un cr\u00e9dito que no supere los $5.000.000. Ahora bien, si el monto solicitado supera esta \u00faltima cifra, el solicitante podr\u00e1 presentar como garant\u00eda una hipoteca, una prenda o bien el aval de una Sociedad de Garant\u00eda Rec\u00edproca (SGR).<\/p>\n\n\n\n<div style=\"height:35px\" aria-hidden=\"true\" class=\"wp-block-spacer\"><\/div>\n\n\n\n<p class=\"has-medium-font-size\"><strong>Documentaci\u00f3n necesaria<\/strong><\/p>\n\n\n\n<p><strong>Si la solicitud proviene de una persona humana, la documentaci\u00f3n a presentar ser\u00e1: <\/strong><\/p>\n\n\n\n<ul class=\"wp-block-list\">\n<li>Solicitud de cr\u00e9dito<\/li>\n\n\n\n<li>Documento de identidad<\/li>\n\n\n\n<li>Certificado de da\u00f1os vigente, que acredite desastre o emergencia<\/li>\n\n\n\n<li>Certificado Mipyme (no aplica para&nbsp;<em>Start Up<\/em>)&nbsp;<\/li>\n\n\n\n<li>Constancia de CBU. <\/li>\n\n\n\n<li>Manifestaci\u00f3n de bienes y Estado de resultados.<\/li>\n<\/ul>\n\n\n\n<p><strong>En cuanto al emprendimiento, el solicitante deber\u00e1 presentar:<\/strong><\/p>\n\n\n\n<ul class=\"wp-block-list\">\n<li>Informaci\u00f3n sobre cultivos, sus caracter\u00edsticas y mejoras en el o los inmuebles afectados.<\/li>\n\n\n\n<li>Croquis con detalle de parcelas y cultivos.<\/li>\n<\/ul>\n\n\n\n<p><strong>En caso que la figura del solicitante sea Persona Jur\u00eddica deber\u00e1 presentar:<\/strong><\/p>\n\n\n\n<ul class=\"wp-block-list\">\n<li>Solicitud de Cr\u00e9dito<\/li>\n\n\n\n<li>Certificado Mipyme (no aplica para&nbsp;<em>Start Up<\/em>) <\/li>\n\n\n\n<li>Certificado de da\u00f1os vigente, que acredite desastre o emergencia&nbsp;<\/li>\n\n\n\n<li>Constancia de CBU. <\/li>\n\n\n\n<li>N\u00famero de expediente digital con documentaci\u00f3n societaria, iniciado en la Direcci\u00f3n de Personas Jur\u00eddicas (DPJ) <\/li>\n\n\n\n<li>Documento de identidad de cada uno de los miembros del directorio u \u00f3rgano similar&nbsp;<\/li>\n\n\n\n<li>Estados contables de los dos \u00faltimos ejercicios y actas de aprobaci\u00f3n<\/li>\n<\/ul>\n\n\n\n<p><strong>En cuanto al emprendimiento, el solicitante deber\u00e1 presentar:<\/strong><\/p>\n\n\n\n<ul class=\"wp-block-list\">\n<li>Informaci\u00f3n sobre cultivos, sus caracter\u00edsticas y mejoras en el o los inmuebles afectados. <\/li>\n\n\n\n<li>Croquis con detalle de parcelas y cultivos.<\/li>\n<\/ul>\n\n\n\n<div style=\"height:10px\" aria-hidden=\"true\" class=\"wp-block-spacer\"><\/div>\n\n\n\n<p class=\"has-background\" style=\"background-color:#abb7c24a\"><strong>Informes<\/strong>: Para m\u00e1s informaci\u00f3n, visitar el&nbsp;<a href=\"https:\/\/www.ftyc.gob.ar\/capital-de-trabajo-para-contingencias-climaticas\/\"><strong>sitio del FTYC<\/strong><\/a>, donde adem\u00e1s se puede recibir<strong>&nbsp;<a rel=\"noreferrer noopener\" href=\"https:\/\/api.whatsapp.com\/send\/?phone=5492612050154&amp;text=Hola+FTyC%2C+necesito+hacer+una+consulta%21&amp;app_absent=0\" target=\"_blank\">asesoramiento v\u00eda WhatsApp<\/a>&nbsp;<\/strong>al 261 2050154. Sede central del&nbsp;<a rel=\"noreferrer noopener\" href=\"https:\/\/www.ftyc.gob.ar\/\" target=\"_blank\"><strong>FTyC<\/strong><\/a> en Montevideo 456, 2\u00ba piso, Ciudad de Mendoza, o bien a sus delegaciones del interior. El horario de atenci\u00f3n al p\u00fablico es de 8.30 a 13.30.<\/p>\n\n\n\n<div style=\"height:30px\" aria-hidden=\"true\" class=\"wp-block-spacer\"><\/div>\n","protected":false},"excerpt":{"rendered":"<p>Con el objetivo de financiar labores culturales a tasa subsidiada, el Gobierno de Mendoza, a&hellip;<\/p>\n","protected":false},"author":3,"featured_media":135013,"comment_status":"open","ping_status":"open","sticky":false,"template":"","format":"standard","meta":{"footnotes":""},"categories":[14],"tags":[],"class_list":["post-135009","post","type-post","status-publish","format-standard","has-post-thumbnail","hentry","category-news"],"_links":{"self":[{"href":"https:\/\/enolife.com.ar\/es\/wp-json\/wp\/v2\/posts\/135009","targetHints":{"allow":["GET"]}}],"collection":[{"href":"https:\/\/enolife.com.ar\/es\/wp-json\/wp\/v2\/posts"}],"about":[{"href":"https:\/\/enolife.com.ar\/es\/wp-json\/wp\/v2\/types\/post"}],"author":[{"embeddable":true,"href":"https:\/\/enolife.com.ar\/es\/wp-json\/wp\/v2\/users\/3"}],"replies":[{"embeddable":true,"href":"https:\/\/enolife.com.ar\/es\/wp-json\/wp\/v2\/comments?post=135009"}],"version-history":[{"count":0,"href":"https:\/\/enolife.com.ar\/es\/wp-json\/wp\/v2\/posts\/135009\/revisions"}],"wp:featuredmedia":[{"embeddable":true,"href":"https:\/\/enolife.com.ar\/es\/wp-json\/wp\/v2\/media\/135013"}],"wp:attachment":[{"href":"https:\/\/enolife.com.ar\/es\/wp-json\/wp\/v2\/media?parent=135009"}],"wp:term":[{"taxonomy":"category","embeddable":true,"href":"https:\/\/enolife.com.ar\/es\/wp-json\/wp\/v2\/categories?post=135009"},{"taxonomy":"post_tag","embeddable":true,"href":"https:\/\/enolife.com.ar\/es\/wp-json\/wp\/v2\/tags?post=135009"}],"curies":[{"name":"wp","href":"https:\/\/api.w.org\/{rel}","templated":true}]}}