{"id":134807,"date":"2025-01-09T15:24:10","date_gmt":"2025-01-09T15:24:10","guid":{"rendered":"https:\/\/enolife.com.ar\/es\/?p=134807"},"modified":"2025-01-10T16:03:05","modified_gmt":"2025-01-10T16:03:05","slug":"quienes-son-las-3-reinas-de-la-vendimia-electas-y-como-seran-las-15-fiestas-que-faltan-en-mendoza","status":"publish","type":"post","link":"https:\/\/enolife.com.ar\/es\/quienes-son-las-3-reinas-de-la-vendimia-electas-y-como-seran-las-15-fiestas-que-faltan-en-mendoza\/","title":{"rendered":"Qui\u00e9nes son las 3 reinas de la vendimia electas y c\u00f3mo ser\u00e1n las 15 fiestas que faltan en Mendoza"},"content":{"rendered":"\n<h4 class=\"wp-block-heading\"><em><strong>Como es tradici\u00f3n, desde el mes de diciembre y hasta febrero, cada uno de los 18 departamentos mendocinos honra la tradici\u00f3n de la cosecha de uva con festivales que combinan arte, cultura y homenaje a la vitivinicultura. Ya hay 3 departamentos que tuvieron su fiesta y eligieron a las soberanas que los representar\u00e1n en la Fiesta Nacional de la Vendimia 2025, Guaymall\u00e9n, Luj\u00e1n de Cuyo y Malarg\u00fce, quedan otros 15 que se est\u00e1n preparando para el gran d\u00eda. En esta nota descubr\u00ed el calendario completo y las Reinas que ya est\u00e1n en carrera.<\/strong><\/em><\/h4>\n\n\n\n<div style=\"height:35px\" aria-hidden=\"true\" class=\"wp-block-spacer\"><\/div>\n\n\n<a href=\"https:\/\/grupoaltasur.com\/\" aria-label=\"1700-500px\"><img loading=\"lazy\" decoding=\"async\" src=\"https:\/\/enolife.com.ar\/es\/wp-content\/uploads\/2021\/01\/1700-500px.jpg\" alt=\"\"  srcset=\"https:\/\/enolife.com.ar\/es\/wp-content\/uploads\/2021\/01\/1700-500px.jpg 1700w, https:\/\/enolife.com.ar\/es\/wp-content\/uploads\/2021\/01\/1700-500px-300x88.jpg 300w, https:\/\/enolife.com.ar\/es\/wp-content\/uploads\/2021\/01\/1700-500px-1024x301.jpg 1024w, https:\/\/enolife.com.ar\/es\/wp-content\/uploads\/2021\/01\/1700-500px-768x226.jpg 768w, https:\/\/enolife.com.ar\/es\/wp-content\/uploads\/2021\/01\/1700-500px-1536x452.jpg 1536w, https:\/\/enolife.com.ar\/es\/wp-content\/uploads\/2021\/01\/1700-500px-1170x344.jpg 1170w, https:\/\/enolife.com.ar\/es\/wp-content\/uploads\/2021\/01\/1700-500px-585x172.jpg 585w\" sizes=\"auto, (max-width: 1700px) 100vw, 1700px\" width=\"1700\" height=\"500\"   \/><\/a>\n\n\n<div style=\"height:45px\" aria-hidden=\"true\" class=\"wp-block-spacer\"><\/div>\n\n\n\n<p>A continuaci\u00f3n, la grilla completa de las festividades departamentales, camino a la fiesta culmine, el Acto Central de la Fiesta Nacional de la Vendimia, denominado en 2025&nbsp;<em>Guardiana del vino eterno.<\/em><\/p>\n\n\n\n<div style=\"height:30px\" aria-hidden=\"true\" class=\"wp-block-spacer\"><\/div>\n\n\n\n<p class=\"has-background\" style=\"background-color:#abb7c242\"><strong>Guaymall\u00e9n &nbsp;\u00abViaje al coraz\u00f3n de Guaymall\u00e9n<em>\u00bb&nbsp;<\/em>| 13 de diciembre<\/strong><\/p>\n\n\n\n<p>El 13 de diciembre, aproximadamente 150 artistas, incluidos bailarines, actores, acr\u00f3batas y m\u00fasicos, participaron en la fiesta de la Vendimia de Guaymall\u00e9n, titulada<em>&nbsp;Viaje al coraz\u00f3n de Guaymall\u00e9n,&nbsp;<\/em>celebrada en el Predio de la Virgen.<\/p>\n\n\n\n<p>Cont\u00f3 con la participaci\u00f3n de grupos como el Ballet Municipal de Guaymall\u00e9n, la Orquesta Municipal de Guitarras Tito Francia y la Colectividad Boliviana, entre otros. La direcci\u00f3n estuvo a cargo de H\u00e9ctor Gomina y Virginia&nbsp;<em>Pili&nbsp;<\/em>Paes, con guion escrito por Alicia Casares y el apoyo de Noelia Chamorro y Carlos Fr\u00edas.<\/p>\n\n\n\n<p>La propuesta ofreci\u00f3 una innovadora puesta en escena, permitiendo a los asistentes conocer la historia y los puntos emblem\u00e1ticos del departamento a trav\u00e9s de un recorrido guiado por el&nbsp;<em>Bus Tour&nbsp;<\/em>municipal. Durante el trayecto, los participantes visitaron lugares como la zona fundacional, los cultivos agr\u00edcolas, la estaci\u00f3n de trenes, el barrio de la Media Luna, El Bermejo, las bodegas y la historia del espumante, entre otros. Las interacciones entre los personajes fueron cargadas de humor y las canciones fueron creadas especialmente para el evento.<\/p>\n\n\n\n<p><strong>Donatella Borrini, de San Jos\u00e9, fue coronada como reina <\/strong>departamental con el 21,89% de los votos.<\/p>\n\n\n\n<div style=\"height:30px\" aria-hidden=\"true\" class=\"wp-block-spacer\"><\/div>\n\n\n<div class=\"wp-block-image\">\n<figure class=\"aligncenter size-full is-resized\"><a href=\"https:\/\/enolife.com.ar\/es\/wp-content\/uploads\/2025\/01\/guaymallen-donatella.jpeg\" data-rel=\"penci-gallery-image-content\" ><img loading=\"lazy\" decoding=\"async\" src=\"https:\/\/enolife.com.ar\/es\/wp-content\/uploads\/2025\/01\/guaymallen-donatella.jpeg\" alt=\"\" class=\"wp-image-134811\" width=\"559\" height=\"314\" srcset=\"https:\/\/enolife.com.ar\/es\/wp-content\/uploads\/2025\/01\/guaymallen-donatella.jpeg 685w, https:\/\/enolife.com.ar\/es\/wp-content\/uploads\/2025\/01\/guaymallen-donatella-300x169.jpeg 300w, https:\/\/enolife.com.ar\/es\/wp-content\/uploads\/2025\/01\/guaymallen-donatella-585x329.jpeg 585w\" sizes=\"auto, (max-width: 559px) 100vw, 559px\" \/><\/a><figcaption class=\"wp-element-caption\"><em><strong>Donatella Borrini, al momento de su coronaci\u00f3n<\/strong><\/em><\/figcaption><\/figure><\/div>\n\n\n<div style=\"height:35px\" aria-hidden=\"true\" class=\"wp-block-spacer\"><\/div>\n\n\n\n<p class=\"has-background\" style=\"background-color:#abb7c242\"><strong>2.&nbsp;&nbsp;&nbsp;Luj\u00e1n de Cuyo&nbsp;\u00abVendimia de la evoluci\u00f3n y el progreso\u00bb&nbsp;| 14 de diciembre<\/strong><\/p>\n\n\n\n<p>La Vendimia departamental de Luj\u00e1n de Cuyo se celebr\u00f3 el 14 de diciembre en el Parque Ferri, ubicado en Azcu\u00e9naga y Chiclana. La entrada fue libre y gratuita. La direcci\u00f3n estuvo a cargo de Mart\u00edn Gim\u00e9nez.<\/p>\n\n\n\n<p>En esta edici\u00f3n, la fiesta se llam\u00f3&nbsp;<em>Vendimia de la evoluci\u00f3n y el progreso<\/em>&nbsp;y el evento central fue la elecci\u00f3n y coronaci\u00f3n de la nueva reina departamental de la Vendimia. La nueva soberana sucedi\u00f3 a Julieta Bosquet.<\/p>\n\n\n\n<p>El acto central cont\u00f3 con la presentaci\u00f3n del d\u00fao Baglietto-Vitale, quienes cerraron con el espect\u00e1culo&nbsp;<em>Ahora Rock<\/em>. La previa de la Vendimia departamental se celebr\u00f3 con La Huella, que ofreci\u00f3 lo mejor del folclore.<\/p>\n\n\n\n<p>La nueva Reina Departamental de&nbsp;Luj\u00e1n de Cuyo&nbsp;2025 es la representante de&nbsp;Mayor Drummond,&nbsp;<strong>Yael Valentina Palazzo Mosca<\/strong>.<\/p>\n\n\n\n<div style=\"height:30px\" aria-hidden=\"true\" class=\"wp-block-spacer\"><\/div>\n\n\n<div class=\"wp-block-image\">\n<figure class=\"aligncenter size-large is-resized\"><a href=\"https:\/\/enolife.com.ar\/es\/wp-content\/uploads\/2025\/01\/Yael-Palazzo-Reina-de-Lujan-de-Cuyo-2025-2.jpeg\" data-rel=\"penci-gallery-image-content\" ><img loading=\"lazy\" decoding=\"async\" src=\"https:\/\/enolife.com.ar\/es\/wp-content\/uploads\/2025\/01\/Yael-Palazzo-Reina-de-Lujan-de-Cuyo-2025-2-678x1024.jpeg\" alt=\"\" class=\"wp-image-134813\" width=\"304\" height=\"458\" srcset=\"https:\/\/enolife.com.ar\/es\/wp-content\/uploads\/2025\/01\/Yael-Palazzo-Reina-de-Lujan-de-Cuyo-2025-2-678x1024.jpeg 678w, https:\/\/enolife.com.ar\/es\/wp-content\/uploads\/2025\/01\/Yael-Palazzo-Reina-de-Lujan-de-Cuyo-2025-2-199x300.jpeg 199w, https:\/\/enolife.com.ar\/es\/wp-content\/uploads\/2025\/01\/Yael-Palazzo-Reina-de-Lujan-de-Cuyo-2025-2-768x1159.jpeg 768w, https:\/\/enolife.com.ar\/es\/wp-content\/uploads\/2025\/01\/Yael-Palazzo-Reina-de-Lujan-de-Cuyo-2025-2-585x883.jpeg 585w, https:\/\/enolife.com.ar\/es\/wp-content\/uploads\/2025\/01\/Yael-Palazzo-Reina-de-Lujan-de-Cuyo-2025-2.jpeg 848w\" sizes=\"auto, (max-width: 304px) 100vw, 304px\" \/><\/a><figcaption class=\"wp-element-caption\"><strong><em>Yael Valentina Palazzo Mosca<\/em><\/strong><\/figcaption><\/figure><\/div>\n\n\n<div style=\"height:35px\" aria-hidden=\"true\" class=\"wp-block-spacer\"><\/div>\n\n\n\n<p class=\"has-background\" style=\"background-color:#abb7c242\"><strong>3.&nbsp;&nbsp;&nbsp;Malarg\u00fce&nbsp;\u00abAmalgamas: hilando el presente, tejiendo el futuro\u00bb&nbsp;| 8 de enero<\/strong><\/p>\n\n\n\n<p>Bajo el t\u00edtulo&nbsp;<em>Amalgamas: hilando el presente, tejiendo el futuro,<\/em>&nbsp;la Vendimia departamental 2025 promete una noche cargada de emociones y simbolismo. Con la figura de una tejendera como eje central, el evento busca reflejar las historias, costumbres y valores que conforman la identidad malarg\u00fcina.<\/p>\n\n\n\n<p>El espect\u00e1culo se llevar\u00e1 a cabo este mi\u00e9rcoles 8, a las 22, en el marco de la Fiesta Nacional del Chivo.<\/p>\n\n\n\n<p>Constanza Ostrowsky ser\u00e1 la directora de la puesta en escena e invit\u00f3 a toda la comunidad a ser parte de esta celebraci\u00f3n \u00fanica, que une tradici\u00f3n y modernidad.&nbsp;En esta edici\u00f3n, la tejendera no solo ser\u00e1 protagonista sino tambi\u00e9n narradora. A trav\u00e9s de sus manos laboriosas y con relatos cautivadores, se entrelazar\u00e1n historias que van desde el legado cultural y las familias campesinas hasta el turismo y los hacedores culturales.<\/p>\n\n\n\n<p>\u201cCada persona, cada historia, cada parte de Malarg\u00fce es una hebra importante para lograr una uni\u00f3n final\u201d, expres\u00f3 Ostrowsky. El mensaje central de esta Vendimia es claro: todos somos parte de un gran tejido que fortalece y proyecta al departamento hacia el futuro.<\/p>\n\n\n\n<p><strong>Un libreto lleno de significado<\/strong>: El espect\u00e1culo, cuidadosamente dise\u00f1ado, presenta una narrativa que conecta el pasado, el presente y el futuro. A trav\u00e9s de im\u00e1genes y escenas conmovedoras, se traza un paralelismo entre la vida rural y el crecimiento urbano de Malarg\u00fce.<\/p>\n\n\n\n<p>El libreto destaca a la tejendera como el coraz\u00f3n del espect\u00e1culo, representando a una madre que, con amor y esfuerzo, une los elementos de la comunidad en un \u00fanico tapiz. En palabras del gui\u00f3n: \u201cEl progreso citadino y la fortaleza rural hacen las bases de un pueblo. Hijos que parten pero siempre regresan al abrigo de los brazos maternales y el consejo paterno\u201d.<\/p>\n\n\n\n<p>En Malarg\u00fce la elegida para Reina fue <strong>Ana Catalina Di Marco de Miguel del distrito Ciudad.<\/strong><\/p>\n\n\n\n<div style=\"height:30px\" aria-hidden=\"true\" class=\"wp-block-spacer\"><\/div>\n\n\n<div class=\"wp-block-image\">\n<figure class=\"aligncenter size-full is-resized\"><a href=\"https:\/\/enolife.com.ar\/es\/wp-content\/uploads\/2025\/01\/ana-catalina-di-marco-reina-de-la-vendimia-2025-696x522-1.webp\"><img loading=\"lazy\" decoding=\"async\" src=\"https:\/\/enolife.com.ar\/es\/wp-content\/uploads\/2025\/01\/ana-catalina-di-marco-reina-de-la-vendimia-2025-696x522-1.webp\" alt=\"\" class=\"wp-image-134816\" width=\"521\" height=\"391\" srcset=\"https:\/\/enolife.com.ar\/es\/wp-content\/uploads\/2025\/01\/ana-catalina-di-marco-reina-de-la-vendimia-2025-696x522-1.webp 696w, https:\/\/enolife.com.ar\/es\/wp-content\/uploads\/2025\/01\/ana-catalina-di-marco-reina-de-la-vendimia-2025-696x522-1-300x225.webp 300w, https:\/\/enolife.com.ar\/es\/wp-content\/uploads\/2025\/01\/ana-catalina-di-marco-reina-de-la-vendimia-2025-696x522-1-585x439.webp 585w\" sizes=\"auto, (max-width: 521px) 100vw, 521px\" \/><\/a><figcaption class=\"wp-element-caption\"><em> <strong>Ana Catalina Di Marco<\/strong><\/em><\/figcaption><\/figure><\/div>\n\n\n<div style=\"height:35px\" aria-hidden=\"true\" class=\"wp-block-spacer\"><\/div>\n\n\n\n<p class=\"has-background\" style=\"background-color:#abb7c242\"><strong>4.&nbsp;&nbsp;&nbsp;La Paz&nbsp;\u00abVino de diamantes\u00bb&nbsp;| 9 de enero<\/strong><\/p>\n\n\n\n<p>La fiesta departamental de la Vendimia fue titulada&nbsp;<em>Vino de diamantes<\/em>&nbsp;y se celebrar\u00e1 el jueves 9, a las 22, en el Estadio Juan Domingo Per\u00f3n, ubicado en el ingreso este del departamento sobre la calle Control. El acto principal, escrito y dirigido por la profesora Cecilia Herrera, contar\u00e1 con la participaci\u00f3n de 150 artistas, incluyendo bailarines y actores, adem\u00e1s de una banda de 20 m\u00fasicos que interpretar\u00e1 toda la m\u00fasica en vivo. El equipo de core\u00f3grafos, actores, m\u00fasicos, vestuaristas y escen\u00f3grafos est\u00e1 compuesto exclusivamente por talento local.<\/p>\n\n\n\n<p>El espect\u00e1culo&nbsp;<em>Vino de diamantes&nbsp;<\/em>tiene como tema central el agua, un recurso esencial en las tierras \u00e1ridas de la regi\u00f3n. Este elemento, considerado un \u201cdiamante l\u00edquido\u201d, convierte la tierra en un oasis f\u00e9rtil que nutre las vides y da origen al vino. A trav\u00e9s de la interacci\u00f3n entre el trabajo humano y la naturaleza, el agua se combina con el fruto de la vid para crear un elixir brillante y puro, que simboliza la abundancia de la tierra y su gente.<\/p>\n\n\n\n<div style=\"height:35px\" aria-hidden=\"true\" class=\"wp-block-spacer\"><\/div>\n\n\n\n<p class=\"has-background\" style=\"background-color:#abb7c242\"><strong>5.&nbsp;&nbsp;&nbsp;Jun\u00edn&nbsp;\u00abEcos de Vendimias\u00bb&nbsp;| 18 de enero<\/strong><\/p>\n\n\n\n<p>El s\u00e1bado 18, Jun\u00edn celebrar\u00e1 su Vendimia departamental bajo el nombre de&nbsp;<em>Ecos de Vendimias,&nbsp;<\/em>una puesta que tendr\u00e1 lugar en el Parque Recreativo Due\u00f1o del Sol. Este espect\u00e1culo evocar\u00e1 las tradiciones y la historia vitivin\u00edcola del departamento, transmitiendo la esencia de las Vendimias pasadas y su conexi\u00f3n con el presente.<\/p>\n\n\n\n<p>Bajo la direcci\u00f3n de Pedro Marabini y Omar Escales, la celebraci\u00f3n combinar\u00e1 m\u00fasica, danza y una puesta en escena que resaltar\u00e1 la identidad y el legado cultural de Jun\u00edn, haciendo eco de las Vendimias que forjaron el car\u00e1cter de la regi\u00f3n. Una fiesta \u00fanica que honrar\u00e1 el pasado y el futuro de la viticultura mendocina.<\/p>\n\n\n\n<div style=\"height:35px\" aria-hidden=\"true\" class=\"wp-block-spacer\"><\/div>\n\n\n\n<p class=\"has-background\" style=\"background-color:#abb7c242\"><strong>6.&nbsp;&nbsp;&nbsp;Lavalle&nbsp;\u00abVendimia de un vino joven\u00bb&nbsp;| 18 de enero<\/strong><\/p>\n\n\n\n<p>El departamento ha nombrado a su fiesta departamental&nbsp;<em>Vendimia de un vino joven.&nbsp;<\/em>La direcci\u00f3n est\u00e1 a cargo de Franco Ag\u00fcero y se llevar\u00e1 a cabo el s\u00e1bado 18 de enero en el predio polideportivo. A las 21 comenzar\u00e1 la previa y, a las 22, se iniciar\u00e1 el espect\u00e1culo, que contar\u00e1 con m\u00e1s de 163 artistas en escena, entre ellos actores, bailarines de folclore y danza contempor\u00e1nea.<\/p>\n\n\n\n<p>Este a\u00f1o, Lavalle nos invita a adentrarnos en la magia de su celebraci\u00f3n&nbsp;<em>Vendimia de un vino joven.<\/em>&nbsp;A trav\u00e9s de la historia de dos j\u00f3venes emprendedores, se desvela la esencia de un pueblo que, con dedicaci\u00f3n y pasi\u00f3n, ha logrado destacar en el \u00e1mbito de la vitivinicultura.<\/p>\n\n\n\n<p>Desde los ecos de su historia hasta la energ\u00eda de su presente, Lavalle se presenta como una tierra de tradici\u00f3n, resiliencia y esperanza. Cada copa de su vino galardonado refleja el esfuerzo de su gente, la dulzura de su trabajo y el esp\u00edritu inquebrantable que define a cada lavallino y lavallina.&nbsp;<\/p>\n\n\n\n<p>Con danzas folcl\u00f3ricas, m\u00fasica envolvente y un poderoso mensaje sobre el valor de las nuevas generaciones, esta vendimia se convierte en un aut\u00e9ntico tributo a nuestra cultura.<\/p>\n\n\n\n<div style=\"height:30px\" aria-hidden=\"true\" class=\"wp-block-spacer\"><\/div>\n\n\n<div class=\"wp-block-image\">\n<figure class=\"aligncenter size-full is-resized\"><a href=\"https:\/\/enolife.com.ar\/es\/wp-content\/uploads\/2025\/01\/image-54.png\" data-rel=\"penci-gallery-image-content\" ><img loading=\"lazy\" decoding=\"async\" src=\"https:\/\/enolife.com.ar\/es\/wp-content\/uploads\/2025\/01\/image-54.png\" alt=\"\" class=\"wp-image-134829\" width=\"592\" height=\"394\" srcset=\"https:\/\/enolife.com.ar\/es\/wp-content\/uploads\/2025\/01\/image-54.png 1024w, https:\/\/enolife.com.ar\/es\/wp-content\/uploads\/2025\/01\/image-54-300x200.png 300w, https:\/\/enolife.com.ar\/es\/wp-content\/uploads\/2025\/01\/image-54-768x512.png 768w, https:\/\/enolife.com.ar\/es\/wp-content\/uploads\/2025\/01\/image-54-585x390.png 585w\" sizes=\"auto, (max-width: 592px) 100vw, 592px\" \/><\/a><\/figure><\/div>\n\n\n<div style=\"height:35px\" aria-hidden=\"true\" class=\"wp-block-spacer\"><\/div>\n\n\n\n<p class=\"has-background\" style=\"background-color:#abb7c242\"><strong>7.&nbsp;&nbsp;&nbsp;San Rafael&nbsp;\u00abEsencia\u00bb&nbsp;| 25 de enero<\/strong><\/p>\n\n\n\n<p>La fiesta departamental de la Vendimia, denominada&nbsp;<em>Esencia,&nbsp;<\/em>se realizar\u00e1 el s\u00e1bado 25 en el teatro griego Chacho Santa Cruz. La fiesta contar\u00e1 con la actuaci\u00f3n de m\u00e1s de 120 artistas, entre ellos bailarines de contempor\u00e1neo, folclore y actores de teatro.<\/p>\n\n\n\n<p>El equipo creador est\u00e1 encabezado por Jonathan G\u00f3mez en la direcci\u00f3n general y Marcelo Guajardo en la direcci\u00f3n art\u00edstica, mientras que la autora del libreto es Lilian Cladera.<\/p>\n\n\n\n<p>\u201cSer\u00e1 una fiesta que pone en valor la historia, la transformaci\u00f3n y el futuro de un pueblo que progresa. Se enaltece el trabajo del productor, la naturaleza, identidad y cultura como patrimonio de nuestro pueblo, sin olvidar la epopeya de los fundadores y pioneros\u201d, indican los creadores.<\/p>\n\n\n\n<p>\u201cContinuar transformando el presente para alcanzar un futuro venturoso para todos\u201d, es el mensaje que pretende sembrar&nbsp;<em>Esencia<\/em>.<\/p>\n\n\n\n<p>Durante el acto, en el escenario convivir\u00e1n la danza, el teatro, m\u00fasica en vivo, multimedia, luces, efectos especiales y mapping, que-unidos- plasmar\u00e1n momentos, tiempos, historias y paisajes que se fueron forjando en cada rinc\u00f3n de San Rafael.<\/p>\n\n\n\n<div style=\"height:35px\" aria-hidden=\"true\" class=\"wp-block-spacer\"><\/div>\n\n\n\n<p class=\"has-background\" style=\"background-color:#abb7c242\"><strong>8.&nbsp;&nbsp;&nbsp;San Mart\u00edn&nbsp;\u00abEl sue\u00f1o de un tomero\u00bb&nbsp;| 25 de enero<\/strong><\/p>\n\n\n\n<p>El s\u00e1bado 25, a las 21, se celebrar\u00e1 la Vendimia departamental de San Mart\u00edn, bajo el t\u00edtulo&nbsp;<em>El sue\u00f1o de un tomero,&nbsp;<\/em>en el emblem\u00e1tico teatro griego Municipal Juan Pablo II, ubicado en el Parque Pedro Pablo Agnesi.<\/p>\n\n\n\n<p>Dirigido por Hugo Y\u00e1\u00f1ez, este espect\u00e1culo art\u00edstico llevar\u00e1 a los espectadores a un viaje lleno de magia, cultura y tradici\u00f3n vitivin\u00edcola, narrando la historia y el trabajo de los tomeros, figuras esenciales en la viticultura de la regi\u00f3n. A trav\u00e9s de m\u00fasica, danza y puesta en escena, San Mart\u00edn rendir\u00e1 homenaje a la vida y el esfuerzo de quienes cultivan la tierra.<\/p>\n\n\n\n<p>Una celebraci\u00f3n imperdible que unir\u00e1 el arte y la viticultura en una noche llena de emoci\u00f3n y magia.<\/p>\n\n\n\n<div style=\"height:35px\" aria-hidden=\"true\" class=\"wp-block-spacer\"><\/div>\n\n\n\n<p class=\"has-background\" style=\"background-color:#abb7c242\"><strong>9.&nbsp;&nbsp;&nbsp;San Carlos&nbsp;\u00abPueblo que late y hace Vendimia\u00bb&nbsp;| 25 de enero<\/strong><\/p>\n\n\n\n<p>La Vendimia departamental de San Carlos se celebrar\u00e1 el s\u00e1bado 25 de enero a partir de las 21 en el Teatro Municipal Neyu Mapu. Bajo el t\u00edtulo&nbsp;<em>Pueblo que late y se hace Vendimia,&nbsp;<\/em>contar\u00e1 con la participaci\u00f3n de artistas locales, m\u00fasicos, cantantes, actores, actrices y bailarines del Valle de Uco. La direcci\u00f3n estar\u00e1 a cargo de Javier Arias y Nahuel Arse.&nbsp;<\/p>\n\n\n\n<p>San Carlos se presenta como un pueblo en constante movimiento, un coraz\u00f3n que palpita con fuerza. Su tierra, compuesta por hijuelas que act\u00faan como venas, transporta esperanza hacia diversos destinos que se entrelazan.&nbsp;<\/p>\n\n\n\n<p>Para vivir la Vendimia, se invita a conectar con las emociones m\u00e1s profundas, dejando aflorar sentimientos, recuerdos y proyecciones hacia un futuro digno y equitativo.&nbsp;<\/p>\n\n\n\n<p>San Carlos ha sido siempre un lugar lleno de vida, cuyas pulsaciones evolucionan para defender causas nobles, lamentar despedidas inesperadas y destacar la virtud del trabajo rural, as\u00ed como el progreso urbano.&nbsp;<\/p>\n\n\n\n<p>La celebraci\u00f3n, sin embargo, no estar\u00eda completa sin rendir homenaje al hombre de campo, a la mujer so\u00f1adora y al artista bohemio. Esta fiesta se convierte en un conjunto de latidos que transforman a San Carlos en una voz colectiva, proclamando que todos son piezas esenciales de un mismo coraz\u00f3n.<\/p>\n\n\n\n<div style=\"height:30px\" aria-hidden=\"true\" class=\"wp-block-spacer\"><\/div>\n\n\n<div class=\"wp-block-image\">\n<figure class=\"aligncenter size-full is-resized\"><a href=\"https:\/\/enolife.com.ar\/es\/wp-content\/uploads\/2025\/01\/image-53.png\" data-rel=\"penci-gallery-image-content\" ><img loading=\"lazy\" decoding=\"async\" src=\"https:\/\/enolife.com.ar\/es\/wp-content\/uploads\/2025\/01\/image-53.png\" alt=\"\" class=\"wp-image-134827\" width=\"524\" height=\"337\" srcset=\"https:\/\/enolife.com.ar\/es\/wp-content\/uploads\/2025\/01\/image-53.png 700w, https:\/\/enolife.com.ar\/es\/wp-content\/uploads\/2025\/01\/image-53-300x193.png 300w, https:\/\/enolife.com.ar\/es\/wp-content\/uploads\/2025\/01\/image-53-585x376.png 585w\" sizes=\"auto, (max-width: 524px) 100vw, 524px\" \/><\/a><\/figure><\/div>\n\n\n<div style=\"height:35px\" aria-hidden=\"true\" class=\"wp-block-spacer\"><\/div>\n\n\n\n<p class=\"has-background\" style=\"background-color:#abb7c242\"><strong>10.&nbsp;Rivadavia&nbsp;\u00abRivadavia te enamora\u00bb&nbsp;| 30 de enero<\/strong><\/p>\n\n\n\n<p>La fiesta de la Vendimia departamental llevar\u00e1 el nombre&nbsp;<em>Rivadavia te enamora<\/em>&nbsp;y se celebrar\u00e1 el jueves 30, en el Polideportivo Municipal, con acceso libre y gratuito. Este a\u00f1o, Florencia \u00c1lvarez estar\u00e1 a cargo de la direcci\u00f3n.<\/p>\n\n\n\n<p>La celebraci\u00f3n contar\u00e1 la historia de una finca y una familia tradicional, destacando las actividades clave de un a\u00f1o de trabajo. A trav\u00e9s de escenas que combinan poes\u00eda y danza, se resaltar\u00e1 el rol importante de las mujeres en la viticultura y en las labores diarias de las familias rivadavienses, quienes viven del trabajo de la tierra.<\/p>\n\n\n\n<p>Habr\u00e1 una espectacular puesta en escena con m\u00e1s de 100 artistas, m\u00fasicos en vivo y la participaci\u00f3n de bandas locales.<\/p>\n\n\n\n<div style=\"height:35px\" aria-hidden=\"true\" class=\"wp-block-spacer\"><\/div>\n\n\n\n<p class=\"has-background\" style=\"background-color:#abb7c242\"><strong>11.&nbsp;Tunuy\u00e1n&nbsp;\u00abVendimia de inspiraci\u00f3n\u00bb&nbsp;| 31 de enero<\/strong><\/p>\n\n\n\n<p>La&nbsp;<em>Vendimia de inspiraci\u00f3n<\/em>&nbsp;se llevar\u00e1 a cabo el viernes 31 en el Anfiteatro Municipal, bajo la direcci\u00f3n de Hugo Morales. Contar\u00e1 con la participaci\u00f3n de m\u00e1s de 220 artistas en escena y buscar\u00e1 destacar la conexi\u00f3n profunda entre los habitantes de Tunuy\u00e1n y su entorno natural. Elementos como la tierra, el agua y las vi\u00f1as son fundamentales para dar vida y significado a la comunidad.&nbsp;<\/p>\n\n\n\n<p>La celebraci\u00f3n tambi\u00e9n rinde homenaje a las tradiciones ancestrales, como el arte del tejido transmitido por las abuelas, la elaboraci\u00f3n del vino y las festividades de la Vendimia, que representan los pilares de la identidad cultural y social. Estas costumbres, heredadas de generaci\u00f3n en generaci\u00f3n, refuerzan los lazos comunitarios y enriquecen el sentido de pertenencia.&nbsp;<\/p>\n\n\n\n<p>Se pondr\u00e1 en valor el esfuerzo y la dedicaci\u00f3n de quienes, con su trabajo diario, contribuyen al desarrollo y progreso de la regi\u00f3n. La inspiraci\u00f3n, entendida como una fuerza transformadora, motiva a las personas a superar desaf\u00edos y alcanzar sus objetivos, encontrando en la belleza del paisaje, la historia local y el trabajo colectivo una fuente constante de impulso.<\/p>\n\n\n\n<p><em>Vendimia de inspiraci\u00f3n<\/em>&nbsp;resalta que Tunuy\u00e1n no es solo un lugar f\u00edsico sino un esp\u00edritu, una forma de vida y un motor de creatividad presente en cada uno de sus habitantes. La Vendimia se convierte as\u00ed en una celebraci\u00f3n de la identidad, la historia y la unidad comunitaria, transmitiendo un mensaje de arraigo, pertenencia y proyecci\u00f3n hacia el futuro.<\/p>\n\n\n\n<div style=\"height:30px\" aria-hidden=\"true\" class=\"wp-block-spacer\"><\/div>\n\n\n<div class=\"wp-block-image\">\n<figure class=\"aligncenter size-full is-resized\"><a href=\"https:\/\/enolife.com.ar\/es\/wp-content\/uploads\/2025\/01\/image-49.png\" data-rel=\"penci-gallery-image-content\" ><img loading=\"lazy\" decoding=\"async\" src=\"https:\/\/enolife.com.ar\/es\/wp-content\/uploads\/2025\/01\/image-49.png\" alt=\"\" class=\"wp-image-134819\" width=\"453\" height=\"340\" srcset=\"https:\/\/enolife.com.ar\/es\/wp-content\/uploads\/2025\/01\/image-49.png 400w, https:\/\/enolife.com.ar\/es\/wp-content\/uploads\/2025\/01\/image-49-300x225.png 300w\" sizes=\"auto, (max-width: 453px) 100vw, 453px\" \/><\/a><\/figure><\/div>\n\n\n<div style=\"height:35px\" aria-hidden=\"true\" class=\"wp-block-spacer\"><\/div>\n\n\n\n<p class=\"has-background\" style=\"background-color:#abb7c242\"><strong>12.&nbsp;Las Heras&nbsp;\u00abPinceladas del alma\u00bb&nbsp;| 31 de enero<\/strong><\/p>\n\n\n\n<p>El viernes 31, Las Heras se vestir\u00e1 de fiesta para presentar su Vendimia departamental bajo el nombre&nbsp;<em>Pinceladas del alma,<\/em>&nbsp;un espect\u00e1culo art\u00edstico que buscar\u00e1 capturar la esencia y la emoci\u00f3n de la tierra mendocina a trav\u00e9s de la pintura, la m\u00fasica y el folclore.<\/p>\n\n\n\n<p>Dirigida por Ver\u00f3nica Alsina, esta edici\u00f3n ofrecer\u00e1 un espect\u00e1culo lleno de color, creatividad y tradici\u00f3n, rindiendo homenaje a los vi\u00f1edos y a la identidad cultural de Las Heras.<\/p>\n\n\n\n<p>Una noche imperdible que celebrar\u00e1 la uni\u00f3n entre el arte y la vendimia en un evento lleno de magia y emoci\u00f3n.&nbsp;&nbsp;&nbsp;&nbsp;&nbsp;&nbsp;&nbsp;&nbsp;&nbsp;&nbsp;&nbsp;&nbsp;&nbsp;&nbsp;&nbsp;&nbsp;&nbsp;&nbsp;&nbsp;&nbsp;&nbsp;&nbsp;<\/p>\n\n\n\n<div style=\"height:35px\" aria-hidden=\"true\" class=\"wp-block-spacer\"><\/div>\n\n\n\n<p class=\"has-background\" style=\"background-color:#abb7c242\"><strong>13.&nbsp;General Alvear&nbsp;\u00abVendimia del infinito\u00bb&nbsp;| 31 de enero<\/strong><\/p>\n\n\n\n<p>General Alvear se prepara para la Vendimia 2025, titulada&nbsp;<em>Vendimia del infinito<\/em>, dirigida por Ariel Gonz\u00e1lez, ser\u00e1 una puesta que promete sorprender con su innovaci\u00f3n y esp\u00edritu festivo. Tendr\u00e1 lugar el viernes 31 en la plaza Carlos Mar\u00eda de Alvear.<\/p>\n\n\n\n<p>Seg\u00fan la directora de Cultura del departamento, Mar\u00eda Delia Achetoni, las inscripciones de artistas superaron las expectativas, lo que evidencia el gran talento local. Esta edici\u00f3n no solo celebrar\u00e1 la cosecha sino que tambi\u00e9n ser\u00e1 un escaparate del arte y la creatividad alvearense. Con la activa participaci\u00f3n de la comunidad y un enfoque en la innovaci\u00f3n, la fiesta promete dejar una huella en la historia vendimial de General Alvear.<\/p>\n\n\n\n<div style=\"height:30px\" aria-hidden=\"true\" class=\"wp-block-spacer\"><\/div>\n\n\n<div class=\"wp-block-image\">\n<figure class=\"aligncenter size-full is-resized\"><a href=\"https:\/\/enolife.com.ar\/es\/wp-content\/uploads\/2025\/01\/image-52.png\" data-rel=\"penci-gallery-image-content\" ><img loading=\"lazy\" decoding=\"async\" src=\"https:\/\/enolife.com.ar\/es\/wp-content\/uploads\/2025\/01\/image-52.png\" alt=\"\" class=\"wp-image-134825\" width=\"548\" height=\"365\" srcset=\"https:\/\/enolife.com.ar\/es\/wp-content\/uploads\/2025\/01\/image-52.png 960w, https:\/\/enolife.com.ar\/es\/wp-content\/uploads\/2025\/01\/image-52-300x200.png 300w, https:\/\/enolife.com.ar\/es\/wp-content\/uploads\/2025\/01\/image-52-768x511.png 768w, https:\/\/enolife.com.ar\/es\/wp-content\/uploads\/2025\/01\/image-52-585x389.png 585w\" sizes=\"auto, (max-width: 548px) 100vw, 548px\" \/><\/a><\/figure><\/div>\n\n\n<div style=\"height:35px\" aria-hidden=\"true\" class=\"wp-block-spacer\"><\/div>\n\n\n\n<p class=\"has-background\" style=\"background-color:#abb7c242\"><strong>14.&nbsp;Capital&nbsp;\u00abMaridaje m\u00e1gico\u00bb&nbsp;| 7 de febrero<\/strong><\/p>\n\n\n\n<p>La fiesta departamental de la vendimia 2025 en Ciudad de Mendoza llevar\u00e1 el nombre de&nbsp;<em>Maridaje m\u00e1gico<\/em>&nbsp;y se celebrar\u00e1 el viernes 7 de febrero en el Parque C\u00edvico. La direcci\u00f3n estar\u00e1 a cargo de Laura Fuertes. La noche comenzar\u00e1 con un brindis simb\u00f3lico que invitar\u00e1 al p\u00fablico a reflexionar sobre el vino y su relaci\u00f3n con la historia de la ciudad, con especial \u00e9nfasis en las variedades locales como malbec, bonarda, cabernet sauvignon, entre otras. M\u00e1s de 250 artistas locales estar\u00e1n a cargo de una puesta en escena que celebrar\u00e1 la identidad mendocina y su v\u00ednculo con el vino.<\/p>\n\n\n\n<p>El s\u00e1bado 8 de febrero, continuar\u00e1 con un show del reconocido cantante Abel Pintos, quien ser\u00e1 el encargado de poner el broche de oro a la festividad. La banda local Bye Bye abrir\u00e1 la velada.<\/p>\n\n\n\n<p>Este a\u00f1o, la Vendimia de la capital mendocina busca ofrecer una experiencia \u00fanica, fusionando arte, cultura y tradici\u00f3n.<\/p>\n\n\n\n<div style=\"height:35px\" aria-hidden=\"true\" class=\"wp-block-spacer\"><\/div>\n\n\n\n<p class=\"has-background\" style=\"background-color:#abb7c242\"><strong>15.&nbsp;Santa Rosa&nbsp;\u00abPostales de mi pueblo\u00bb |&nbsp;14 de febrero<\/strong><\/p>\n\n\n\n<p>Santa Rosa ha denominado&nbsp;<em>Postales de mi pueblo&nbsp;<\/em>a la edici\u00f3n 2025 de la Vendimia departamental. El espect\u00e1culo art\u00edstico contar\u00e1 con m\u00e1s de 100 artistas locales y for\u00e1neos y se llevar\u00e1 a cabo el viernes 14 de febrero en el predio Ventura Segura, ubicado en el distrito de La Dormida. La direcci\u00f3n est\u00e1 a cargo de Daiana Cano.<\/p>\n\n\n\n<div style=\"height:35px\" aria-hidden=\"true\" class=\"wp-block-spacer\"><\/div>\n\n\n\n<p class=\"has-background\" style=\"background-color:#abb7c242\"><strong>16.&nbsp;Tupungato&nbsp;\u00abBit\u00e1cora de un sue\u00f1o\u00bb |&nbsp;15 de febrero<\/strong><\/p>\n\n\n\n<p>Tupungato celebrar\u00e1 su vendimia con m\u00e1s de 100 artistas en escena. Dirigida por Alberto Gim\u00e9nez,&nbsp;<em>Bit\u00e1cora de un sue\u00f1o&nbsp;<\/em>tendr\u00e1 lugar el s\u00e1bado 15 de febrero en el Teatro Griego Municipal, calle La Costa s\/n, distrito El Peral.<\/p>\n\n\n\n<p><em>Bit\u00e1cora de un sue\u00f1o&nbsp;<\/em>narra la historia de dos primos que, mientras juegan en la bodega abandonada de su abuelo, descubren un secreto. Este hallazgo los llevar\u00e1 a un fascinante viaje en el tiempo, donde podr\u00e1n ver, a trav\u00e9s de los ojos de un inmigrante, la incre\u00edble odisea de llegar a un nuevo continente, adoptar esa tierra como propia y, finalmente, producir el mejor vino. Este relato combina lo real y lo fant\u00e1stico, invitando a los espectadores a reflexionar sobre la identidad, los sue\u00f1os, el futuro y la tradici\u00f3n familiar que perdura a lo largo del tiempo.<\/p>\n\n\n\n<div style=\"height:30px\" aria-hidden=\"true\" class=\"wp-block-spacer\"><\/div>\n\n\n<div class=\"wp-block-image\">\n<figure class=\"aligncenter size-large is-resized\"><a href=\"https:\/\/enolife.com.ar\/es\/wp-content\/uploads\/2025\/01\/image-51.png\" data-rel=\"penci-gallery-image-content\" ><img loading=\"lazy\" decoding=\"async\" src=\"https:\/\/enolife.com.ar\/es\/wp-content\/uploads\/2025\/01\/image-51-1024x576.png\" alt=\"\" class=\"wp-image-134823\" width=\"601\" height=\"338\" srcset=\"https:\/\/enolife.com.ar\/es\/wp-content\/uploads\/2025\/01\/image-51-1024x576.png 1024w, https:\/\/enolife.com.ar\/es\/wp-content\/uploads\/2025\/01\/image-51-300x169.png 300w, https:\/\/enolife.com.ar\/es\/wp-content\/uploads\/2025\/01\/image-51-768x432.png 768w, https:\/\/enolife.com.ar\/es\/wp-content\/uploads\/2025\/01\/image-51-1170x658.png 1170w, https:\/\/enolife.com.ar\/es\/wp-content\/uploads\/2025\/01\/image-51-585x329.png 585w, https:\/\/enolife.com.ar\/es\/wp-content\/uploads\/2025\/01\/image-51.png 1200w\" sizes=\"auto, (max-width: 601px) 100vw, 601px\" \/><\/a><\/figure><\/div>\n\n\n<div style=\"height:35px\" aria-hidden=\"true\" class=\"wp-block-spacer\"><\/div>\n\n\n\n<p class=\"has-background\" style=\"background-color:#abb7c242\"><strong>17.&nbsp;Maip\u00fa&nbsp;\u00abVendimia que crece\u00bb&nbsp;| 15 de febrero<\/strong><\/p>\n\n\n\n<p>El s\u00e1bado 15 de febrero, Maip\u00fa celebrar\u00e1 su Vendimia departamental bajo el nombre&nbsp;<em>Vendimia que crece,<\/em>&nbsp;que promete destacar la riqueza cultural, hist\u00f3rica y vitivin\u00edcola de la regi\u00f3n.&nbsp;<\/p>\n\n\n\n<p>Bajo la direcci\u00f3n de Alejandro Grigor, el espect\u00e1culo combinar\u00e1 m\u00fasica, danza y narrativas que rendir\u00e1n homenaje al trabajo de los vi\u00f1ateros y al crecimiento constante de Maip\u00fa como emblema de la producci\u00f3n vitivin\u00edcola de Mendoza.<\/p>\n\n\n\n<div style=\"height:35px\" aria-hidden=\"true\" class=\"wp-block-spacer\"><\/div>\n\n\n\n<p class=\"has-background\" style=\"background-color:#abb7c242\"><strong>18.&nbsp;Godoy Cruz&nbsp;\u00abSo\u00f1\u00e9 y vino\u2026\u00bb&nbsp;| 22 de febrero<\/strong><\/p>\n\n\n\n<p>La Vendimia departamental&nbsp;<em>So\u00f1\u00e9 y vino\u2026&nbsp;<\/em>se llevar\u00e1 a cabo el 22 de febrero en el Parque San Vicente, bajo la direcci\u00f3n de Alberto Gim\u00e9nez. Contar\u00e1 con la participaci\u00f3n de 11 actores y actrices de piso, 36 bailarines de danza contempor\u00e1nea y 34 parejas de baile folcl\u00f3rico. Adem\u00e1s, se han seleccionado dos parejas mixtas de folclore formadas por artistas con discapacidad, lo que destaca la inclusi\u00f3n en esta gran celebraci\u00f3n.<\/p>\n\n\n\n<p>Las Vendimias departamentales son mucho m\u00e1s que una celebraci\u00f3n de la cosecha. Representan un homenaje a la identidad, la tradici\u00f3n y el esfuerzo colectivo de las comunidades. Cada departamento, con su esencia y creatividad, aporta una pieza esencial al gran conjunto cultural de la provincia, destacando valores como el trabajo, la resiliencia y la uni\u00f3n.&nbsp;<\/p>\n\n\n\n<p>Cada una de las Vendimias departamentales sirve como puente hacia el Acto Central de la Fiesta Nacional de la Vendimia, que este a\u00f1o lleva el nombre de&nbsp;<em>Guardiana del vino eterno,<\/em>&nbsp;dirigida por Franco Ag\u00fcero.<\/p>\n\n\n\n<div style=\"height:30px\" aria-hidden=\"true\" class=\"wp-block-spacer\"><\/div>\n\n\n\n<div style=\"height:30px\" aria-hidden=\"true\" class=\"wp-block-spacer\"><\/div>\n","protected":false},"excerpt":{"rendered":"<p>Como es tradici\u00f3n, desde el mes de diciembre y hasta febrero, cada uno de los&hellip;<\/p>\n","protected":false},"author":3,"featured_media":134832,"comment_status":"open","ping_status":"open","sticky":false,"template":"","format":"standard","meta":{"footnotes":""},"categories":[14],"tags":[],"class_list":["post-134807","post","type-post","status-publish","format-standard","has-post-thumbnail","hentry","category-news"],"_links":{"self":[{"href":"https:\/\/enolife.com.ar\/es\/wp-json\/wp\/v2\/posts\/134807","targetHints":{"allow":["GET"]}}],"collection":[{"href":"https:\/\/enolife.com.ar\/es\/wp-json\/wp\/v2\/posts"}],"about":[{"href":"https:\/\/enolife.com.ar\/es\/wp-json\/wp\/v2\/types\/post"}],"author":[{"embeddable":true,"href":"https:\/\/enolife.com.ar\/es\/wp-json\/wp\/v2\/users\/3"}],"replies":[{"embeddable":true,"href":"https:\/\/enolife.com.ar\/es\/wp-json\/wp\/v2\/comments?post=134807"}],"version-history":[{"count":0,"href":"https:\/\/enolife.com.ar\/es\/wp-json\/wp\/v2\/posts\/134807\/revisions"}],"wp:featuredmedia":[{"embeddable":true,"href":"https:\/\/enolife.com.ar\/es\/wp-json\/wp\/v2\/media\/134832"}],"wp:attachment":[{"href":"https:\/\/enolife.com.ar\/es\/wp-json\/wp\/v2\/media?parent=134807"}],"wp:term":[{"taxonomy":"category","embeddable":true,"href":"https:\/\/enolife.com.ar\/es\/wp-json\/wp\/v2\/categories?post=134807"},{"taxonomy":"post_tag","embeddable":true,"href":"https:\/\/enolife.com.ar\/es\/wp-json\/wp\/v2\/tags?post=134807"}],"curies":[{"name":"wp","href":"https:\/\/api.w.org\/{rel}","templated":true}]}}