{"id":134779,"date":"2025-01-09T13:11:39","date_gmt":"2025-01-09T13:11:39","guid":{"rendered":"https:\/\/enolife.com.ar\/es\/?p=134779"},"modified":"2025-01-10T13:40:21","modified_gmt":"2025-01-10T13:40:21","slug":"en-2025-prowein-dusseldorf-suma-un-foro-de-marketing-y-consumidores-de-vino-del-futuro","status":"publish","type":"post","link":"https:\/\/enolife.com.ar\/es\/en-2025-prowein-dusseldorf-suma-un-foro-de-marketing-y-consumidores-de-vino-del-futuro\/","title":{"rendered":"En 2025, ProWein D\u00fcsseldorf suma un foro de m\u00e1rketing y consumidores de vino del futuro"},"content":{"rendered":"\n<h4 class=\"wp-block-heading\"><em><strong>Del 16 al 18 de marzo pr\u00f3ximo, se llevar\u00e1 a cabo la feria l\u00edder internacional del sector de vino y bebidas espirituosas, ProWein D\u00fcsseldorf (Alemania), que espera recibir 5.400 expositores de m\u00e1s de 65 pa\u00edses. Para esta edici\u00f3n, los organizadores -Messe D\u00fcsseldorf- realizar\u00e1n por primera vez un foro sobre temas empresariales, donde se debatir\u00e1 y transmitir\u00e1n conocimientos sobre los&nbsp;consumidores de vino del futuro, el&nbsp;m\u00e1rketing moderno del vino&nbsp;y la&nbsp;sostenibilidad. <\/strong><\/em><\/h4>\n\n\n\n<div style=\"height:35px\" aria-hidden=\"true\" class=\"wp-block-spacer\"><\/div>\n\n\n<a href=\"https:\/\/instagram.com\/labelsolutions?igshid=YmMyMTA2M2Y=\" aria-label=\"Banner Palero 1700&#215;500\"><img loading=\"lazy\" decoding=\"async\" src=\"https:\/\/enolife.com.ar\/es\/wp-content\/uploads\/2021\/09\/Banner-Palero-1700x500-1.gif\" alt=\"\"  width=\"1700\" height=\"500\"   \/><\/a>\n\n\n<div style=\"height:45px\" aria-hidden=\"true\" class=\"wp-block-spacer\"><\/div>\n\n\n\n<p>Cumpliendo sus 31 a\u00f1os, la Feria ProWein de D\u00fcsseldorf, Alemania, se ha convertido en una de las ferias comerciales l\u00edderes del sector del vino y las bebidas espirituosas, con <strong>5.400 expositores de 65 pa\u00edses; 50.000 visitantes<\/strong> -importadores, distribuidores, compradores-; <strong>500 diferentes actividades <\/strong>como conferencias, seminarios, catas, etc\u00e9tera; y numerosas zonas especiales como <strong>ProWein Zero<\/strong>, el <strong>Champagne Lounge<\/strong>, <strong>Organic World<\/strong>, <strong>Packaging &amp; Design<\/strong>, <strong>Urban Gastronomy<\/strong> o la <strong>Concept Store<\/strong>.<\/p>\n\n\n\n<p>Para la <strong>edici\u00f3n 2025, que se realizar\u00e1 del 16 al 18 de marzo,<\/strong> los organizadores a\u00f1aden una nueva iniciativa, un <strong>Foro Empresarial<\/strong> -que complementar\u00e1 el foro de<strong>&nbsp;Clases&nbsp;Magistrales<\/strong>&#8211; sobre la actualidad del sector y la diversidad de retos a los que se enfrenta. <\/p>\n\n\n\n<div style=\"height:35px\" aria-hidden=\"true\" class=\"wp-block-spacer\"><\/div>\n\n\n\n<p class=\"has-medium-font-size\"><strong>Los desaf\u00edos de la industria del vino<\/strong><\/p>\n\n\n\n<p>El nuevo foro se llevar\u00e1 a cabo en el <strong>Pabell\u00f3n 16 <\/strong>y contar\u00e1 con un programa muy completo, cuya finalidad ser\u00e1 transferir conocimientos, intercambiar ideas dentro del sector y proporcionar inspiraci\u00f3n. Los temas a tratar ir\u00e1n desde los&nbsp;consumidores de vino del futuro&nbsp;y el&nbsp;marketing moderno del vino&nbsp;hasta la&nbsp;sostenibilidad.<\/p>\n\n\n\n<p>Tal como lo expres\u00f3 <strong>Peter Schmitz, director de ProWein<\/strong> <em>\u00abEl nuevo foro empresarial pretende ofrecer orientaci\u00f3n al sector vin\u00edcola y mostrar v\u00edas alternativas<\/em>. <em>De este modo, reaccionamos al deseo de muchos expositores de un mayor intercambio de opiniones sobre temas empresariales actuales\u00bb<\/em>.<\/p>\n\n\n\n<p>La actividad la organiza y modera la experta en vinos <strong>Cathy<\/strong>&nbsp;<strong>Huyghe<\/strong>, periodista galardonada,&nbsp;columnista de Forbes, empresaria en el sector de la tecnolog\u00eda vin\u00edcola, cofundadora y directora ejecutiva de&nbsp;Enolytics, un proveedor de inteligencia empresarial basada en datos para fabricantes de bebidas de todo el mundo.<\/p>\n\n\n\n<div style=\"height:35px\" aria-hidden=\"true\" class=\"wp-block-spacer\"><\/div>\n\n\n\n<p class=\"has-medium-font-size\"><strong>Programa<\/strong><\/p>\n\n\n\n<p><strong>Domingo 16\/3 &#8211; Los&nbsp;consumidores de vino del futuro:<\/strong> Nuevos grupos de usuarios en todo el mundo y sus intereses, evoluci\u00f3n de distintos segmentos de precio, el vino y las bebidas espirituosas en el contexto de los&nbsp;cambios en la concienciaci\u00f3n sobre la salud.<\/p>\n\n\n\n<p><strong>Lunes 17\/3 &#8211; Marketing moderno del vino, bajo el&nbsp;lema \u00abI am a Buyer and I\u2019m Here to Learn\u2026\u00bb<\/strong>: Aprovechamiento \u00f3ptimo de la propia feria ProWein, la&nbsp;utilizaci\u00f3n de la IA en el comercio del vino, el uso de las redes sociales para el sector -en particular el canal TikTok- y el&nbsp;uso de los datos para superar las formas de ventas tradicionales.<\/p>\n\n\n\n<p><strong>Martes 18\/3 &#8211; Sostenibilidad<\/strong>: Variedades de uvas alternativas, los efectos del cambio clim\u00e1tico sobre las diferentes regiones vin\u00edcolas, presentaci\u00f3n de los extractos del actual ProWein Business Report.<\/p>\n\n\n\n<div style=\"height:30px\" aria-hidden=\"true\" class=\"wp-block-spacer\"><\/div>\n\n\n\n<p><a rel=\"noreferrer noopener\" href=\"https:\/\/www.barcelonawineweek.com\/?utm_source=display&amp;utm_medium=tecnovino&amp;utm_campaign=prensatecnica&amp;utm_term=web\" target=\"_blank\"><\/a><\/p>\n","protected":false},"excerpt":{"rendered":"<p>Del 16 al 18 de marzo pr\u00f3ximo, se llevar\u00e1 a cabo la feria l\u00edder internacional&hellip;<\/p>\n","protected":false},"author":3,"featured_media":134790,"comment_status":"open","ping_status":"open","sticky":false,"template":"","format":"standard","meta":{"footnotes":""},"categories":[56,10],"tags":[],"class_list":["post-134779","post","type-post","status-publish","format-standard","has-post-thumbnail","hentry","category-destacado","category-ferias"],"_links":{"self":[{"href":"https:\/\/enolife.com.ar\/es\/wp-json\/wp\/v2\/posts\/134779","targetHints":{"allow":["GET"]}}],"collection":[{"href":"https:\/\/enolife.com.ar\/es\/wp-json\/wp\/v2\/posts"}],"about":[{"href":"https:\/\/enolife.com.ar\/es\/wp-json\/wp\/v2\/types\/post"}],"author":[{"embeddable":true,"href":"https:\/\/enolife.com.ar\/es\/wp-json\/wp\/v2\/users\/3"}],"replies":[{"embeddable":true,"href":"https:\/\/enolife.com.ar\/es\/wp-json\/wp\/v2\/comments?post=134779"}],"version-history":[{"count":0,"href":"https:\/\/enolife.com.ar\/es\/wp-json\/wp\/v2\/posts\/134779\/revisions"}],"wp:featuredmedia":[{"embeddable":true,"href":"https:\/\/enolife.com.ar\/es\/wp-json\/wp\/v2\/media\/134790"}],"wp:attachment":[{"href":"https:\/\/enolife.com.ar\/es\/wp-json\/wp\/v2\/media?parent=134779"}],"wp:term":[{"taxonomy":"category","embeddable":true,"href":"https:\/\/enolife.com.ar\/es\/wp-json\/wp\/v2\/categories?post=134779"},{"taxonomy":"post_tag","embeddable":true,"href":"https:\/\/enolife.com.ar\/es\/wp-json\/wp\/v2\/tags?post=134779"}],"curies":[{"name":"wp","href":"https:\/\/api.w.org\/{rel}","templated":true}]}}