{"id":134208,"date":"2025-01-02T20:30:19","date_gmt":"2025-01-02T20:30:19","guid":{"rendered":"https:\/\/enolife.com.ar\/es\/?p=134208"},"modified":"2025-01-04T01:30:52","modified_gmt":"2025-01-04T01:30:52","slug":"en-san-juan-sospechan-que-productos-contra-la-lobesia-pueden-ser-la-causa-de-la-peronospora","status":"publish","type":"post","link":"https:\/\/enolife.com.ar\/es\/en-san-juan-sospechan-que-productos-contra-la-lobesia-pueden-ser-la-causa-de-la-peronospora\/","title":{"rendered":"En San Juan sospechan que productos contra la Lobesia pueden ser la causa de la Peron\u00f3spora"},"content":{"rendered":"\n<h4 class=\"wp-block-heading\"><em><strong>Vi\u00f1ateros de esta provincia -la segunda productora de vino de Argentina despu\u00e9s de Mendoza- pidieron explicaciones al gobierno sobre los productos utilizados para combatir la Lobesia Botrana o polilla de la vid, ya que creen que que alguna de estas sustancias pueden haber contribuido a la explosiva propagaci\u00f3n del da\u00f1ino hongo de la peron\u00f3spora, que ya ha afectado a 1.526 hect\u00e1reas.<\/strong><\/em><\/h4>\n\n\n\n<div style=\"height:35px\" aria-hidden=\"true\" class=\"wp-block-spacer\"><\/div>\n\n\n<a href=\"https:\/\/www.instagram.com\/agroconciencia_\" aria-label=\"BANNER AGROCONCIENCIA 1700X500\"><img loading=\"lazy\" decoding=\"async\" src=\"https:\/\/enolife.com.ar\/es\/wp-content\/uploads\/2019\/07\/BANNER-AGROCONCIENCIA-1700X500-1.jpg\" alt=\"\"  srcset=\"https:\/\/enolife.com.ar\/es\/wp-content\/uploads\/2019\/07\/BANNER-AGROCONCIENCIA-1700X500-1.jpg 1700w, https:\/\/enolife.com.ar\/es\/wp-content\/uploads\/2019\/07\/BANNER-AGROCONCIENCIA-1700X500-1-300x88.jpg 300w, https:\/\/enolife.com.ar\/es\/wp-content\/uploads\/2019\/07\/BANNER-AGROCONCIENCIA-1700X500-1-1024x301.jpg 1024w, https:\/\/enolife.com.ar\/es\/wp-content\/uploads\/2019\/07\/BANNER-AGROCONCIENCIA-1700X500-1-768x226.jpg 768w, https:\/\/enolife.com.ar\/es\/wp-content\/uploads\/2019\/07\/BANNER-AGROCONCIENCIA-1700X500-1-1536x452.jpg 1536w, https:\/\/enolife.com.ar\/es\/wp-content\/uploads\/2019\/07\/BANNER-AGROCONCIENCIA-1700X500-1-1170x344.jpg 1170w, https:\/\/enolife.com.ar\/es\/wp-content\/uploads\/2019\/07\/BANNER-AGROCONCIENCIA-1700X500-1-585x172.jpg 585w\" sizes=\"auto, (max-width: 1700px) 100vw, 1700px\" width=\"1700\" height=\"500\"   \/><\/a>\n\n\n<div style=\"height:45px\" aria-hidden=\"true\" class=\"wp-block-spacer\"><\/div>\n\n\n\n<p>La <strong>Asociaci\u00f3n de Vi\u00f1ateros Independientes de San Juan<\/strong> pidi\u00f3 al gobierno de esta provincia explicaciones sobre los productos utilizados para combatir la<strong> Lobesia Botrana o polilla de la vid,<\/strong> ya que muchos productores creen que su uso podr\u00eda estar relacionado con la propagaci\u00f3n del hongo de la <strong>peron\u00f3spora<\/strong>. En este sentido presentaron una nota al ministro de producci\u00f3n de la provincia, <strong>Gustavo Fern\u00e1ndez<\/strong>, en donde se solicita adem\u00e1s la declaraci\u00f3n de emergencia agropecuaria.<\/p>\n\n\n\n<p>El pasado 25 de noviembre, el <strong>Ministerio de Producci\u00f3n, Trabajo e Innovaci\u00f3n<\/strong> de San Juan, convoc\u00f3 a los damnificados por el brote de peron\u00f3spora, para que informaran el estado de situaci\u00f3n de sus vides ante la <strong>Secretar\u00eda de Agricultura, Ganader\u00eda y Agroindustria. <\/strong>Desde ese llamado, se reportaron un total de <strong>1.526 hect\u00e1reas afectadas por el pat\u00f3geno<\/strong>, lo cual equivale al <strong>4% de la superficie total cultivada<\/strong> por vid en San Juan ya que esta provincia posee unas <strong>40.000 hect\u00e1reas<\/strong> de vi\u00f1edos.<\/p>\n\n\n\n<p>Del total de los casos informados, los departamentos de <strong>25 de Mayo, Caucete y Sarmiento<\/strong>, concentran el <strong>98%.<\/strong> El 2% restante, -menos de 40 hect\u00e1reas en total- responde a da\u00f1os aislados en los departamentos de <strong>San Mart\u00edn, Pocito y 9 de Julio.<\/strong><\/p>\n\n\n\n<p>Al respecto, los vi\u00f1ateros sanjuaninos sospechan que podr\u00eda estar relacionado con los efectos secundarios de los productos utilizados por el Ministerio de Producci\u00f3n y el <strong>Servicio Nacional de Sanidad Agroalimentaria (Senasa)<\/strong> para combatir la Lobesia Botrana en la provincia.&nbsp;Por lo tanto, el 30\/12\/24, a trav\u00e9s de una nota formal solicitaron  informaci\u00f3n detallada sobre los productos utilizados, las dosis aplicadas y su posible impacto en las plantas.<\/p>\n\n\n\n<p>En el mismo documento, la entidad pide adem\u00e1s al ministro de Producci\u00f3n, Gustavo Fern\u00e1ndez, que convoque a la Comisi\u00f3n Provincial Fitosanitaria para considerar la aplicaci\u00f3n de la <strong>Ley de Emergencia y Desastre Agropecuario<\/strong> para los departamentos de 25 de Mayo, Caucete y Sarmiento.<\/p>\n\n\n\n<p><a href=\"https:\/\/www.facebook.com\/photo\/?fbid=1025750292899052&amp;set=a.462102155930538&amp;__cft__[0]=AZWjxHaZySrTCud3yRa9LIYQCLlsru8kkNs_7WNtlISoMLXWEhHPeEGG8as4OpJTq3K3DH315fZNybVl-MOlspSs25kXNPCK-rHnOaECT6vPo5atHVOMuyb0LskwO9X0Cl2E1oLU2ax6FR9YgFg70gAubcC3-kmgHcUlChY57gQMIg&amp;__tn__=EH-R\"><\/a><\/p>\n\n\n<div class=\"wp-block-image\">\n<figure class=\"aligncenter is-resized\"><a href=\"https:\/\/www.facebook.com\/photo\/?fbid=1025750292899052&amp;set=a.462102155930538&amp;__cft__[0]=AZWjxHaZySrTCud3yRa9LIYQCLlsru8kkNs_7WNtlISoMLXWEhHPeEGG8as4OpJTq3K3DH315fZNybVl-MOlspSs25kXNPCK-rHnOaECT6vPo5atHVOMuyb0LskwO9X0Cl2E1oLU2ax6FR9YgFg70gAubcC3-kmgHcUlChY57gQMIg&amp;__tn__=EH-R\"><img loading=\"lazy\" decoding=\"async\" src=\"https:\/\/scontent.faep24-1.fna.fbcdn.net\/v\/t39.30808-6\/472026648_1025750296232385_1556691726074660370_n.jpg?stp=dst-jpg_s640x640_tt6&amp;_nc_cat=104&amp;ccb=1-7&amp;_nc_sid=833d8c&amp;_nc_eui2=AeE_mDNehTLjcTQbY5PV8KrvzGLzaf061cbMYvNp_TrVxoaY06_cJjsiTc-jTgAzkk-bmr80xWKKoNRRh8lMlUCF&amp;_nc_ohc=4NHSjIriZ6kQ7kNvgEakqdK&amp;_nc_oc=Adh8bG0JaHY-dVjEwDnQyKyF1ZnWfS-zV6wkcciD9YigDxd7EN0YLTD9bhAuwhZrv9Y&amp;_nc_zt=23&amp;_nc_ht=scontent.faep24-1.fna&amp;_nc_gid=Av4xShxv655kPruHJBgGSuD&amp;oh=00_AYApjpfSpCXOm25z6AI9UrhPjZSUVtJm4W95ME2KYK9ECA&amp;oe=677C7A3F\" alt=\"Puede ser una imagen de texto que dice &quot;ASOCIACI\u00d3N DE VI\u00d1ATEROS DE SAN JUAN Ministro de Producci\u00f3n, Trabajo Innovaci\u00f3n jueves 6 Gustavo Emilio Fern\u00e1ndez diciembre 2024 Tenemos agrado dirigirnos usted de solicitarle que: Comisi\u00f3n Asociaci\u00f3n Vi\u00f1ateros Convoque 26.509 Emergenciay Desastre Agropecuario Caucete Sarmiento debido principios aplicaci\u00f3n de ley noviembre. pesar presente existir departamentos 25 peron\u00f3spora ocurri\u00f3 Mayo Gim\u00e9nez, toda provincia, vi\u00f1edos hongo por vitivinicultura sanjuanina da\u00f1o principal ocasionado flor estaban utilizado productof que propag\u00f3 provocado da\u00f1o llevar Teniendo cuenta afectaron vi\u00f1edos Sarmiento Pocito, convocatoria pueda afectados. \u00fatil atentamente. primero. \u00faltimos que pedimos que incluya este Asociaci\u00f3n Saturnino Sarassa 256 Este Capital- Tel\u00e9fono 4273287 Mail: avfi Argentina&quot;\" width=\"658\" height=\"818\"\/><\/a><\/figure><\/div>\n\n\n<div style=\"height:30px\" aria-hidden=\"true\" class=\"wp-block-spacer\"><\/div>\n\n\n\n<p class=\"has-small-font-size\"><em><strong>Fuentes: Asociaci\u00f3n Vi\u00f1ateros de San Juan y S\u00ed San Juan<\/strong><\/em><\/p>\n\n\n\n<div style=\"height:30px\" aria-hidden=\"true\" class=\"wp-block-spacer\"><\/div>\n","protected":false},"excerpt":{"rendered":"<p>Vi\u00f1ateros de esta provincia -la segunda productora de vino de Argentina despu\u00e9s de Mendoza- pidieron&hellip;<\/p>\n","protected":false},"author":3,"featured_media":134218,"comment_status":"open","ping_status":"open","sticky":false,"template":"","format":"standard","meta":{"footnotes":""},"categories":[56,14],"tags":[],"class_list":["post-134208","post","type-post","status-publish","format-standard","has-post-thumbnail","hentry","category-destacado","category-news"],"_links":{"self":[{"href":"https:\/\/enolife.com.ar\/es\/wp-json\/wp\/v2\/posts\/134208","targetHints":{"allow":["GET"]}}],"collection":[{"href":"https:\/\/enolife.com.ar\/es\/wp-json\/wp\/v2\/posts"}],"about":[{"href":"https:\/\/enolife.com.ar\/es\/wp-json\/wp\/v2\/types\/post"}],"author":[{"embeddable":true,"href":"https:\/\/enolife.com.ar\/es\/wp-json\/wp\/v2\/users\/3"}],"replies":[{"embeddable":true,"href":"https:\/\/enolife.com.ar\/es\/wp-json\/wp\/v2\/comments?post=134208"}],"version-history":[{"count":0,"href":"https:\/\/enolife.com.ar\/es\/wp-json\/wp\/v2\/posts\/134208\/revisions"}],"wp:featuredmedia":[{"embeddable":true,"href":"https:\/\/enolife.com.ar\/es\/wp-json\/wp\/v2\/media\/134218"}],"wp:attachment":[{"href":"https:\/\/enolife.com.ar\/es\/wp-json\/wp\/v2\/media?parent=134208"}],"wp:term":[{"taxonomy":"category","embeddable":true,"href":"https:\/\/enolife.com.ar\/es\/wp-json\/wp\/v2\/categories?post=134208"},{"taxonomy":"post_tag","embeddable":true,"href":"https:\/\/enolife.com.ar\/es\/wp-json\/wp\/v2\/tags?post=134208"}],"curies":[{"name":"wp","href":"https:\/\/api.w.org\/{rel}","templated":true}]}}