{"id":134081,"date":"2025-01-01T23:49:35","date_gmt":"2025-01-01T23:49:35","guid":{"rendered":"https:\/\/enolife.com.ar\/es\/?p=134081"},"modified":"2025-01-04T19:00:19","modified_gmt":"2025-01-04T19:00:19","slug":"el-pedazo-del-muro-de-berlin-que-viajo-a-la-tierra-del-huarpe-el-sol-y-el-malbec-por-carlos-parma","status":"publish","type":"post","link":"https:\/\/enolife.com.ar\/es\/el-pedazo-del-muro-de-berlin-que-viajo-a-la-tierra-del-huarpe-el-sol-y-el-malbec-por-carlos-parma\/","title":{"rendered":"El pedazo del Muro de Berl\u00edn que viaj\u00f3 a la tierra del huarpe, el sol y el malbec. Por Carlos Parma"},"content":{"rendered":"\n<h4 class=\"wp-block-heading\"><em><strong>A fines de setiembre de 2024, por iniciativa de la Fundaci\u00f3n Norma y Leo Werthein y de Dar\u00edo Werthein, uno de los due\u00f1os de Huarpe Riglos Family Wines, qued\u00f3 emplazado en esa bodega de Agrelo, Luj\u00e1n de Cuyo Mendoza, un bloque de concreto que form\u00f3 parte del Muro que separaba a las dos Alemania hasta 1989, cuando lo derribaron para reunificar el pa\u00eds. Esta reliquia internacional pesa 2,5 toneladas, tiene 3,60 metros de alto por 1,50 metros de ancho y fue&nbsp;intervenido por los artistas pl\u00e1sticos&nbsp;mendocinos Vivian Levinson y Egar Murillo para promover los valores de&nbsp;libertad&nbsp;y de&nbsp;unidad. Hoy, los vecinos de la provincia y los turistas pueden visitarlo y emocionarse con ese s\u00edmbolo de una de las mayores gestas de libertad del siglo XX. \u00bfPero c\u00f3mo lleg\u00f3 a Mendoza y por qu\u00e9 fue emplazado precisamente all\u00ed, en Agrelo? El juez, escritor, historiador y docente Carlos \u00abCharly\u00bb Parma, generoso colaborador de Enolife, nos lo cuenta en esta nota.<\/strong><\/em><\/h4>\n\n\n\n<div style=\"height:35px\" aria-hidden=\"true\" class=\"wp-block-spacer\"><\/div>\n\n\n<a href=\"https:\/\/jmzeballos.com\/\" aria-label=\"PUBLICIDAD ENOLIFE 2023_\u00c1NFORAS 1700 x 500\"><img loading=\"lazy\" decoding=\"async\" src=\"https:\/\/enolife.com.ar\/es\/wp-content\/uploads\/2020\/12\/PUBLICIDAD-ENOLIFE-2023_ANFORAS-1700-x-500.jpg\" alt=\"\"  srcset=\"https:\/\/enolife.com.ar\/es\/wp-content\/uploads\/2020\/12\/PUBLICIDAD-ENOLIFE-2023_ANFORAS-1700-x-500.jpg 1700w, https:\/\/enolife.com.ar\/es\/wp-content\/uploads\/2020\/12\/PUBLICIDAD-ENOLIFE-2023_ANFORAS-1700-x-500-300x88.jpg 300w, https:\/\/enolife.com.ar\/es\/wp-content\/uploads\/2020\/12\/PUBLICIDAD-ENOLIFE-2023_ANFORAS-1700-x-500-1024x301.jpg 1024w, https:\/\/enolife.com.ar\/es\/wp-content\/uploads\/2020\/12\/PUBLICIDAD-ENOLIFE-2023_ANFORAS-1700-x-500-768x226.jpg 768w, https:\/\/enolife.com.ar\/es\/wp-content\/uploads\/2020\/12\/PUBLICIDAD-ENOLIFE-2023_ANFORAS-1700-x-500-1536x452.jpg 1536w, https:\/\/enolife.com.ar\/es\/wp-content\/uploads\/2020\/12\/PUBLICIDAD-ENOLIFE-2023_ANFORAS-1700-x-500-1170x344.jpg 1170w, https:\/\/enolife.com.ar\/es\/wp-content\/uploads\/2020\/12\/PUBLICIDAD-ENOLIFE-2023_ANFORAS-1700-x-500-585x172.jpg 585w\" sizes=\"auto, (max-width: 1700px) 100vw, 1700px\" width=\"1700\" height=\"500\"   \/><\/a>\n\n\n<div style=\"height:45px\" aria-hidden=\"true\" class=\"wp-block-spacer\"><\/div>\n\n\n<div class=\"wp-block-image\">\n<figure class=\"alignleft size-full is-resized\"><a href=\"https:\/\/enolife.com.ar\/es\/wp-content\/uploads\/2025\/01\/charly.jpg\" data-rel=\"penci-gallery-image-content\" ><img loading=\"lazy\" decoding=\"async\" src=\"https:\/\/enolife.com.ar\/es\/wp-content\/uploads\/2025\/01\/charly.jpg\" alt=\"\" class=\"wp-image-134108\" width=\"179\" height=\"164\" srcset=\"https:\/\/enolife.com.ar\/es\/wp-content\/uploads\/2025\/01\/charly.jpg 405w, https:\/\/enolife.com.ar\/es\/wp-content\/uploads\/2025\/01\/charly-300x274.jpg 300w\" sizes=\"auto, (max-width: 179px) 100vw, 179px\" \/><\/a><figcaption class=\"wp-element-caption\"><em><strong>Carlos Parma<\/strong><\/em><\/figcaption><\/figure><\/div>\n\n\n<p>La zona de <strong>Agrelo, en Luj\u00e1n de Cuyo<\/strong>, donde se ubica la finca y bodega <strong>Huarpe Riglos Family Wines<\/strong>, brill\u00f3 siempre por ser tierra f\u00e9rtil, fue paso obligado de arrieros y carretas, lugar de descanso para los viajeros desde y hasta los fuertes de <strong>San Carlos<\/strong> y <strong>San Rafael<\/strong>, adem\u00e1s de los que pasaban a <strong>Chile<\/strong> tomando el camino por los pasos del <strong>Portillo<\/strong> y del <strong>Planch\u00f3n.<\/strong><\/p>\n\n\n\n<p>El agua que desciende desde las altas cumbres del Plata pinta de verde el paisaje y los hace muy acogedor para quienes transitan por all\u00ed. Esta posta, donde hoy se encuentra la finca Huarpe-Riglos, fue testigo de la historia y vio pasar a ej\u00e9rcitos triunfantes como los del <strong>General Aldao en 1829<\/strong>. Tambi\u00e9n hosped\u00f3 al coronel <strong>Napole\u00f3n Uriburu<\/strong>, jefe de la <strong>4.\u00aa Divisi\u00f3n del ej\u00e9rcito que har\u00eda la Conquista del Desierto<\/strong>. Lo acompa\u00f1aba el por entonces mayor <strong>Rufino Ortega<\/strong>, futuro gobernador de Mendoza (1883\/1887). A gran parte de estos campos <strong>se los llamaba de \u201cAbra Grande\u201d.<\/strong><\/p>\n\n\n\n<div style=\"height:25px\" aria-hidden=\"true\" class=\"wp-block-spacer\"><\/div>\n\n\n\n<blockquote class=\"wp-block-quote is-layout-flow wp-block-quote-is-layout-flow\">\n<p>Decidimos traerlo a Mendoza, en este mes que es el mes de la paz. \u00bfY por qu\u00e9 Mendoza? Porque es una provincia maravillosa, llena de futuro y de proyectos, pero tambi\u00e9n fue el sitio desde el que el General Jos\u00e9 de San Mart\u00edn empez\u00f3 la liberaci\u00f3n de Latinoam\u00e9rica. Es una linda conjunci\u00f3n de dos etapas hist\u00f3ricas totalmente diferentes, pero que unen dos momentos de libertad, paz, comprensi\u00f3n y vida en armon\u00eda\u00bb.&nbsp;<\/p>\n<cite>Dar\u00edo Werthein, uno de los due\u00f1os de bodega Huarpe Wines, donde se emplaza la reliquia.<\/cite><\/blockquote>\n\n\n\n<div style=\"height:25px\" aria-hidden=\"true\" class=\"wp-block-spacer\"><\/div>\n\n\n\n<p>La gloria m\u00e1xima de este paraje fue en el <strong>a\u00f1o 1816<\/strong>, cuando con pompa militar pas\u00f3 por aqu\u00ed el General <strong>Jos\u00e9 de San Mart\u00edn con sus granaderos<\/strong>, camino al actual territorio del departamento de San Carlos, para parlamentar la paz con los ind\u00edgenas en la zona que luego se llamar\u00eda <strong>\u00abLa Consulta\u00bb.<\/strong><\/p>\n\n\n\n<p><strong>Agrelo<\/strong>, en ese siglo XIX, supo m\u00e1s tarde tener fincas de <strong>Giol<\/strong> y de Renna, y m\u00e1s al sur la finca <strong>Silvia Funes de Masllorens.<\/strong><\/p>\n\n\n\n<p>Al este de este precioso solar, las v\u00edas llevaban inmigrantes. Al sur y al oeste est\u00e1 la ic\u00f3nica Ruta 40, antiguo e ineludible camino que une toda la <strong>Argentina<\/strong>. La finca actual guarda evidencias de lo que fue el <strong>Kil\u00f3metro 30<\/strong>, forzada parada del tren que iba al sur. De hecho, all\u00ed exist\u00eda antes una vieja Bodega cuyo nombre era <strong>\u00abLa estaci\u00f3n\u00bb.<\/strong> En el a\u00f1o 2002 Huarpe pone en hechos su proyecto vitivin\u00edcola y en el a\u00f1o 2015 se fusiona con la firma Riglos, as\u00ed nace la bodega <strong>WHT Huarpe Riglos Family Wines<\/strong>.<\/p>\n\n\n\n<div style=\"height:35px\" aria-hidden=\"true\" class=\"wp-block-spacer\"><\/div>\n\n\n\n<p class=\"has-medium-font-size\"><strong>Orgullo provincial y nacional<\/strong><\/p>\n\n\n\n<p>En el a\u00f1o 2024, WHT Bodega Huarpe Riglos, de reconocida tradici\u00f3n y seriedad, realiza un aporte valioso al lugar dot\u00e1ndolo de <strong>una parte del Muro de seguridad que dividi\u00f3 la frontera interalemana desde el 13 de agosto de 1961 hasta el 9 de noviembre de 1989.<\/strong> Este Muro marc\u00f3 un antes y un despu\u00e9s en la historia mundial del siglo XX: <strong>\u00abEl muro de Berl\u00edn\u00bb.<\/strong><\/p>\n\n\n\n<div style=\"height:30px\" aria-hidden=\"true\" class=\"wp-block-spacer\"><\/div>\n\n\n<div class=\"wp-block-image\">\n<figure class=\"aligncenter size-full\"><a href=\"https:\/\/enolife.com.ar\/es\/wp-content\/uploads\/2025\/01\/muro-berlin-intervenidojpg.jpg\" data-rel=\"penci-gallery-image-content\" ><img loading=\"lazy\" decoding=\"async\" width=\"610\" height=\"400\" src=\"https:\/\/enolife.com.ar\/es\/wp-content\/uploads\/2025\/01\/muro-berlin-intervenidojpg.jpg\" alt=\"\" class=\"wp-image-134099\" srcset=\"https:\/\/enolife.com.ar\/es\/wp-content\/uploads\/2025\/01\/muro-berlin-intervenidojpg.jpg 610w, https:\/\/enolife.com.ar\/es\/wp-content\/uploads\/2025\/01\/muro-berlin-intervenidojpg-300x197.jpg 300w, https:\/\/enolife.com.ar\/es\/wp-content\/uploads\/2025\/01\/muro-berlin-intervenidojpg-585x384.jpg 585w\" sizes=\"auto, (max-width: 610px) 100vw, 610px\" \/><\/a><figcaption class=\"wp-element-caption\"><em><strong>El fragmento del Muro de Berl\u00edn intervenido por Egar Murillo y Vivian Levinson est\u00e1 ubicado en la bodega Huarpe Riglos.<\/strong><\/em><\/figcaption><\/figure><\/div>\n\n\n<div style=\"height:30px\" aria-hidden=\"true\" class=\"wp-block-spacer\"><\/div>\n\n\n\n<h3 class=\"wp-block-heading has-vivid-red-color has-text-color\">Tras la reunificaci\u00f3n, Alemania procedi\u00f3 a repartir a\u00a0m\u00e1s de 40 naciones partes del Muro de Berl\u00edn. A la Argentina llegaron varios bloques. Tres de ellos se encuentran en el edificio de Editorial Perfil, en Barracas, Ciudad de Buenos Aires. Y el de Agrelo lleg\u00f3 gracias a la gesti\u00f3n de la Embajada de Alemania en Argentina, uno de cuyos funcionarios es conocido de la familia Werthein.<\/h3>\n\n\n\n<div style=\"height:30px\" aria-hidden=\"true\" class=\"wp-block-spacer\"><\/div>\n\n\n<div class=\"wp-block-image\">\n<figure class=\"aligncenter size-full\"><a href=\"https:\/\/enolife.com.ar\/es\/wp-content\/uploads\/2025\/01\/OH3PIHNNTFAUNIRAFXVIAOOISE.jpg\" data-rel=\"penci-gallery-image-content\" ><img loading=\"lazy\" decoding=\"async\" width=\"491\" height=\"500\" src=\"https:\/\/enolife.com.ar\/es\/wp-content\/uploads\/2025\/01\/OH3PIHNNTFAUNIRAFXVIAOOISE.jpg\" alt=\"\" class=\"wp-image-134103\" srcset=\"https:\/\/enolife.com.ar\/es\/wp-content\/uploads\/2025\/01\/OH3PIHNNTFAUNIRAFXVIAOOISE.jpg 491w, https:\/\/enolife.com.ar\/es\/wp-content\/uploads\/2025\/01\/OH3PIHNNTFAUNIRAFXVIAOOISE-295x300.jpg 295w\" sizes=\"auto, (max-width: 491px) 100vw, 491px\" \/><\/a><\/figure><\/div>\n\n\n<div style=\"height:30px\" aria-hidden=\"true\" class=\"wp-block-spacer\"><\/div>\n\n\n\n<p>Nadie ignora universalmente este s\u00edmbolo de la libertad, que muestra que no se le pueden poner l\u00edmites a la dignidad humana. Bienvenida entonces la iniciativa de la Bodega Huarpe Riglos, que alberga esta reliquia internacional en su suave y limpio clima, en la tierra del malbec, tierra privilegiada, \u00fanica e invaluable.<\/p>\n\n\n\n<div style=\"height:30px\" aria-hidden=\"true\" class=\"wp-block-spacer\"><\/div>\n\n\n<div class=\"wp-block-image\">\n<figure class=\"aligncenter size-large is-resized\"><a href=\"https:\/\/enolife.com.ar\/es\/wp-content\/uploads\/2025\/01\/Cedinhco_Berlin.jpg\" data-rel=\"penci-gallery-image-content\" ><img loading=\"lazy\" decoding=\"async\" src=\"https:\/\/enolife.com.ar\/es\/wp-content\/uploads\/2025\/01\/Cedinhco_Berlin-1024x581.jpg\" alt=\"\" class=\"wp-image-134117\" width=\"584\" height=\"331\" srcset=\"https:\/\/enolife.com.ar\/es\/wp-content\/uploads\/2025\/01\/Cedinhco_Berlin-1024x581.jpg 1024w, https:\/\/enolife.com.ar\/es\/wp-content\/uploads\/2025\/01\/Cedinhco_Berlin-300x170.jpg 300w, https:\/\/enolife.com.ar\/es\/wp-content\/uploads\/2025\/01\/Cedinhco_Berlin-768x436.jpg 768w, https:\/\/enolife.com.ar\/es\/wp-content\/uploads\/2025\/01\/Cedinhco_Berlin-585x332.jpg 585w, https:\/\/enolife.com.ar\/es\/wp-content\/uploads\/2025\/01\/Cedinhco_Berlin.jpg 1040w\" sizes=\"auto, (max-width: 584px) 100vw, 584px\" \/><\/a><figcaption class=\"wp-element-caption\"><em><strong>Ca\u00edda del Muro<\/strong><\/em> <strong><em>&#8211; 1989<\/em><\/strong><\/figcaption><\/figure><\/div>\n\n\n<div style=\"height:35px\" aria-hidden=\"true\" class=\"wp-block-spacer\"><\/div>\n\n\n\n<p class=\"has-medium-font-size\"><strong>La cultura Agrelo y la cultura Huarpe, milenarias y fundacionales<\/strong><\/p>\n\n\n\n<p>La cultura de los <strong>Huarpes, pueblo pac\u00edfico y trabajador<\/strong>, es vital en Mendoza. Estuvieron preferentemente en los valles cuyanos m\u00e1s reconocidos. Hay datos hist\u00f3ricos y arqueol\u00f3gicos sobre que practicaban el cultivo del suelo; conoc\u00edan el hilado y el tejido; fabricaban cer\u00e1mica de buena calidad, de claras influencias peruanas; vest\u00edan ojotas y la cl\u00e1sica camiseta andina. Pero la <strong>Cultura de Agrelo es muy anterior<\/strong>, su nombre es un ep\u00f3nimo que deriva del agro, su labor principal, pues s\u00f3lo eventualmente cazaban. Los rastros de poblamientos m\u00e1s antiguos en esta zona se remontan a 9.000 a\u00f1os antes de Cristo. Ubicamos esta Cultura <strong>al sur del r\u00edo Mendoza sobre la m\u00edtica ruta 40.<\/strong><\/p>\n\n\n\n<div style=\"height:25px\" aria-hidden=\"true\" class=\"wp-block-spacer\"><\/div>\n\n\n\n<blockquote class=\"wp-block-quote is-layout-flow wp-block-quote-is-layout-flow\">\n<p>La bodega est\u00e1 donde se encontraba una de las postas del ej\u00e9rcito sanmartiniano, y esta parte del muro, es un s\u00edmbolo de libertad despu\u00e9s de muchos a\u00f1os, casi 30, de divisi\u00f3n y de represi\u00f3n\u201d.<\/p>\n<cite><strong>Jos\u00e9 Hern\u00e1ndez Toso, en\u00f3logo y socio de bodega Huarpe Wines.<\/strong><\/cite><\/blockquote>\n\n\n\n<div style=\"height:25px\" aria-hidden=\"true\" class=\"wp-block-spacer\"><\/div>\n\n\n\n<p>Los yacimientos antiqu\u00edsimos de Agrelo son dos. Se encuentran hacia el borde inferior de un amplio conoide que esta adosado a las \u00faltimas estribaciones de la Cordillera. Son <strong>Agrelo-Patronato<\/strong> y <strong>Agrelo-Barrancas<\/strong> (Canals Frau y Semper).<\/p>\n\n\n\n<p>Uno de los distritos m\u00e1s tradicionales y prestigiosos dentro de la vitivinicultura de Mendoza es la localidad de Agrelo, perteneciente al departamento de Luj\u00e1n de Cuyo, la <strong>Primera Zona productiva de uvas y vinos.<\/strong><\/p>\n\n\n\n<div style=\"height:30px\" aria-hidden=\"true\" class=\"wp-block-spacer\"><\/div>\n\n\n<div class=\"wp-block-image\">\n<figure class=\"aligncenter size-full is-resized\"><a href=\"https:\/\/enolife.com.ar\/es\/wp-content\/uploads\/2025\/01\/image-1.png\" data-rel=\"penci-gallery-image-content\" ><img loading=\"lazy\" decoding=\"async\" src=\"https:\/\/enolife.com.ar\/es\/wp-content\/uploads\/2025\/01\/image-1.png\" alt=\"\" class=\"wp-image-134111\" width=\"568\" height=\"407\" srcset=\"https:\/\/enolife.com.ar\/es\/wp-content\/uploads\/2025\/01\/image-1.png 800w, https:\/\/enolife.com.ar\/es\/wp-content\/uploads\/2025\/01\/image-1-300x215.png 300w, https:\/\/enolife.com.ar\/es\/wp-content\/uploads\/2025\/01\/image-1-768x551.png 768w, https:\/\/enolife.com.ar\/es\/wp-content\/uploads\/2025\/01\/image-1-585x420.png 585w\" sizes=\"auto, (max-width: 568px) 100vw, 568px\" \/><\/a><figcaption class=\"wp-element-caption\"><em><strong>Los Huarpes<\/strong><\/em><\/figcaption><\/figure><\/div>\n\n\n<div style=\"height:30px\" aria-hidden=\"true\" class=\"wp-block-spacer\"><\/div>\n\n\n\n<p>En <strong>Barrancas<\/strong> y <strong>Lunlunta<\/strong>, dentro de la actual zona de Agrelo, en 1661 ya exist\u00edan datos de cultivos de vid, sobre todo de la enorme finca que daba al sur del R\u00edo Mendoza, propiedad de <strong>Santos Funes<\/strong> desde 1880 en adelante (Acordino). <\/p>\n\n\n\n<p>La distribuci\u00f3n del agua se ordena con la construcci\u00f3n del <strong>Dique Cipolletti en 1889. <\/strong>En 1890 comenz\u00f3 a brillar en el distrito una hermosa capilla: <strong>Nuestra Se\u00f1ora del Monte Carmelo<\/strong> (Gonz\u00e1lez). Los registros de Agrelo indican que sus primeras vi\u00f1as fueron plantadas en el a\u00f1o 1895, pero ser\u00eda considerada zona vitivin\u00edcola destacada reci\u00e9n a partir de 1990 en adelante. El distrito de Agrelo fue reconocido por el <strong>Instituto Nacional de Vitivinicultura (INV) como Indicaci\u00f3n Geogr\u00e1fica (IG) desde el a\u00f1o 2005<\/strong> y su extensi\u00f3n va desde el sur del <strong>Distrito Perdriel<\/strong> hasta alcanzar la Ruta Provincial 86 (La Picada); all\u00ed limita con el distrito de <strong>Ugarteche<\/strong>. Al este, colinda con parte de <strong>El Carrizal<\/strong> y al oeste con <strong>Cacheuta Sur.<\/strong> En este distrito podemos encontrar vi\u00f1edos en alturas que van desde los 800 hasta los 1.100 msnm.<\/p>\n\n\n\n<div style=\"height:30px\" aria-hidden=\"true\" class=\"wp-block-spacer\"><\/div>\n","protected":false},"excerpt":{"rendered":"<p>A fines de setiembre de 2024, por iniciativa de la Fundaci\u00f3n Norma y Leo Werthein&hellip;<\/p>\n","protected":false},"author":3,"featured_media":134107,"comment_status":"open","ping_status":"open","sticky":false,"template":"","format":"standard","meta":{"footnotes":""},"categories":[12],"tags":[],"class_list":["post-134081","post","type-post","status-publish","format-standard","has-post-thumbnail","hentry","category-opinion"],"_links":{"self":[{"href":"https:\/\/enolife.com.ar\/es\/wp-json\/wp\/v2\/posts\/134081","targetHints":{"allow":["GET"]}}],"collection":[{"href":"https:\/\/enolife.com.ar\/es\/wp-json\/wp\/v2\/posts"}],"about":[{"href":"https:\/\/enolife.com.ar\/es\/wp-json\/wp\/v2\/types\/post"}],"author":[{"embeddable":true,"href":"https:\/\/enolife.com.ar\/es\/wp-json\/wp\/v2\/users\/3"}],"replies":[{"embeddable":true,"href":"https:\/\/enolife.com.ar\/es\/wp-json\/wp\/v2\/comments?post=134081"}],"version-history":[{"count":0,"href":"https:\/\/enolife.com.ar\/es\/wp-json\/wp\/v2\/posts\/134081\/revisions"}],"wp:featuredmedia":[{"embeddable":true,"href":"https:\/\/enolife.com.ar\/es\/wp-json\/wp\/v2\/media\/134107"}],"wp:attachment":[{"href":"https:\/\/enolife.com.ar\/es\/wp-json\/wp\/v2\/media?parent=134081"}],"wp:term":[{"taxonomy":"category","embeddable":true,"href":"https:\/\/enolife.com.ar\/es\/wp-json\/wp\/v2\/categories?post=134081"},{"taxonomy":"post_tag","embeddable":true,"href":"https:\/\/enolife.com.ar\/es\/wp-json\/wp\/v2\/tags?post=134081"}],"curies":[{"name":"wp","href":"https:\/\/api.w.org\/{rel}","templated":true}]}}