{"id":134047,"date":"2024-12-31T21:08:18","date_gmt":"2024-12-31T21:08:18","guid":{"rendered":"https:\/\/enolife.com.ar\/es\/?p=134047"},"modified":"2025-01-02T14:43:26","modified_gmt":"2025-01-02T14:43:26","slug":"en-su-cumple-100-la-oiv-sumo-9-ciudades-a-la-red-de-ciudades-de-la-vid-y-el-vino-y-ya-son-100","status":"publish","type":"post","link":"https:\/\/enolife.com.ar\/es\/en-su-cumple-100-la-oiv-sumo-9-ciudades-a-la-red-de-ciudades-de-la-vid-y-el-vino-y-ya-son-100\/","title":{"rendered":"En su cumple 100, la OIV sum\u00f3 9 ciudades a la Red de Ciudades de la Vid y el Vino y ya son 100"},"content":{"rendered":"\n<h4 class=\"wp-block-heading\"><em><strong>En 1987, la Organizaci\u00f3n Internacional de la Vid y el Vino (OIV) cre\u00f3 la Red Internacional de Ciudades de la Vid y el Vino, que incluye a la ciudad de Mendoza, la \u00fanica en Argentina. Este circuito global -que no es lo mismo que la red de las 12 Grandes Capitales del Vino, aunque estas 12 participan en la Red mayor- se fue agrandando desde entonces, y este a\u00f1o 2024, el del 100 aniversario de la OIV, lleg\u00f3 a la coincidente cifra de 100 ciudades. Aqu\u00ed, el mapa, un viaje que dificilmente se pueda recorrer completo a lo largo de una vida aunque s\u00ed en la imaginaci\u00f3n y, sobre todo, con los ojos cerrados y una copa de vino en la mano.<\/strong><\/em><\/h4>\n\n\n\n<div style=\"height:35px\" aria-hidden=\"true\" class=\"wp-block-spacer\"><\/div>\n\n\n<a href=\"https:\/\/sudafilt.com\/\" aria-label=\"SUDAFILT 1700X500 NOV25\"><img loading=\"lazy\" decoding=\"async\" src=\"https:\/\/enolife.com.ar\/es\/wp-content\/uploads\/2020\/07\/SUDAFILT-1700X500-NOV25.gif\" alt=\"\"  width=\"1700\" height=\"500\"   \/><\/a>\n\n\n<div style=\"height:45px\" aria-hidden=\"true\" class=\"wp-block-spacer\"><\/div>\n\n\n\n<p>Con motivo de la celebraci\u00f3n de su centenario, la <strong>Organizaci\u00f3n Internacional de la Vid y el Vino (OIV)<\/strong> declar\u00f3 este 2024 como el A\u00f1o Internacional de la Vid y el Vino. En el marco de esta declaraci\u00f3n, cuyo lema es \u00ab<strong>El vino y la vid del ma\u00f1ana\u00bb<\/strong>, se llevaron a cabo diversas iniciativas y actividades para celebrar el recorrido hist\u00f3rico de la organizaci\u00f3n. Por este motivo, la OIV actualiz\u00f3, ampli\u00f3 y relanz\u00f3 la Red Internacional de Ciudades de la Vid y el Vino, en reconocimiento de la invaluable contribuci\u00f3n que las ciudades vinculadas a la vid han hecho a la organizaci\u00f3n en estos 100 a\u00f1os de vida.<\/p>\n\n\n\n<p>Esta iniciativa busca resaltar a las ciudades que han organizado eventos cient\u00edficos y culturales, como congresos mundiales, simposios y diversos cursos de la OIV, y poner de relieve aquellas ciudades o regiones que ser\u00e1n las protagonistas de otros eventos y encuentros en el futuro.<\/p>\n\n\n\n<div style=\"height:15px\" aria-hidden=\"true\" class=\"wp-block-spacer\"><\/div>\n\n\n\n<p class=\"has-background\" style=\"background-color:#abb7c238\"><strong>Ver mapa de ciudades <a href=\"https:\/\/www.google.com\/maps\/d\/u\/0\/viewer?mid=1Y4CMDOCSfANH3bTsvunK49oAl9I&amp;femb=1&amp;ll=9.892004036537163%2C13.77561399999999&amp;z=2\">AQU\u00cd<\/a><\/strong><\/p>\n\n\n\n<div style=\"height:35px\" aria-hidden=\"true\" class=\"wp-block-spacer\"><\/div>\n\n\n\n<p class=\"has-medium-font-size\"><strong>Antecedentes<\/strong><\/p>\n\n\n\n<p>A lo largo de estos \u00faltimos 100 a\u00f1os, ha habido varios hitos que han marcado la historia de la organizaci\u00f3n. Uno de ellos fue la creaci\u00f3n en 1987 de la Red Internacional de Ciudades de la Vid y el Vino. A trav\u00e9s de este recorrido temporal, 100 ciudades de 21 pa\u00edses se unieron para convertirse en centros de reuniones y eventos relacionados con el sector. En este a\u00f1o del centenario, la OIV relanz\u00f3 esta iniciativa con eventos p\u00fablicos y privados de car\u00e1cter cient\u00edfico y cultural, bajo su patrocinio del centenario. Esta nueva red incluye tanto a ciudades de los 53 pa\u00edses miembros de la OIV como a ciudades de pa\u00edses no miembros, las cuales son bienvenidas a participar.<\/p>\n\n\n\n<div style=\"height:35px\" aria-hidden=\"true\" class=\"wp-block-spacer\"><\/div>\n\n\n\n<p class=\"has-medium-font-size\"><strong>\u00bfQu\u00e9 ciudades se unieron a la red en 2024?<\/strong><\/p>\n\n\n\n<p>El 29 de noviembre de 2024, d\u00eda en el que se celebr\u00f3 el centenario de la firma del Tratado que estableci\u00f3 la OIV, la presidenta <strong>Yvette Van der Merwe<\/strong> mencion\u00f3 9 ciudades que se unieron a la Red Internacional de Ciudades de la Vid y el Vino por su contribuci\u00f3n excepcional durante el a\u00f1o del centenario de la OIV o por su destacada participaci\u00f3n en los \u00faltimos a\u00f1os:<\/p>\n\n\n\n<ul class=\"wp-block-list\">\n<li>Burdeos, Francia<\/li>\n\n\n\n<li>Dijon, Francia<\/li>\n\n\n\n<li>Ensenada, M\u00e9xico<\/li>\n\n\n\n<li>Punta del Este, Uruguay<\/li>\n\n\n\n<li>Santiago de Chile, Chile<\/li>\n\n\n\n<li>Verona, Italia<\/li>\n\n\n\n<li>Yanta\u00ef, Provincia de Shandong, China<\/li>\n\n\n\n<li>Yinchuan, Regi\u00f3n de Ningxia, China<\/li>\n\n\n\n<li>Zaragoza, Espa\u00f1a<\/li>\n<\/ul>\n\n\n\n<div style=\"height:35px\" aria-hidden=\"true\" class=\"wp-block-spacer\"><\/div>\n\n\n\n<p><strong>Algunas de las ciudades que participaron en los eventos del 29 de noviembre de 2024 compartieron sus experiencias en un video: <\/strong><\/p>\n\n\n\n<div style=\"height:15px\" aria-hidden=\"true\" class=\"wp-block-spacer\"><\/div>\n\n\n\n<figure class=\"wp-block-embed is-type-video is-provider-youtube wp-block-embed-youtube wp-embed-aspect-16-9 wp-has-aspect-ratio\"><div class=\"wp-block-embed__wrapper\">\n<iframe loading=\"lazy\" title=\"Video International Network of Vine and Wine cities\" width=\"1170\" height=\"658\" src=\"https:\/\/www.youtube.com\/embed\/qCQoJVMhjBc?feature=oembed\" frameborder=\"0\" allow=\"accelerometer; autoplay; clipboard-write; encrypted-media; gyroscope; picture-in-picture; web-share\" referrerpolicy=\"strict-origin-when-cross-origin\" allowfullscreen><\/iframe>\n<\/div><\/figure>\n\n\n\n<div style=\"height:35px\" aria-hidden=\"true\" class=\"wp-block-spacer\"><\/div>\n","protected":false},"excerpt":{"rendered":"<p>En 1987, la Organizaci\u00f3n Internacional de la Vid y el Vino (OIV) cre\u00f3 la Red&hellip;<\/p>\n","protected":false},"author":3,"featured_media":134055,"comment_status":"open","ping_status":"open","sticky":false,"template":"","format":"standard","meta":{"footnotes":""},"categories":[14],"tags":[],"class_list":["post-134047","post","type-post","status-publish","format-standard","has-post-thumbnail","hentry","category-news"],"_links":{"self":[{"href":"https:\/\/enolife.com.ar\/es\/wp-json\/wp\/v2\/posts\/134047","targetHints":{"allow":["GET"]}}],"collection":[{"href":"https:\/\/enolife.com.ar\/es\/wp-json\/wp\/v2\/posts"}],"about":[{"href":"https:\/\/enolife.com.ar\/es\/wp-json\/wp\/v2\/types\/post"}],"author":[{"embeddable":true,"href":"https:\/\/enolife.com.ar\/es\/wp-json\/wp\/v2\/users\/3"}],"replies":[{"embeddable":true,"href":"https:\/\/enolife.com.ar\/es\/wp-json\/wp\/v2\/comments?post=134047"}],"version-history":[{"count":0,"href":"https:\/\/enolife.com.ar\/es\/wp-json\/wp\/v2\/posts\/134047\/revisions"}],"wp:featuredmedia":[{"embeddable":true,"href":"https:\/\/enolife.com.ar\/es\/wp-json\/wp\/v2\/media\/134055"}],"wp:attachment":[{"href":"https:\/\/enolife.com.ar\/es\/wp-json\/wp\/v2\/media?parent=134047"}],"wp:term":[{"taxonomy":"category","embeddable":true,"href":"https:\/\/enolife.com.ar\/es\/wp-json\/wp\/v2\/categories?post=134047"},{"taxonomy":"post_tag","embeddable":true,"href":"https:\/\/enolife.com.ar\/es\/wp-json\/wp\/v2\/tags?post=134047"}],"curies":[{"name":"wp","href":"https:\/\/api.w.org\/{rel}","templated":true}]}}