{"id":133824,"date":"2024-12-28T01:55:51","date_gmt":"2024-12-28T01:55:51","guid":{"rendered":"https:\/\/enolife.com.ar\/es\/?p=133824"},"modified":"2024-12-28T16:06:12","modified_gmt":"2024-12-28T16:06:12","slug":"un-importador-de-brasil-compro-4-000-botellas-de-vino-de-dos-bodegas-boutique-mendocinas","status":"publish","type":"post","link":"https:\/\/enolife.com.ar\/es\/un-importador-de-brasil-compro-4-000-botellas-de-vino-de-dos-bodegas-boutique-mendocinas\/","title":{"rendered":"Un importador de Brasil compr\u00f3 4.000 botellas de vino de dos bodegas boutique mendocinas"},"content":{"rendered":"\n<h4 class=\"wp-block-heading\"><em><strong>Emiliano Ortega, uno de los due\u00f1os del grupo de viner\u00edas Cembra, recorri\u00f3 Mendoza en junio de 2024 en busca de vinos j\u00f3venes de la variedades que demanda el nuevo consumidor brasile\u00f1o, como cabernet franc, rosados y blancos ligeros. Tras visitar en ese momento 14 bodegas de esta provincia, retorn\u00f3 en diciembre para concretar sus primeras operaciones con las bodegas Deos y Antucura.<\/strong><\/em><\/h4>\n\n\n\n<div style=\"height:35px\" aria-hidden=\"true\" class=\"wp-block-spacer\"><\/div>\n\n\n\n\n\n<div style=\"height:45px\" aria-hidden=\"true\" class=\"wp-block-spacer\"><\/div>\n\n\n\n<p>Un importador de Brasil, que recorri\u00f3 la provincia en junio pasado, compr\u00f3 recientemente vinos de 2 de las 14 bodegas visitadas en aquel momento: <strong>Deos<\/strong> y <strong>Antucura<\/strong>. El comprador extranjero -que tuvo una agenda de negocios organizada por <strong>ProMendoza<\/strong>&#8211; adquiri\u00f3 4.000 botellas de vinos varietales que rondan cada una entre 5 y 15 d\u00f3lares. Se trata de los due\u00f1os de la <strong>Viner\u00eda Cembra<\/strong>, un proyecto de una familia argentina instalada en <strong>Porto Alegre, en R\u00edo Grande do Sul<\/strong>, el Estado brasilero con m\u00e1s consumo de vino per c\u00e1pita del pa\u00eds.<\/p>\n\n\n\n<p>Padre e hijo estuvieron hace unos meses en la provincia recorriendo 14 bodegas en busca de etiquetas de vinos de calidad, priorizando bodegas boutique, que no busquen la venta masiva en ese pa\u00eds.<\/p>\n\n\n\n<p>Debido a que los consumidores de Brasil tienen un paladar joven, la empresa decidi\u00f3 comenzar a importar vinos m\u00e1s suaves, frescos y ligeros, priorizando el <strong>cabernet franc, blancos y rosados<\/strong>. Adem\u00e1s, tiene proyectadas degustaciones y cursos de cata para p\u00fablico general -tanto en Porto Alegre como en R\u00edo de Janeiro- para estimular el consumo.<\/p>\n\n\n\n<p><em>\u00abEn Brasil se toman dos litros de vino per c\u00e1pita anuales. Si entre todos logramos que sean tres litros anuales, crecer\u00edamos 200 millones de litros en este negocio\u00bb<\/em>, asegur\u00f3 <strong>Emiliano Ortega<\/strong>, uno de los socios de Cembra.<\/p>\n\n\n\n<p><em>\u00abHemos comenzado con estas dos bodegas de Mendoza, pero ya tenemos al menos cinco bodegas m\u00e1s en nuestra prioridad y la idea es ir incorporando nuevas etiquetas cada a\u00f1o\u00bb<\/em>, agreg\u00f3 Ortega.<\/p>\n\n\n\n<div style=\"height:30px\" aria-hidden=\"true\" class=\"wp-block-spacer\"><\/div>\n\n\n<div class=\"wp-block-image\">\n<figure class=\"aligncenter size-full is-resized\"><a href=\"https:\/\/enolife.com.ar\/es\/wp-content\/uploads\/2024\/12\/6fe2e365-01c9-331e-7bf4-e822e69120d7.jpg\" data-rel=\"penci-gallery-image-content\" ><img loading=\"lazy\" decoding=\"async\" src=\"https:\/\/enolife.com.ar\/es\/wp-content\/uploads\/2024\/12\/6fe2e365-01c9-331e-7bf4-e822e69120d7.jpg\" alt=\"\" class=\"wp-image-133826\" width=\"615\" height=\"375\" srcset=\"https:\/\/enolife.com.ar\/es\/wp-content\/uploads\/2024\/12\/6fe2e365-01c9-331e-7bf4-e822e69120d7.jpg 805w, https:\/\/enolife.com.ar\/es\/wp-content\/uploads\/2024\/12\/6fe2e365-01c9-331e-7bf4-e822e69120d7-300x183.jpg 300w, https:\/\/enolife.com.ar\/es\/wp-content\/uploads\/2024\/12\/6fe2e365-01c9-331e-7bf4-e822e69120d7-768x468.jpg 768w, https:\/\/enolife.com.ar\/es\/wp-content\/uploads\/2024\/12\/6fe2e365-01c9-331e-7bf4-e822e69120d7-585x357.jpg 585w\" sizes=\"auto, (max-width: 615px) 100vw, 615px\" \/><\/a><\/figure><\/div>\n\n\n<div style=\"height:35px\" aria-hidden=\"true\" class=\"wp-block-spacer\"><\/div>\n\n\n\n<p class=\"has-medium-font-size\"><strong>La agenda de negocios<\/strong><\/p>\n\n\n\n<p>En junio, ProMendoza elabor\u00f3 una completa agenda de negocios para importadores de vinos de Brasil que buscaban etiquetas de media y alta gama.<\/p>\n\n\n\n<p>Acompa\u00f1ados por t\u00e9cnicos de ProMendoza, los compradores del pa\u00eds vecino recorrieron 14 bodegas de los 4 oasis para degustar distintas etiquetas y evaluar la posibilidad de incorporarlas a su porfolio de vinos.<\/p>\n\n\n\n<p>En la zona Este, los importadores visitaron <strong>Bodega Clement, Bodega Reval San Isidro y Bodega Aleph Wine Co.<\/strong> En el oasis Norte recorrieron <strong>Bodega C\u00e1nepa, Finca Bombal y Bodega Mev<\/strong>i. En el Valle de Uco conocieron <strong>Bodega Flor Silvestre, Antucura, Mujeres de la Vi\u00f1a y Bodega Deos<\/strong>. Por \u00faltimo, del oasis Sur degustaron vinos del <strong>Grupo Asociativo Sur de Mendoza Wine Group, Bodega Tornaghi y Bodega El Nevado.<\/strong><\/p>\n\n\n\n<div style=\"height:35px\" aria-hidden=\"true\" class=\"wp-block-spacer\"><\/div>\n\n\n\n<p class=\"has-medium-font-size\"><strong>Sobre el proyecto<\/strong><\/p>\n\n\n\n<p>La viner\u00eda del grupo Cembra se encuentra en <strong>Viam\u00e3o<\/strong>, ciudad ubicada en la zona metropolitana de Porto Alegre. Posee una exclusiva sala de degustaciones, equipada para que los compradores puedan conocer los vinos que desean adquirir.&nbsp; Es una idea que naci\u00f3 de dos amigos que la proyectaron acompa\u00f1ados de sus familias. Uno de Argentina y otro de Brasil, quienes esperan heredarles a sus hijos la vinoteca como negocio desarrollado.<\/p>\n\n\n\n<div style=\"height:30px\" aria-hidden=\"true\" class=\"wp-block-spacer\"><\/div>\n","protected":false},"excerpt":{"rendered":"<p>Emiliano Ortega, uno de los due\u00f1os del grupo de viner\u00edas Cembra, recorri\u00f3 Mendoza en junio&hellip;<\/p>\n","protected":false},"author":3,"featured_media":133827,"comment_status":"open","ping_status":"open","sticky":false,"template":"","format":"standard","meta":{"footnotes":""},"categories":[14],"tags":[],"class_list":["post-133824","post","type-post","status-publish","format-standard","has-post-thumbnail","hentry","category-news"],"_links":{"self":[{"href":"https:\/\/enolife.com.ar\/es\/wp-json\/wp\/v2\/posts\/133824","targetHints":{"allow":["GET"]}}],"collection":[{"href":"https:\/\/enolife.com.ar\/es\/wp-json\/wp\/v2\/posts"}],"about":[{"href":"https:\/\/enolife.com.ar\/es\/wp-json\/wp\/v2\/types\/post"}],"author":[{"embeddable":true,"href":"https:\/\/enolife.com.ar\/es\/wp-json\/wp\/v2\/users\/3"}],"replies":[{"embeddable":true,"href":"https:\/\/enolife.com.ar\/es\/wp-json\/wp\/v2\/comments?post=133824"}],"version-history":[{"count":0,"href":"https:\/\/enolife.com.ar\/es\/wp-json\/wp\/v2\/posts\/133824\/revisions"}],"wp:featuredmedia":[{"embeddable":true,"href":"https:\/\/enolife.com.ar\/es\/wp-json\/wp\/v2\/media\/133827"}],"wp:attachment":[{"href":"https:\/\/enolife.com.ar\/es\/wp-json\/wp\/v2\/media?parent=133824"}],"wp:term":[{"taxonomy":"category","embeddable":true,"href":"https:\/\/enolife.com.ar\/es\/wp-json\/wp\/v2\/categories?post=133824"},{"taxonomy":"post_tag","embeddable":true,"href":"https:\/\/enolife.com.ar\/es\/wp-json\/wp\/v2\/tags?post=133824"}],"curies":[{"name":"wp","href":"https:\/\/api.w.org\/{rel}","templated":true}]}}