{"id":133562,"date":"2024-12-25T22:23:26","date_gmt":"2024-12-25T22:23:26","guid":{"rendered":"https:\/\/enolife.com.ar\/es\/?p=133562"},"modified":"2024-12-26T10:45:55","modified_gmt":"2024-12-26T10:45:55","slug":"la-bodega-mendocina-grupo-salute-exporto-a-europa-tras-participar-en-la-feria-prowein-de-alemania","status":"publish","type":"post","link":"https:\/\/enolife.com.ar\/es\/la-bodega-mendocina-grupo-salute-exporto-a-europa-tras-participar-en-la-feria-prowein-de-alemania\/","title":{"rendered":"La bodega mendocina Grupo Salute export\u00f3 a Europa tras participar en la feria ProWein de Alemania"},"content":{"rendered":"\n<h4 class=\"wp-block-heading\"><em><strong>Se trata del Grupo Salute, una empresa que elabora y comercializa vinos y frutos secos, nacida en 2019 a partir de la sociedad de Bonomo-Montiel y la familia Mayo, due\u00f1os de Finca Bautem. Gracias a la participaci\u00f3n en una misi\u00f3n organizada por ProMendoza -la agencia gubernamental de promoci\u00f3n de los productos mendocinos en el exterior- la bodega exhibi\u00f3 sus vinos y concret\u00f3 negocios en la Feria ProWein D\u00fcsseldorf, y recientemente env\u00edo sus productos a Dinamarca, B\u00e9lgica y Polonia. <\/strong><\/em><\/h4>\n\n\n\n<div style=\"height:35px\" aria-hidden=\"true\" class=\"wp-block-spacer\"><\/div>\n\n\n<a href=\"https:\/\/grupoaltasur.com\/\" aria-label=\"1700-500px\"><img loading=\"lazy\" decoding=\"async\" src=\"https:\/\/enolife.com.ar\/es\/wp-content\/uploads\/2021\/01\/1700-500px.jpg\" alt=\"\"  srcset=\"https:\/\/enolife.com.ar\/es\/wp-content\/uploads\/2021\/01\/1700-500px.jpg 1700w, https:\/\/enolife.com.ar\/es\/wp-content\/uploads\/2021\/01\/1700-500px-300x88.jpg 300w, https:\/\/enolife.com.ar\/es\/wp-content\/uploads\/2021\/01\/1700-500px-1024x301.jpg 1024w, https:\/\/enolife.com.ar\/es\/wp-content\/uploads\/2021\/01\/1700-500px-768x226.jpg 768w, https:\/\/enolife.com.ar\/es\/wp-content\/uploads\/2021\/01\/1700-500px-1536x452.jpg 1536w, https:\/\/enolife.com.ar\/es\/wp-content\/uploads\/2021\/01\/1700-500px-1170x344.jpg 1170w, https:\/\/enolife.com.ar\/es\/wp-content\/uploads\/2021\/01\/1700-500px-585x172.jpg 585w\" sizes=\"auto, (max-width: 1700px) 100vw, 1700px\" width=\"1700\" height=\"500\"   \/><\/a>\n\n\n<div style=\"height:45px\" aria-hidden=\"true\" class=\"wp-block-spacer\"><\/div>\n\n\n\n<p><em>\u00abComenzamos nuestro camino de comercio exterior en ProWein Alemania en 2022 y volvimos a viajar este a\u00f1o a la misma feria\u00bb<\/em>, explic\u00f3 <strong>Antonella Tornello, <\/strong>gerente comercial del proyecto. Y agreg\u00f3: <em>\u00abViajar en el marco de la organizaci\u00f3n de ProMendoza nos anim\u00f3 a participar porque pod\u00e9s enfocarte en vender, descansando en que todo est\u00e1 organizado. De otra manera a las pymes nos resulta muy dif\u00edcil\u00bb.<\/em> <em>\u00abAdem\u00e1s, tenemos stock de nuestros productos de manera permanente en el Hub de Amberes, en B\u00e9lgica, lo cual nos ayuda al proceso de distribuci\u00f3n en Europa\u00bb<\/em>.<\/p>\n\n\n\n<p>Por su parte, <strong>Valeria Bonomo, cofundadora e <\/strong>ingeniera agr\u00f3noma, aport\u00f3: <em>\u00abCuando volvimos de la feria no ten\u00edamos tanta expectativa de negocios, pero el seguimiento que les dimos a los contactos permiti\u00f3 lograr no s\u00f3lo estas tres ventas, sino que, adem\u00e1s, estamos negociando con Alemania y Reino Unido. Y seguimos en contacto con un distribuidor de Grecia, por eso en 2025, tenemos pensando volver a esa feria\u00bb<\/em>.<\/p>\n\n\n\n<div style=\"height:30px\" aria-hidden=\"true\" class=\"wp-block-spacer\"><\/div>\n\n\n<div class=\"wp-block-image\">\n<figure class=\"aligncenter size-full is-resized\"><a href=\"https:\/\/enolife.com.ar\/es\/wp-content\/uploads\/2024\/12\/09c8a196-2575-019d-8370-32dcfead7c2b.jpeg\" data-rel=\"penci-gallery-image-content\" ><img loading=\"lazy\" decoding=\"async\" src=\"https:\/\/enolife.com.ar\/es\/wp-content\/uploads\/2024\/12\/09c8a196-2575-019d-8370-32dcfead7c2b.jpeg\" alt=\"\" class=\"wp-image-133565\" width=\"624\" height=\"391\" srcset=\"https:\/\/enolife.com.ar\/es\/wp-content\/uploads\/2024\/12\/09c8a196-2575-019d-8370-32dcfead7c2b.jpeg 959w, https:\/\/enolife.com.ar\/es\/wp-content\/uploads\/2024\/12\/09c8a196-2575-019d-8370-32dcfead7c2b-300x188.jpeg 300w, https:\/\/enolife.com.ar\/es\/wp-content\/uploads\/2024\/12\/09c8a196-2575-019d-8370-32dcfead7c2b-768x481.jpeg 768w, https:\/\/enolife.com.ar\/es\/wp-content\/uploads\/2024\/12\/09c8a196-2575-019d-8370-32dcfead7c2b-585x367.jpeg 585w\" sizes=\"auto, (max-width: 624px) 100vw, 624px\" \/><\/a><\/figure><\/div>\n\n\n<div style=\"height:30px\" aria-hidden=\"true\" class=\"wp-block-spacer\"><\/div>\n\n\n\n<p><em>\u00abDesde que decidimos comenzar a priorizar el mercado externo hemos logrado que al menos el 60% de los vinos que elaboramos lleguen al exterior. La idea es mantenernos m\u00e1s o menos en ese equilibrio que hemos logrado, creciendo en volumen, pero manteniendo esa proporci\u00f3n entre el mercado externo e interno\u00bb<\/em>, indic\u00f3 Bonomo.<\/p>\n\n\n\n<p>La empresa tiene 3 marcas de 3 bodegas distintas, para abarcar todas las gamas de precios. <strong>Conejo Negro<\/strong> es el vino de la l\u00ednea de entrada, <em>\u00abinnovadora, divertida y f\u00e1cil de beber\u00bb<\/em>, seg\u00fan la descripci\u00f3n de la etiqueta. <strong>\u00c1bito Wines<\/strong> es la l\u00ednea media de la bodega, que enfatiza las caracter\u00edsticas y notas t\u00edpicas de la regi\u00f3n de Barrancas, Maip\u00fa. Y <strong>Bonomo-Montiel<\/strong> es la etiqueta de gama alta, <em>\u00abun vino de autor que respeta la expresi\u00f3n varietal y potencia la calidad en la vinificaci\u00f3n de las distintas regiones de uva\u00bb.<\/em><\/p>\n\n\n\n<p>Tanto \u00c1bito como Bonomo-Montiel tienen excelentes puntuaciones internacionales otorgadas por los reconocidos cr\u00edticos <strong>Tim Atkin<\/strong> y <strong>James Suckling<\/strong>, lo cual tracciona positivamente en el mercado global.<\/p>\n\n\n\n<div style=\"height:30px\" aria-hidden=\"true\" class=\"wp-block-spacer\"><\/div>\n","protected":false},"excerpt":{"rendered":"<p>Se trata del Grupo Salute, una empresa que elabora y comercializa vinos y frutos secos,&hellip;<\/p>\n","protected":false},"author":3,"featured_media":133568,"comment_status":"open","ping_status":"open","sticky":false,"template":"","format":"standard","meta":{"footnotes":""},"categories":[14],"tags":[],"class_list":["post-133562","post","type-post","status-publish","format-standard","has-post-thumbnail","hentry","category-news"],"_links":{"self":[{"href":"https:\/\/enolife.com.ar\/es\/wp-json\/wp\/v2\/posts\/133562","targetHints":{"allow":["GET"]}}],"collection":[{"href":"https:\/\/enolife.com.ar\/es\/wp-json\/wp\/v2\/posts"}],"about":[{"href":"https:\/\/enolife.com.ar\/es\/wp-json\/wp\/v2\/types\/post"}],"author":[{"embeddable":true,"href":"https:\/\/enolife.com.ar\/es\/wp-json\/wp\/v2\/users\/3"}],"replies":[{"embeddable":true,"href":"https:\/\/enolife.com.ar\/es\/wp-json\/wp\/v2\/comments?post=133562"}],"version-history":[{"count":0,"href":"https:\/\/enolife.com.ar\/es\/wp-json\/wp\/v2\/posts\/133562\/revisions"}],"wp:featuredmedia":[{"embeddable":true,"href":"https:\/\/enolife.com.ar\/es\/wp-json\/wp\/v2\/media\/133568"}],"wp:attachment":[{"href":"https:\/\/enolife.com.ar\/es\/wp-json\/wp\/v2\/media?parent=133562"}],"wp:term":[{"taxonomy":"category","embeddable":true,"href":"https:\/\/enolife.com.ar\/es\/wp-json\/wp\/v2\/categories?post=133562"},{"taxonomy":"post_tag","embeddable":true,"href":"https:\/\/enolife.com.ar\/es\/wp-json\/wp\/v2\/tags?post=133562"}],"curies":[{"name":"wp","href":"https:\/\/api.w.org\/{rel}","templated":true}]}}