{"id":133550,"date":"2024-12-24T01:01:25","date_gmt":"2024-12-24T01:01:25","guid":{"rendered":"https:\/\/enolife.com.ar\/es\/?p=133550"},"modified":"2024-12-25T13:15:21","modified_gmt":"2024-12-25T13:15:21","slug":"los-reyes-magos-vuelven-a-repartir-alegria-en-san-rafael-de-la-mano-de-bodega-bianchi","status":"publish","type":"post","link":"https:\/\/enolife.com.ar\/es\/los-reyes-magos-vuelven-a-repartir-alegria-en-san-rafael-de-la-mano-de-bodega-bianchi\/","title":{"rendered":"Los Reyes Magos vuelven a repartir alegr\u00eda en San Rafael de la mano de Bodega Bianchi"},"content":{"rendered":"\n<h4 class=\"wp-block-heading\"><em><strong>Como ya es una fiesta repetida desde hace 41 a\u00f1os, el Carrousel de los Reyes Magos organizado por la familia Bianchi recorrer\u00e1 las calles de la pujante ciudad del sur mendocino el 5 de enero entre las 21.30 y las 22.30 hs, para terminar en un Pesebre Viviente con 40 artistas en escena. Los Reyes solidarios recoger\u00e1n las cartitas de los chicos para repartir al d\u00eda siguiente los regalos donados por diversas entidades entre hogares de ni\u00f1os, familias y ancianos en situaci\u00f3n de vulnerabilidad.<\/strong><\/em> <\/h4>\n\n\n\n<div style=\"height:35px\" aria-hidden=\"true\" class=\"wp-block-spacer\"><\/div>\n\n\n\n\n\n<div style=\"height:45px\" aria-hidden=\"true\" class=\"wp-block-spacer\"><\/div>\n\n\n\n<p>El <strong>tradicional desfile<\/strong> que cada a\u00f1o re\u00fane a <strong>cerca de 30.000 personas<\/strong>, terminar\u00e1 este a\u00f1o con un <strong>Pesebre Viviente<\/strong> con 50 artistas en escena.<\/p>\n\n\n\n<p>Como todos los a\u00f1os, llega uno de los eventos m\u00e1s esperados por las familias y los ni\u00f1os de San Rafael: el <strong>\u201cCarrousel de los Reyes Magos\u201d<\/strong>, organizado por <strong>Bodegas Bianchi.<\/strong> El domingo 5 de enero de 2024, el evento que m\u00e1s p\u00fablico re\u00fane en una \u00fanica jornada en San Rafael -y que desde hace 4 d\u00e9cadas organiza la bodega junto a sus empleados- llega nuevamente para reunir esfuerzos en pos de los ni\u00f1os y ancianos en situaci\u00f3n de vulnerabilidad del departamento. Se trata de una de las acciones de Responsabilidad Social m\u00e1s importantes de la provincia que cuenta con apoyo de la <strong>Municipalidad de San Rafael<\/strong>, la <strong>Polic\u00eda de Mendoza<\/strong>, y diversas empresas locales que contribuyen desinteresadamente para hacer realidad esta iniciativa solidaria. Este a\u00f1o la premisa es donar juguetes y productos de primera necesidad a hogares de ni\u00f1os y asilos de ancianos de la ciudad.<\/p>\n\n\n\n<div style=\"height:16px\" aria-hidden=\"true\" class=\"wp-block-spacer\"><\/div>\n\n\n\n<h3 class=\"wp-block-heading has-vivid-red-color has-text-color\">Bodegas Bianchi contin\u00faa demostrando su compromiso con la comunidad de San Rafael, su terru\u00f1o de origen, impulsando esta celebraci\u00f3n que tendr\u00e1 a los Reyes Magos recorriendo las distintas calles de la ciudad para recibir las cartitas de los ni\u00f1os y al d\u00eda siguiente entregar junto a los empleados y la familia Bianchi lo donando por distintas empresas del medio.<\/h3>\n\n\n\n<div style=\"height:24px\" aria-hidden=\"true\" class=\"wp-block-spacer\"><\/div>\n\n\n<div class=\"wp-block-image\">\n<figure class=\"aligncenter size-full is-resized\"><a href=\"https:\/\/enolife.com.ar\/es\/wp-content\/uploads\/2024\/12\/MA2_4954.jpeg\" data-rel=\"penci-gallery-image-content\" ><img loading=\"lazy\" decoding=\"async\" src=\"https:\/\/enolife.com.ar\/es\/wp-content\/uploads\/2024\/12\/MA2_4954.jpeg\" alt=\"\" class=\"wp-image-133556\" width=\"566\" height=\"317\" srcset=\"https:\/\/enolife.com.ar\/es\/wp-content\/uploads\/2024\/12\/MA2_4954.jpeg 893w, https:\/\/enolife.com.ar\/es\/wp-content\/uploads\/2024\/12\/MA2_4954-300x168.jpeg 300w, https:\/\/enolife.com.ar\/es\/wp-content\/uploads\/2024\/12\/MA2_4954-768x430.jpeg 768w, https:\/\/enolife.com.ar\/es\/wp-content\/uploads\/2024\/12\/MA2_4954-585x328.jpeg 585w\" sizes=\"auto, (max-width: 566px) 100vw, 566px\" \/><\/a><\/figure><\/div>\n\n\n<div style=\"height:30px\" aria-hidden=\"true\" class=\"wp-block-spacer\"><\/div>\n\n\n\n<p>En esta oportunidad, se podr\u00e1 apreciar una renovaci\u00f3n en el espect\u00e1culo que incluye cambios en el carro. Este a\u00f1o, la bodega sorprender\u00e1 con una carroza aleg\u00f3rica que representa la ic\u00f3nica <strong>Estrella de Bel\u00e9n<\/strong> guiando el camino hacia el <strong>Ni\u00f1o Jes\u00fas<\/strong>. La tradicional carroza, dise\u00f1ada y construida especialmente para esta ocasi\u00f3n, ser\u00e1 el centro de atenci\u00f3n del desfile que recorrer\u00e1 las principales calles de la ciudad. Con luces, colores y detalles que evocan la noche de <strong>Navidad,<\/strong> la Estrella de Bel\u00e9n se convertir\u00e1 en un s\u00edmbolo de esperanza y alegr\u00eda para grandes y chicos.<\/p>\n\n\n\n<p>La noche se tornar\u00e1 m\u00e1gica, ya que 40 bailarines en escena acompa\u00f1ar\u00e1n el paso de los Reyes Magos, deleitando a grandes y chicos. Y una vez <strong>en el KM 0 de la ciudad<\/strong>, se sumar\u00e1n m\u00e1s artistas para brindar un espect\u00e1culo \u00fanico: un Pesebre Viviente que alegrar\u00e1 y emocionar\u00e1 a las familias sanrafaelinas y a los turistas que se dan cita todos los a\u00f1os para disfrutar de una velada \u00fanica.<\/p>\n\n\n\n<p>El desfile partir\u00e1 a las 21.30 hs desde la <strong>Avenida Rodolfo Isel\u00edn e Hip\u00f3lito Yrigoyen<\/strong> y recorrer\u00e1 la ciudad de San Rafael hacia el Este por Yrigoyen, <strong>para finalizar en Mitre y Col\u00f3n<\/strong>. En el Kil\u00f3metro Cero habr\u00e1 un escenario gigante donde cerca de las 22.30 hs, 50 artistas dar\u00e1n vida al Pesebre Viviente, contando lo que sucedi\u00f3 esa noche en Bel\u00e9n a trav\u00e9s de distintas coreograf\u00edas y una voz en off que narrar\u00e1 los acontecimientos.<\/p>\n\n\n\n<p>Como siempre, las <strong>cartitas tambi\u00e9n se recepcionar\u00e1n a partir del 2 al 5 de enero en los buzones <\/strong>que se encontrar\u00e1n junto con las zapatillas gigantes ubicados en el <strong>Kil\u00f3metro Cero, el Paseo Luis Huerta y el Parque de los Ni\u00f1os.<\/strong><\/p>\n\n\n\n<p><em>\u201cEstamos orgullosos de cumplir 41 a\u00f1os haciendo felices a los ni\u00f1os y a las familias de nuestra ciudad. Como bodega nos sentimos especialmente unidos a nuestra comunidad, somos parte del patrimonio cultural, identidad e historia del vino en nuestra provincia\u201d<\/em>&#8211; afirma Sylvia Bianchi, integrante de la 3\u00ba generaci\u00f3n de la familia bodeguera.<\/p>\n\n\n\n<p>Continuando su labor, el lunes 6 de enero, los Reyes Magos visitar\u00e1n los hogares de ni\u00f1os Caminito (Barrios TAC y Musso), Mar\u00eda Cristina, San Crist\u00f3bal, San Juan Bosco, Divina Providencia y San Mart\u00edn de Tours; el Asilo de ancianos Hogar Las Mercedes y el Hospital Teodoro J. Schestakow distribuyendo las donaciones de acuerdo a la cantidad que cada uno de ellos albergue.<\/p>\n\n\n\n<div style=\"height:35px\" aria-hidden=\"true\" class=\"wp-block-spacer\"><\/div>\n\n\n\n<p class=\"has-medium-font-size\"><strong>Historia del Carrousel de los Reyes Magos<\/strong><\/p>\n\n\n\n<p><em>\u201cLa primera cabalgata se realiz\u00f3 en 1985 aunque, tres a\u00f1os antes, un grupo de gente que trabajaba en Bodegas Bianchi comenz\u00f3 a llevar juguetes a los hijos del personal de la empresa\u201d<\/em>, record\u00f3 Sylvia Bianchi, y a\u00f1adi\u00f3: <em>\u201cAl a\u00f1o siguiente (1983), compraron trajes de Reyes Magos y volvieron a repartir juguetes, adem\u00e1s de ir a hogares como Coraz\u00f3n y Voluntad y Hogar de Nazaret\u201d<\/em>, destac\u00f3 Sylvia.<\/p>\n\n\n\n<p>Y agreg\u00f3: <em>\u201cEn 1984 decidieron ir al hospital, y una anciana que se encontraba muy grave de salud pidi\u00f3 ver a los Reyes Magos. Los pudo ver y, como no les quedaba ning\u00fan regalo para darle, uno de los empleados se quit\u00f3 una cruz que llevaba y se la entreg\u00f3; fue en ese momento cuando la mujer -que poco despu\u00e9s fallecer\u00eda- les pidi\u00f3 que salieran a la calle, y a partir de ah\u00ed naci\u00f3 la idea de hacer la cabalgata\u201d<\/em>.<\/p>\n\n\n\n<div style=\"height:30px\" aria-hidden=\"true\" class=\"wp-block-spacer\"><\/div>\n\n\n<div class=\"wp-block-image\">\n<figure class=\"aligncenter size-full is-resized\"><a href=\"https:\/\/enolife.com.ar\/es\/wp-content\/uploads\/2024\/12\/MA2_5290.jpeg\" data-rel=\"penci-gallery-image-content\" ><img loading=\"lazy\" decoding=\"async\" src=\"https:\/\/enolife.com.ar\/es\/wp-content\/uploads\/2024\/12\/MA2_5290.jpeg\" alt=\"\" class=\"wp-image-133558\" width=\"528\" height=\"346\" srcset=\"https:\/\/enolife.com.ar\/es\/wp-content\/uploads\/2024\/12\/MA2_5290.jpeg 764w, https:\/\/enolife.com.ar\/es\/wp-content\/uploads\/2024\/12\/MA2_5290-300x196.jpeg 300w, https:\/\/enolife.com.ar\/es\/wp-content\/uploads\/2024\/12\/MA2_5290-585x383.jpeg 585w\" sizes=\"auto, (max-width: 528px) 100vw, 528px\" \/><\/a><\/figure><\/div>\n\n\n<div style=\"height:30px\" aria-hidden=\"true\" class=\"wp-block-spacer\"><\/div>\n\n\n\n<p>En un principio, y hasta 2012, se realizaba una cabalgata que part\u00eda desde la Rotonda del Mapa, llegando los caballos a la bodega ubicada en calle Comandante Torres; no obstante, con el tiempo esa modalidad vari\u00f3 a Carrousel, inspir\u00e1ndose en un evento similar que se realiza en Espa\u00f1a.<\/p>\n\n\n\n<p>En 1989, la actividad fue declarada de Inter\u00e9s Departamental por el Honorable Concejo Deliberante; en 1997, en tanto, de Inter\u00e9s Provincial por la Honorable C\u00e1mara de Diputados de Mendoza.<\/p>\n\n\n\n<div style=\"height:35px\" aria-hidden=\"true\" class=\"wp-block-spacer\"><\/div>\n\n\n\n<p class=\"has-medium-font-size\"><strong>Acerca de Bodegas Bianchi, vinos de familia desde 1928<\/strong><\/p>\n\n\n\n<p>Bodegas Bianchi es una bodega argentina con herencia familiar que se proyecta con sus valores de tradici\u00f3n, calidad, prestigio, innovaci\u00f3n y contemporaneidad en la viticultura argentina. Con 95 a\u00f1os de historia, Bodegas Bianchi es parte del patrimonio argentino. <\/p>\n\n\n\n<p>Situada en su hist\u00f3rico terru\u00f1o de San Rafael y en el Valle de Uco, Mendoza, es reconocida mundialmente por su larga trayectoria elaborando vinos y espumantes de excelencia. Bodegas Bianchi es hoy una marca global con presencia en m\u00e1s de 40 pa\u00edses representando los valores y la calidad del vino argentino en todo el mundo. <\/p>\n\n\n\n<p>Su portfolio se basa en diversas marcas muy reconocidas que ofrecen en todos los casos alta calidad, prestigio y valor. Las principales marcas de la bodega son Enzo Bianchi, Mar\u00eda Carmen, Bianchi IV Generaci\u00f3n, Bianchi Particular, Gran Famiglia Bianchi, Famiglia Bianchi y los espumantes Bianchi Premium Extra Brut, Famiglia Bianchi y Bianchi Estrella. Su marca New Age y Marl\u00f3 de vinos dulces y los vinos tradicionales como Don Valent\u00edn Lacrado completan el portfolio. Despu\u00e9s de casi un siglo de trabajo, \u00e9xito y renombre, Bodegas Bianchi sigue respetando el legado de la familia, manteniendo viva la pasi\u00f3n por el vino, cruzando fronteras y explorando constantemente nuevos horizontes.<\/p>\n\n\n\n<div style=\"height:30px\" aria-hidden=\"true\" class=\"wp-block-spacer\"><\/div>\n","protected":false},"excerpt":{"rendered":"<p>Como ya es una fiesta repetida desde hace 41 a\u00f1os, el Carrousel de los Reyes&hellip;<\/p>\n","protected":false},"author":3,"featured_media":133560,"comment_status":"open","ping_status":"open","sticky":false,"template":"","format":"standard","meta":{"footnotes":""},"categories":[47],"tags":[],"class_list":["post-133550","post","type-post","status-publish","format-standard","has-post-thumbnail","hentry","category-agenda"],"_links":{"self":[{"href":"https:\/\/enolife.com.ar\/es\/wp-json\/wp\/v2\/posts\/133550","targetHints":{"allow":["GET"]}}],"collection":[{"href":"https:\/\/enolife.com.ar\/es\/wp-json\/wp\/v2\/posts"}],"about":[{"href":"https:\/\/enolife.com.ar\/es\/wp-json\/wp\/v2\/types\/post"}],"author":[{"embeddable":true,"href":"https:\/\/enolife.com.ar\/es\/wp-json\/wp\/v2\/users\/3"}],"replies":[{"embeddable":true,"href":"https:\/\/enolife.com.ar\/es\/wp-json\/wp\/v2\/comments?post=133550"}],"version-history":[{"count":0,"href":"https:\/\/enolife.com.ar\/es\/wp-json\/wp\/v2\/posts\/133550\/revisions"}],"wp:featuredmedia":[{"embeddable":true,"href":"https:\/\/enolife.com.ar\/es\/wp-json\/wp\/v2\/media\/133560"}],"wp:attachment":[{"href":"https:\/\/enolife.com.ar\/es\/wp-json\/wp\/v2\/media?parent=133550"}],"wp:term":[{"taxonomy":"category","embeddable":true,"href":"https:\/\/enolife.com.ar\/es\/wp-json\/wp\/v2\/categories?post=133550"},{"taxonomy":"post_tag","embeddable":true,"href":"https:\/\/enolife.com.ar\/es\/wp-json\/wp\/v2\/tags?post=133550"}],"curies":[{"name":"wp","href":"https:\/\/api.w.org\/{rel}","templated":true}]}}