{"id":133521,"date":"2024-12-23T22:13:37","date_gmt":"2024-12-23T22:13:37","guid":{"rendered":"https:\/\/enolife.com.ar\/es\/?p=133521"},"modified":"2024-12-24T14:15:50","modified_gmt":"2024-12-24T14:15:50","slug":"hasta-hoy-23-12-24-inscriben-a-bailarines-y-actores-que-aspiren-a-trabajar-en-la-vendimia-2025","status":"publish","type":"post","link":"https:\/\/enolife.com.ar\/es\/hasta-hoy-23-12-24-inscriben-a-bailarines-y-actores-que-aspiren-a-trabajar-en-la-vendimia-2025\/","title":{"rendered":"Hasta hoy 23\/12\/24 inscriben a bailarines y actores que aspiren a trabajar en la Vendimia 2025"},"content":{"rendered":"\n<h4 class=\"wp-block-heading\"><em><strong>La selecci\u00f3n de artistas estar\u00e1 a cargo del&nbsp;staff&nbsp;art\u00edstico encargado de llevar adelante la puesta en escena del Acto Central. La Direcci\u00f3n de Vendimia y Producci\u00f3n Cultural de la Subsecretar\u00eda de Cultura, dependiente del Ministerio de Educaci\u00f3n, Cultura, Infancias y DGE, informa el inicio de inscripciones y audiciones de artistas aspirantes a participar en el Calendario Vendimia 2025.<\/strong><\/em><\/h4>\n\n\n\n<div style=\"height:35px\" aria-hidden=\"true\" class=\"wp-block-spacer\"><\/div>\n\n\n\n\n\n<div style=\"height:45px\" aria-hidden=\"true\" class=\"wp-block-spacer\"><\/div>\n\n\n\n<p>La selecci\u00f3n de artistas estar\u00e1 a cargo del&nbsp;<em>staff&nbsp;<\/em>art\u00edstico encargado de llevar adelante la puesta en escena y est\u00e1 conformado por H\u00e9ctor Daniel Gomina, en direcci\u00f3n general; Rafael Ricardo Ruiz, en guion; como core\u00f3grafo de folclore, Mart\u00edn Dami\u00e1n Villarruel; como core\u00f3grafa de contempor\u00e1neo, Vanina Gispert, y a cargo de la direcci\u00f3n de actores, Adri\u00e1n Sorrentino.<\/p>\n\n\n\n<p>El per\u00edodo de inscripci\u00f3n es desde hoy jueves 19 al lunes 23 de diciembre de 2024 a las 23.59.<\/p>\n\n\n\n<p>Los cargos a contratar son un total de 218 artistas, seg\u00fan el siguiente detalle:<\/p>\n\n\n\n<ul class=\"wp-block-list\">\n<li>100 Bailarines\/as folcl\u00f3ricos (18 a 50 a\u00f1os).<\/li>\n\n\n\n<li>8 Bailarines\/as folcl\u00f3ricos adultos (51 a 65 a\u00f1os).<\/li>\n\n\n\n<li>50 Bailarines\/as contempor\u00e1neos (18 a 50 a\u00f1os).<\/li>\n\n\n\n<li>60 Actores y actrices (18 a 65 a\u00f1os).<\/li>\n<\/ul>\n\n\n\n<p>El cachet general estipulado es de $800.000 para las distintas categor\u00edas de artistas.<\/p>\n\n\n\n<p>Podr\u00e1n participar personas residentes en la provincia de Mendoza (excluyente), mayores de 18 a\u00f1os cumplidos al 31\/01\/2025 y presentar idoneidad para el cargo a concursar.<\/p>\n\n\n\n<p>Es importante destacar que aquellos artistas que se inscribieron para la Fiesta Nacional de la Vendimia 2025 no podr\u00e1n inscribirse para el Calendario Vendimia 2025.<\/p>\n\n\n\n<div style=\"height:35px\" aria-hidden=\"true\" class=\"wp-block-spacer\"><\/div>\n\n\n\n<p class=\"has-medium-font-size\"><strong>Fechas de audiciones<\/strong><\/p>\n\n\n\n<p><strong>Audiciones bailarines folclore, folclore adultos:<\/strong> S\u00e1bado 28 de diciembre de 2024 en el Espacio Cultural Julio Le Parc (Revisar turno asignado)<\/p>\n\n\n\n<p><strong>Audiciones actrices y actores<\/strong>: Domingo 29 de diciembre de 2024 en el Espacio Cultural Julio Le Parc. Turno ma\u00f1ana.<\/p>\n\n\n\n<p><strong>Audiciones bailarines contempor\u00e1neos: <\/strong>Domingo 29 de diciembre de 2024 en el  Espacio Cultural Julio Le Parc. Turno tarde.<\/p>\n\n\n\n<div style=\"height:35px\" aria-hidden=\"true\" class=\"wp-block-spacer\"><\/div>\n\n\n\n<p class=\"has-medium-font-size\"><strong>Resultados de audiciones<\/strong><\/p>\n\n\n\n<p>Los resultados de audici\u00f3n de bailarines\/as y actores\/actrices ser\u00e1n publicados el lunes 13 de enero de 2025 a partir de las 16, en la p\u00e1gina institucional de la&nbsp;<a href=\"http:\/\/www.mendoza.gov.ar\/cultura\">Subsecretar\u00eda de Cultura<\/a>.<\/p>\n\n\n\n<p><strong>Para m\u00e1s informaci\u00f3n y enlace de inscripci\u00f3n, consultar&nbsp;<a rel=\"noreferrer noopener\" href=\"https:\/\/www.mendoza.gov.ar\/cultura\/vendimia\/inscripciones-bailarines-y-actores-aspirantes-a-participar-del-calendario-vendimia-2025\/?preview=true&amp;_thumbnail_id=12281\" target=\"_blank\">aqu\u00ed.<\/a><\/strong><\/p>\n\n\n\n<div style=\"height:30px\" aria-hidden=\"true\" class=\"wp-block-spacer\"><\/div>\n","protected":false},"excerpt":{"rendered":"<p>La selecci\u00f3n de artistas estar\u00e1 a cargo del&nbsp;staff&nbsp;art\u00edstico encargado de llevar adelante la puesta en&hellip;<\/p>\n","protected":false},"author":3,"featured_media":133536,"comment_status":"open","ping_status":"open","sticky":false,"template":"","format":"standard","meta":{"footnotes":""},"categories":[14],"tags":[],"class_list":["post-133521","post","type-post","status-publish","format-standard","has-post-thumbnail","hentry","category-news"],"_links":{"self":[{"href":"https:\/\/enolife.com.ar\/es\/wp-json\/wp\/v2\/posts\/133521","targetHints":{"allow":["GET"]}}],"collection":[{"href":"https:\/\/enolife.com.ar\/es\/wp-json\/wp\/v2\/posts"}],"about":[{"href":"https:\/\/enolife.com.ar\/es\/wp-json\/wp\/v2\/types\/post"}],"author":[{"embeddable":true,"href":"https:\/\/enolife.com.ar\/es\/wp-json\/wp\/v2\/users\/3"}],"replies":[{"embeddable":true,"href":"https:\/\/enolife.com.ar\/es\/wp-json\/wp\/v2\/comments?post=133521"}],"version-history":[{"count":0,"href":"https:\/\/enolife.com.ar\/es\/wp-json\/wp\/v2\/posts\/133521\/revisions"}],"wp:featuredmedia":[{"embeddable":true,"href":"https:\/\/enolife.com.ar\/es\/wp-json\/wp\/v2\/media\/133536"}],"wp:attachment":[{"href":"https:\/\/enolife.com.ar\/es\/wp-json\/wp\/v2\/media?parent=133521"}],"wp:term":[{"taxonomy":"category","embeddable":true,"href":"https:\/\/enolife.com.ar\/es\/wp-json\/wp\/v2\/categories?post=133521"},{"taxonomy":"post_tag","embeddable":true,"href":"https:\/\/enolife.com.ar\/es\/wp-json\/wp\/v2\/tags?post=133521"}],"curies":[{"name":"wp","href":"https:\/\/api.w.org\/{rel}","templated":true}]}}