{"id":133198,"date":"2024-12-18T23:38:04","date_gmt":"2024-12-18T23:38:04","guid":{"rendered":"https:\/\/enolife.com.ar\/es\/?p=133198"},"modified":"2024-12-19T21:20:57","modified_gmt":"2024-12-19T21:20:57","slug":"diputados-de-mendoza-apoyan-a-fecovita-y-piden-un-informe-a-la-justicia-sobre-el-conflicto-con-iberte","status":"publish","type":"post","link":"https:\/\/enolife.com.ar\/es\/diputados-de-mendoza-apoyan-a-fecovita-y-piden-un-informe-a-la-justicia-sobre-el-conflicto-con-iberte\/","title":{"rendered":"Diputados de Mendoza apoyan a Fecovita y piden un informe a la Justicia sobre el conflicto con Iberte"},"content":{"rendered":"\n<h4 class=\"wp-block-heading\"><em><strong>Este 18\/12\/24 se desarroll\u00f3 en la capital provincial un nuevo cap\u00edtulo en direcci\u00f3n a resolver un ya largo conflicto que preocupa a los miles de productores vitivin\u00edcolas asociados a la Federaci\u00f3n de Cooperativas Vitivin\u00edcolas Argentinas (Fecovita). Los legisladores mendocinos quieren saber por qu\u00e9 los directivos de la empresa espa\u00f1ola-eslovaca Iberte -entre ellos el ex presidente del INV, el mendocino Guillermo Garc\u00eda y el espa\u00f1ol Jos\u00e9 Luis Retamero- quieren llevar un entredicho comercial a la justicia ordinaria, pidiendo la imputaci\u00f3n de los directivos locales de Fecovita. <\/strong><\/em><\/h4>\n\n\n\n<hr class=\"wp-block-separator has-alpha-channel-opacity\"\/>\n\n\n\n<h4 class=\"wp-block-heading\"><em><strong>Los diputados pidieron informes de la situaci\u00f3n a la justicia argentina porque presumen que \u00abalgo huele feo\u00bb en los injustificados pedidos de Iberte -ex socia de Fecovita-, firma que ya tuvo varios reveses judiciales, como cuando pidieron, sin \u00e9xito, la quiebra de la cooperativa vitivin\u00edcola m\u00e1s grande de Argentina argumentando que manten\u00edan con ellos una deuda (<a href=\"https:\/\/enolife.com.ar\/es\/la-justicia-rechazo-el-pedido-de-quiebra-a-fecovita-e-imputo-por-estafa-a-quienes-la-solicitaron\/\">ver nota de Enolife)<\/a>. Por el contrario, los dirigentes mendocinos ya han demostrado que la situaci\u00f3n es a la inversa, que la que debe importantes sumas de dinero a Fecovita es Iberte. En la reuni\u00f3n en la Legislatura se hicieron presentes, adem\u00e1s de los dirigentes, unos 100 productores en respaldo de su organizacion coooperativa.<\/strong><\/em><\/h4>\n\n\n\n<div style=\"height:35px\" aria-hidden=\"true\" class=\"wp-block-spacer\"><\/div>\n\n\n<a href=\"https:\/\/estanciamendoza.com.ar\/es\/\" aria-label=\"Copia de BEM &#8211; Banner adaptaciones diario digital_BEM &#8211; Banner Enolife &#8211; 1700&#215;500\"><img loading=\"lazy\" decoding=\"async\" src=\"https:\/\/enolife.com.ar\/es\/wp-content\/uploads\/2019\/07\/Copia-de-BEM-Banner-adaptaciones-diario-digital_BEM-Banner-Enolife-1700x500-1.jpg\" alt=\"\"  srcset=\"https:\/\/enolife.com.ar\/es\/wp-content\/uploads\/2019\/07\/Copia-de-BEM-Banner-adaptaciones-diario-digital_BEM-Banner-Enolife-1700x500-1.jpg 1700w, https:\/\/enolife.com.ar\/es\/wp-content\/uploads\/2019\/07\/Copia-de-BEM-Banner-adaptaciones-diario-digital_BEM-Banner-Enolife-1700x500-1-300x88.jpg 300w, https:\/\/enolife.com.ar\/es\/wp-content\/uploads\/2019\/07\/Copia-de-BEM-Banner-adaptaciones-diario-digital_BEM-Banner-Enolife-1700x500-1-1024x301.jpg 1024w, https:\/\/enolife.com.ar\/es\/wp-content\/uploads\/2019\/07\/Copia-de-BEM-Banner-adaptaciones-diario-digital_BEM-Banner-Enolife-1700x500-1-768x226.jpg 768w, https:\/\/enolife.com.ar\/es\/wp-content\/uploads\/2019\/07\/Copia-de-BEM-Banner-adaptaciones-diario-digital_BEM-Banner-Enolife-1700x500-1-1536x452.jpg 1536w, https:\/\/enolife.com.ar\/es\/wp-content\/uploads\/2019\/07\/Copia-de-BEM-Banner-adaptaciones-diario-digital_BEM-Banner-Enolife-1700x500-1-1170x344.jpg 1170w, https:\/\/enolife.com.ar\/es\/wp-content\/uploads\/2019\/07\/Copia-de-BEM-Banner-adaptaciones-diario-digital_BEM-Banner-Enolife-1700x500-1-585x172.jpg 585w\" sizes=\"auto, (max-width: 1700px) 100vw, 1700px\" width=\"1700\" height=\"500\"   \/><\/a>\n\n\n<div style=\"height:45px\" aria-hidden=\"true\" class=\"wp-block-spacer\"><\/div>\n\n\n\n<p>Productores vitivin\u00edcolas de toda la provincia fueron a la Legislatura en apoyo a los directivos de Fecovita. Fue durante la sesion en que la <strong>C\u00e1mara de Diputados de Mendoza<\/strong> vot\u00f3 por unanimidad el pedido de informe al <strong>Ministerio P\u00fablico Fiscal<\/strong> sobre el estado judicial de conflicto entre la <strong>Federaci\u00f3n de Cooperativas Vitivin\u00edcolas Argentinas (Fecovita)<\/strong> e <strong>Iberte.<\/strong><\/p>\n\n\n\n<p>Unos 100 productores se hicieron presentes en la Legislatura provincial para participar en la sesi\u00f3n donde se trat\u00f3 el pedido de informe que se le solicita al Ministerio P\u00fablico Fiscal sobre el conflicto judicial de Fecovita con la empresa espa\u00f1ola-eslovaca. Los 44 diputados presentes votaron a favor del pedido.<\/p>\n\n\n\n<p>Los productores integrados a Fecovita fueron con anterioridad a la <strong>Comisi\u00f3n de Derechos y Garant\u00edas<\/strong> a explicar el estado de las causas y las falencias que hab\u00eda en el pedido de imputaci\u00f3n a los directivos de la empresa. Los integrantes de dicha comisi\u00f3n votaron tambi\u00e9n por unanimidad el pedido de informe y lo elevaron para que se trate en el recinto.<\/p>\n\n\n\n<div style=\"height:30px\" aria-hidden=\"true\" class=\"wp-block-spacer\"><\/div>\n\n\n<div class=\"wp-block-image\">\n<figure class=\"aligncenter size-full is-resized\"><a href=\"https:\/\/enolife.com.ar\/es\/wp-content\/uploads\/2024\/12\/WhatsApp-Image-2024-12-18-at-17.02.17-2.jpeg\" data-rel=\"penci-gallery-image-content\" ><img loading=\"lazy\" decoding=\"async\" src=\"https:\/\/enolife.com.ar\/es\/wp-content\/uploads\/2024\/12\/WhatsApp-Image-2024-12-18-at-17.02.17-2.jpeg\" alt=\"\" class=\"wp-image-133208\" width=\"577\" height=\"335\" srcset=\"https:\/\/enolife.com.ar\/es\/wp-content\/uploads\/2024\/12\/WhatsApp-Image-2024-12-18-at-17.02.17-2.jpeg 860w, https:\/\/enolife.com.ar\/es\/wp-content\/uploads\/2024\/12\/WhatsApp-Image-2024-12-18-at-17.02.17-2-300x174.jpeg 300w, https:\/\/enolife.com.ar\/es\/wp-content\/uploads\/2024\/12\/WhatsApp-Image-2024-12-18-at-17.02.17-2-768x447.jpeg 768w, https:\/\/enolife.com.ar\/es\/wp-content\/uploads\/2024\/12\/WhatsApp-Image-2024-12-18-at-17.02.17-2-585x340.jpeg 585w\" sizes=\"auto, (max-width: 577px) 100vw, 577px\" \/><\/a><\/figure><\/div>\n\n\n<div style=\"height:30px\" aria-hidden=\"true\" class=\"wp-block-spacer\"><\/div>\n\n\n\n<p>El diputado <strong>Jos\u00e9 Luis Ram\u00f3n<\/strong> fue el primer orador y entre otras cosas habl\u00f3 sobre la utilizaci\u00f3n de la justicia penal para fines comerciales: <em>\u201cEn este conflicto comercial en donde se intenta por una de las partes degradar con el sistema de la justicia penal a los directivos de Fecovita, nosotros empezamos a ver que ac\u00e1 hay algo, en t\u00e9rminos de mi barrio, que huele feo\u201d.<\/em><\/p>\n\n\n\n<p><strong>Osvaldo Coll<\/strong>, abogado de Fecovita, explic\u00f3 que no hay razones para que se imputen a los directivos y dijo: <em>\u201cEsta denuncia ya hab\u00eda sido archivada, luego la desarchivaron e hicieron una pericia contable que sali\u00f3 totalmente favorable a Fecovita y aun as\u00ed piden la imputaci\u00f3n. Es muy grave esto que est\u00e1 pasando\u201d,<\/em> y agreg\u00f3 que <em>\u201cFecovita defender\u00e1 a sus directivos hasta las \u00faltimas instancias, y si es necesario iremos a la Corte Interamericana de Justicia\u201d.<\/em><\/p>\n\n\n\n<div style=\"height:30px\" aria-hidden=\"true\" class=\"wp-block-spacer\"><\/div>\n\n\n<div class=\"wp-block-image\">\n<figure class=\"aligncenter size-full is-resized\"><a href=\"https:\/\/enolife.com.ar\/es\/wp-content\/uploads\/2024\/12\/IMG_0030_Sesin_18-12-2024.jpg\" data-rel=\"penci-gallery-image-content\" ><img loading=\"lazy\" decoding=\"async\" src=\"https:\/\/enolife.com.ar\/es\/wp-content\/uploads\/2024\/12\/IMG_0030_Sesin_18-12-2024.jpg\" alt=\"\" class=\"wp-image-133212\" width=\"627\" height=\"388\" srcset=\"https:\/\/enolife.com.ar\/es\/wp-content\/uploads\/2024\/12\/IMG_0030_Sesin_18-12-2024.jpg 781w, https:\/\/enolife.com.ar\/es\/wp-content\/uploads\/2024\/12\/IMG_0030_Sesin_18-12-2024-300x186.jpg 300w, https:\/\/enolife.com.ar\/es\/wp-content\/uploads\/2024\/12\/IMG_0030_Sesin_18-12-2024-768x475.jpg 768w, https:\/\/enolife.com.ar\/es\/wp-content\/uploads\/2024\/12\/IMG_0030_Sesin_18-12-2024-585x362.jpg 585w\" sizes=\"auto, (max-width: 627px) 100vw, 627px\" \/><\/a><figcaption class=\"wp-element-caption\"><em><strong>El diputado mendocino Jos\u00e9 Luis Ram\u00f3n durante su alocuci\u00f3n en defensa de Fecovita.<\/strong><\/em><\/figcaption><\/figure><\/div>\n\n\n<div style=\"height:30px\" aria-hidden=\"true\" class=\"wp-block-spacer\"><\/div>\n\n\n\n<p>En ese mismo sentido, el diputado <strong>Gustavo Cairo<\/strong> expres\u00f3: <em>\u201cAc\u00e1 hab\u00eda una denuncia que estaba archivada y tambi\u00e9n se desarchiv\u00f3 y puede haber esos largos tent\u00e1culos pol\u00edticos accionando en alg\u00fan lugar y queremos que quede claro que as\u00ed no sea y que aqu\u00ed tenemos que defender a la Provincia de Mendoza representada en este caso por su empresa m\u00e1s importante, que es Fecovita\u201d.<\/em><\/p>\n\n\n\n<p>El diputado <strong>Daniel Llaver<\/strong> se mostr\u00f3 preocupado por el futuro de Fecovita: <em>\u201cSeguramente ac\u00e1 hay otros intereses oscuros que lo que quieren es hacer caer a esta empresa para despu\u00e9s sobre las cenizas venir a comprarla por dos pesos\u201d.<\/em><\/p>\n\n\n\n<p>Adem\u00e1s de los productores tambi\u00e9n participaron de la sesi\u00f3n, empleados de la empresa y miembros del <strong>Sindicato de Obreros y Empleados Vitivin\u00edcolas y Afines (Soeva) <\/strong>de <strong>Maip\u00fa<\/strong>, mostrando su apoyo a la empresa y sus directivos; pero tambi\u00e9n su preocupaci\u00f3n por sus fuentes de trabajo. La diputada <strong>Ver\u00f3nica Valverde<\/strong> agradeci\u00f3 la presencia del personal de Fecovita y su en su discurso y habl\u00f3 sobre la importancia de su trabajo.<\/p>\n\n\n\n<div style=\"height:30px\" aria-hidden=\"true\" class=\"wp-block-spacer\"><\/div>\n\n\n<div class=\"wp-block-image\">\n<figure class=\"aligncenter size-full is-resized\"><a href=\"https:\/\/enolife.com.ar\/es\/wp-content\/uploads\/2024\/12\/WhatsApp-Image-2024-12-18-at-17.02.17-4.jpeg\" data-rel=\"penci-gallery-image-content\" ><img loading=\"lazy\" decoding=\"async\" src=\"https:\/\/enolife.com.ar\/es\/wp-content\/uploads\/2024\/12\/WhatsApp-Image-2024-12-18-at-17.02.17-4.jpeg\" alt=\"\" class=\"wp-image-133210\" width=\"617\" height=\"353\" srcset=\"https:\/\/enolife.com.ar\/es\/wp-content\/uploads\/2024\/12\/WhatsApp-Image-2024-12-18-at-17.02.17-4.jpeg 872w, https:\/\/enolife.com.ar\/es\/wp-content\/uploads\/2024\/12\/WhatsApp-Image-2024-12-18-at-17.02.17-4-300x172.jpeg 300w, https:\/\/enolife.com.ar\/es\/wp-content\/uploads\/2024\/12\/WhatsApp-Image-2024-12-18-at-17.02.17-4-768x440.jpeg 768w, https:\/\/enolife.com.ar\/es\/wp-content\/uploads\/2024\/12\/WhatsApp-Image-2024-12-18-at-17.02.17-4-585x335.jpeg 585w\" sizes=\"auto, (max-width: 617px) 100vw, 617px\" \/><\/a><\/figure><\/div>\n\n\n<div style=\"height:30px\" aria-hidden=\"true\" class=\"wp-block-spacer\"><\/div>\n\n\n\n<p>Por el Bloque del Partido Verde, el diputado <strong>Emanuel Fugazzotto<\/strong> tambi\u00e9n mostr\u00f3 su apoyo al pedido de informe y dijo: <em>\u201cEsperamos que en este tema particular estemos todos del bando del nosotros, del bando de Mendoza, no del bando de ellos, de esos piratas que siempre se escudan en empresas que tienen dudosas procedencias\u201d.<\/em><\/p>\n\n\n\n<p>Luego del voto un\u00e1nime para el pedido de informe, se hizo un cuarto intermedio y los diputados estuvieron reunidos con los productores y se mostraron preocupados por la situaci\u00f3n general de la vitivinicultura y particularmente por el da\u00f1o causado por el granizo en la noche del 17\/12\/24.<\/p>\n\n\n\n<div style=\"height:30px\" aria-hidden=\"true\" class=\"wp-block-spacer\"><\/div>\n","protected":false},"excerpt":{"rendered":"<p>Este 18\/12\/24 se desarroll\u00f3 en la capital provincial un nuevo cap\u00edtulo en direcci\u00f3n a resolver&hellip;<\/p>\n","protected":false},"author":3,"featured_media":133207,"comment_status":"open","ping_status":"open","sticky":false,"template":"","format":"standard","meta":{"footnotes":""},"categories":[14],"tags":[],"class_list":["post-133198","post","type-post","status-publish","format-standard","has-post-thumbnail","hentry","category-news"],"_links":{"self":[{"href":"https:\/\/enolife.com.ar\/es\/wp-json\/wp\/v2\/posts\/133198","targetHints":{"allow":["GET"]}}],"collection":[{"href":"https:\/\/enolife.com.ar\/es\/wp-json\/wp\/v2\/posts"}],"about":[{"href":"https:\/\/enolife.com.ar\/es\/wp-json\/wp\/v2\/types\/post"}],"author":[{"embeddable":true,"href":"https:\/\/enolife.com.ar\/es\/wp-json\/wp\/v2\/users\/3"}],"replies":[{"embeddable":true,"href":"https:\/\/enolife.com.ar\/es\/wp-json\/wp\/v2\/comments?post=133198"}],"version-history":[{"count":0,"href":"https:\/\/enolife.com.ar\/es\/wp-json\/wp\/v2\/posts\/133198\/revisions"}],"wp:featuredmedia":[{"embeddable":true,"href":"https:\/\/enolife.com.ar\/es\/wp-json\/wp\/v2\/media\/133207"}],"wp:attachment":[{"href":"https:\/\/enolife.com.ar\/es\/wp-json\/wp\/v2\/media?parent=133198"}],"wp:term":[{"taxonomy":"category","embeddable":true,"href":"https:\/\/enolife.com.ar\/es\/wp-json\/wp\/v2\/categories?post=133198"},{"taxonomy":"post_tag","embeddable":true,"href":"https:\/\/enolife.com.ar\/es\/wp-json\/wp\/v2\/tags?post=133198"}],"curies":[{"name":"wp","href":"https:\/\/api.w.org\/{rel}","templated":true}]}}