{"id":133142,"date":"2024-12-19T22:03:37","date_gmt":"2024-12-19T22:03:37","guid":{"rendered":"https:\/\/enolife.com.ar\/es\/?p=133142"},"modified":"2024-12-20T15:32:22","modified_gmt":"2024-12-20T15:32:22","slug":"las-maquinas-agricolas-massey-ferguson-ahora-mas-a-la-mano-de-los-productores-mendocinos","status":"publish","type":"post","link":"https:\/\/enolife.com.ar\/es\/las-maquinas-agricolas-massey-ferguson-ahora-mas-a-la-mano-de-los-productores-mendocinos\/","title":{"rendered":"Las m\u00e1quinas agr\u00edcolas Massey Ferguson, ahora m\u00e1s a la mano de los productores mendocinos"},"content":{"rendered":"\n<h4 class=\"wp-block-heading\"><em><strong>La marca que desde hace d\u00e9cadas es l\u00edder mundial en la fabricaci\u00f3n y distribuci\u00f3n de maquinaria agr\u00edcola, con 55 a\u00f1os de presencia en el pa\u00eds, tiene desde el pasado 11\/12\/24 nueva base en Mendoza: la firma Agrogosecha de Maip\u00fa, flamante concesionario. Esta inauguraci\u00f3n, alineada a la nueva identidad visual de la marca, forma parte de la estrategia integral de expansi\u00f3n de Massey Ferguson y de renovaci\u00f3n de su red de concesionarios oficiales a nivel nacional.&nbsp;<\/strong><\/em><\/h4>\n\n\n\n<div style=\"height:35px\" aria-hidden=\"true\" class=\"wp-block-spacer\"><\/div>\n\n\n\n\n\n<div style=\"height:45px\" aria-hidden=\"true\" class=\"wp-block-spacer\"><\/div>\n\n\n\n<p>Ubicada en Maip\u00fa, en el acceso Este de la ciudad de Mendoza, en el km 1023 de la Lateral Sur, la nueva concesionaria <strong>Agrocosecha<\/strong> tiene una superficie total de 6.000 m2 y cuenta con un <em>showroom<\/em> de m\u00e1s de 700 m2, amplias \u00e1reas destinadas a la atenci\u00f3n al p\u00fablico, sector de <em>coworking<\/em> y sala de estar con cafeter\u00eda, oficinas para atenci\u00f3n comercial, exhibici\u00f3n de maquinaria y una zona destinada para la venta de accesorios y <em>merchandising<\/em> de la marca.<\/p>\n\n\n\n<p>Se destaca el sector de repuestos con atenci\u00f3n por mostrador, la venta de lubricantes y aceites, el dep\u00f3sito distribuido en dos plantas, as\u00ed como un moderno taller de 400 m2 con tecnolog\u00eda de punta, lavadero, sala de pintura y mec\u00e1nicos especializados, que aseguran un servicio \u00e1gil y eficiente de posventa para el productor.<\/p>\n\n\n\n<div style=\"height:13px\" aria-hidden=\"true\" class=\"wp-block-spacer\"><\/div>\n\n\n\n<h3 class=\"wp-block-heading has-vivid-red-color has-text-color\">En sus 177 a\u00f1os de historia, Massey Ferguson, marca global de AGCO, ha fabricado en el mundo m\u00e1s de 5 millones de tractores y 350.000 cosechadoras.&nbsp;<\/h3>\n\n\n\n<div style=\"height:15px\" aria-hidden=\"true\" class=\"wp-block-spacer\"><\/div>\n\n\n\n<p>La inauguraci\u00f3n se llev\u00f3 a cabo el 11 de diciembre, y participaron de la misma <strong>Rodrigo Junqueira<\/strong>, vicepresidente de Massey Ferguson y general manager South America MF SA; <strong>Sergio Karin<\/strong>, director comercial Massey Ferguson para Hispanoam\u00e9rica; <strong>Luiz Pallos<\/strong>, director distribution South America; y <strong>Lucas Gilbert<\/strong> y <strong>Sergio Asti\u00e9<\/strong>, socios de Agrocosecha.<\/p>\n\n\n\n<div style=\"height:30px\" aria-hidden=\"true\" class=\"wp-block-spacer\"><\/div>\n\n\n<div class=\"wp-block-image\">\n<figure class=\"aligncenter size-full is-resized\"><a href=\"https:\/\/enolife.com.ar\/es\/wp-content\/uploads\/2024\/12\/PHOTO-2024-12-13-08-24-28-4.jpeg\" data-rel=\"penci-gallery-image-content\" ><img loading=\"lazy\" decoding=\"async\" src=\"https:\/\/enolife.com.ar\/es\/wp-content\/uploads\/2024\/12\/PHOTO-2024-12-13-08-24-28-4.jpeg\" alt=\"\" class=\"wp-image-133364\" width=\"676\" height=\"405\" srcset=\"https:\/\/enolife.com.ar\/es\/wp-content\/uploads\/2024\/12\/PHOTO-2024-12-13-08-24-28-4.jpeg 834w, https:\/\/enolife.com.ar\/es\/wp-content\/uploads\/2024\/12\/PHOTO-2024-12-13-08-24-28-4-300x180.jpeg 300w, https:\/\/enolife.com.ar\/es\/wp-content\/uploads\/2024\/12\/PHOTO-2024-12-13-08-24-28-4-768x460.jpeg 768w, https:\/\/enolife.com.ar\/es\/wp-content\/uploads\/2024\/12\/PHOTO-2024-12-13-08-24-28-4-585x351.jpeg 585w\" sizes=\"auto, (max-width: 676px) 100vw, 676px\" \/><\/a><\/figure><\/div>\n\n\n<div style=\"height:35px\" aria-hidden=\"true\" class=\"wp-block-spacer\"><\/div>\n\n\n\n<blockquote class=\"wp-block-quote is-layout-flow wp-block-quote-is-layout-flow\">\n<p>Esta nueva apertura, en una zona tan importante y estrat\u00e9gica para nosotros, nos llena de orgullo y refuerza el compromiso de la marca en nuestro pa\u00eds. Con su presencia en la zona, Agrocosecha contribuir\u00e1 a impulsar la marca Massey Ferguson en este proceso de renovaci\u00f3n de red de concesionarios poniendo al agricultor en el centro de todo y brindando la mejor experiencia al cliente.\u00bb<em> <\/em><\/p>\n<cite>Sergio Karin, director comercial de Massey Ferguson para Hispanoam\u00e9rica.<\/cite><\/blockquote>\n\n\n\n<div style=\"height:29px\" aria-hidden=\"true\" class=\"wp-block-spacer\"><\/div>\n\n\n\n<p>Gilbert, en tanto, record\u00f3 los inicios de su emprendimiento y agradeci\u00f3 emocionado resaltando el valor humano de Agrocosecha:&nbsp;<em>\u00abHoy se cumple un sue\u00f1o personal que parec\u00eda inalcanzable para m\u00ed, que era justamente ser concesionario de Massey Ferguson. Y quiero agradecer a todo el equipo de Agrocosecha porque se sumaron a este proyecto con profesionalismo, compromiso y una calidez humana inmensa, y porque con su trabajo son los verdaderos protagonistas del crecimiento que hemos experimentado en los casi 15 a\u00f1os de existencia de la empresa. Hoy damos un paso enorme para terminar de consolidarnos como los referentes absolutos de la regi\u00f3n con Massey Ferguson como nuestra principal bandera, con tractores, maquinarias y agricultura de precisi\u00f3n y un servicio de posventa de excelencia. Por eso, hoy brindo para que sigamos juntos cultivando sue\u00f1os y cumpliendo ilusiones\u00bb.<\/em><\/p>\n\n\n\n<div style=\"height:30px\" aria-hidden=\"true\" class=\"wp-block-spacer\"><\/div>\n\n\n<div class=\"wp-block-image\">\n<figure class=\"aligncenter size-full is-resized\"><a href=\"https:\/\/enolife.com.ar\/es\/wp-content\/uploads\/2024\/12\/PHOTO-2024-12-13-08-24-28-1.jpeg\" data-rel=\"penci-gallery-image-content\" ><img loading=\"lazy\" decoding=\"async\" src=\"https:\/\/enolife.com.ar\/es\/wp-content\/uploads\/2024\/12\/PHOTO-2024-12-13-08-24-28-1.jpeg\" alt=\"\" class=\"wp-image-133368\" width=\"600\" height=\"348\" srcset=\"https:\/\/enolife.com.ar\/es\/wp-content\/uploads\/2024\/12\/PHOTO-2024-12-13-08-24-28-1.jpeg 860w, https:\/\/enolife.com.ar\/es\/wp-content\/uploads\/2024\/12\/PHOTO-2024-12-13-08-24-28-1-300x174.jpeg 300w, https:\/\/enolife.com.ar\/es\/wp-content\/uploads\/2024\/12\/PHOTO-2024-12-13-08-24-28-1-768x447.jpeg 768w, https:\/\/enolife.com.ar\/es\/wp-content\/uploads\/2024\/12\/PHOTO-2024-12-13-08-24-28-1-585x340.jpeg 585w\" sizes=\"auto, (max-width: 600px) 100vw, 600px\" \/><\/a><\/figure><\/div>\n\n\n<div style=\"height:30px\" aria-hidden=\"true\" class=\"wp-block-spacer\"><\/div>\n\n\n\n<p>Asti\u00e9, por su parte, indic\u00f3:&nbsp;<em>\u00abComienza una nueva etapa de la marca Massey Ferguson en Mendoza liderada por Agrocosecha y queremos agradecerles por la confianza depositada. Estoy seguro que juntos formaremos una alianza que ser\u00e1 muy productiva para las dos empresas\u00bb.<\/em><\/p>\n\n\n\n<p>Con esta nueva inauguraci\u00f3n, Massey Ferguson afirma as\u00ed el respaldo continuo para las operaciones rurales en Mendoza y se consolida como marca esencial para el crecimiento del sector agr\u00edcola.<\/p>\n\n\n\n<div style=\"height:35px\" aria-hidden=\"true\" class=\"wp-block-spacer\"><\/div>\n\n\n\n<p class=\"has-medium-font-size\"><strong>Acerca de Massey Ferguson&nbsp;<\/strong> <\/p>\n\n\n\n<p>En Argentina, la historia de Massey Ferguson arranca en 1969 en la localidad santafesina de Granadero Baigorria, con la producci\u00f3n de tractores para el mercado local y Am\u00e9rica latina. Desde mediados de la d\u00e9cada de 1980 se comercializan las cosechadoras MF 3690 y MF 5650 con un rotundo \u00e9xito. En los a\u00f1os &#8217;70, &#8217;80 y hasta fines de los &#8217;90 se producen l\u00edneas de tractores nacionales que pusieron a la marca en el liderazgo del mercado local. En 2013 se inaugura una nueva planta en el partido bonaerense de General Rodr\u00edguez, con la fabricaci\u00f3n de tractores de la serie MF 7000 y luego la reconocida MF 4200. En sus 177 a\u00f1os de historia Massey Ferguson, marca global de AGCO, ha fabricado en el mundo m\u00e1s de 5 millones de tractores y 350.000 cosechadoras.&nbsp;<\/p>\n\n\n\n<div style=\"height:35px\" aria-hidden=\"true\" class=\"wp-block-spacer\"><\/div>\n\n\n\n<p class=\"has-medium-font-size\"><strong>Acerca de Agrocosecha<\/strong><\/p>\n\n\n\n<p>Agrocosecha (<a rel=\"noreferrer noopener\" href=\"http:\/\/www.agrocosecha.com.ar\/\" target=\"_blank\"><strong>www.agrocosecha.com.ar<\/strong><\/a>) es una empresa con 15 a\u00f1os de trayectoria que brinda soluciones tecnol\u00f3gicas, y ofrece productos y servicios para lograr una agricultura m\u00e1s eficiente y rentable. Tiene sedes en los oasis Este, Norte y Valle de Uco de Mendoza. <strong>Instagram: <a href=\"https:\/\/www.instagram.com\/agrocosecha\/?hl=es-la\">@agrocosecha<\/a><\/strong>; <strong>Facebook: <a href=\"https:\/\/www.facebook.com\/agrocosechasa\">Agrocosecha<\/a><\/strong><a href=\"https:\/\/www.facebook.com\/agrocosechasa\">.<\/a><\/p>\n\n\n\n<div style=\"height:36px\" aria-hidden=\"true\" class=\"wp-block-spacer\"><\/div>\n","protected":false},"excerpt":{"rendered":"<p>La marca que desde hace d\u00e9cadas es l\u00edder mundial en la fabricaci\u00f3n y distribuci\u00f3n de&hellip;<\/p>\n","protected":false},"author":3,"featured_media":133363,"comment_status":"open","ping_status":"open","sticky":false,"template":"","format":"standard","meta":{"footnotes":""},"categories":[56,57],"tags":[],"class_list":["post-133142","post","type-post","status-publish","format-standard","has-post-thumbnail","hentry","category-destacado","category-empresas"],"_links":{"self":[{"href":"https:\/\/enolife.com.ar\/es\/wp-json\/wp\/v2\/posts\/133142","targetHints":{"allow":["GET"]}}],"collection":[{"href":"https:\/\/enolife.com.ar\/es\/wp-json\/wp\/v2\/posts"}],"about":[{"href":"https:\/\/enolife.com.ar\/es\/wp-json\/wp\/v2\/types\/post"}],"author":[{"embeddable":true,"href":"https:\/\/enolife.com.ar\/es\/wp-json\/wp\/v2\/users\/3"}],"replies":[{"embeddable":true,"href":"https:\/\/enolife.com.ar\/es\/wp-json\/wp\/v2\/comments?post=133142"}],"version-history":[{"count":0,"href":"https:\/\/enolife.com.ar\/es\/wp-json\/wp\/v2\/posts\/133142\/revisions"}],"wp:featuredmedia":[{"embeddable":true,"href":"https:\/\/enolife.com.ar\/es\/wp-json\/wp\/v2\/media\/133363"}],"wp:attachment":[{"href":"https:\/\/enolife.com.ar\/es\/wp-json\/wp\/v2\/media?parent=133142"}],"wp:term":[{"taxonomy":"category","embeddable":true,"href":"https:\/\/enolife.com.ar\/es\/wp-json\/wp\/v2\/categories?post=133142"},{"taxonomy":"post_tag","embeddable":true,"href":"https:\/\/enolife.com.ar\/es\/wp-json\/wp\/v2\/tags?post=133142"}],"curies":[{"name":"wp","href":"https:\/\/api.w.org\/{rel}","templated":true}]}}