{"id":132708,"date":"2024-12-15T16:22:30","date_gmt":"2024-12-15T16:22:30","guid":{"rendered":"https:\/\/enolife.com.ar\/es\/?p=132708"},"modified":"2024-12-17T23:47:28","modified_gmt":"2024-12-17T23:47:28","slug":"agustin-kloster-el-creador-del-champan-de-milei-para-que-lloren-los-zurdos","status":"publish","type":"post","link":"https:\/\/enolife.com.ar\/es\/agustin-kloster-el-creador-del-champan-de-milei-para-que-lloren-los-zurdos\/","title":{"rendered":"Agust\u00edn Kloster, el creador del champ\u00e1n de Milei para que lloren los zurdos"},"content":{"rendered":"\n<h4 class=\"wp-block-heading\"><em><strong>Un joven abogado porte\u00f1o, aficionado al vino y su cultura, simpatizante aunque no militante del gobierno de Javier Milei, es por estos d\u00edas uno de los personajes m\u00e1s requeridos por los periodistas argentinos e incluso internacionales que buscan destacar el lanzamiento del \u00abvino del presidente\u00bb, un espumante hecho en Mendoza con dedicatoria a sus denostados rivales del \u00abzurdaje\u00bb. \u00abL\u00e1grimas de zurdo\u00bb est\u00e1 elaborado con uvas chardonnay y chenin de Luj\u00e1n de cuyo, sali\u00f3 al mercado local hace menos de un mes a un precio sugerido de $18.900, y las 2.000 botellas iniciales ya se agotaron, por lo que Agust\u00edn Kloster (35), el ide\u00f3logo de la marca y el lanzamiento, ya le encarg\u00f3 a la bodega Crowdfarming.Wine 20.000 botellas m\u00e1s. <\/strong><\/em><\/h4>\n\n\n\n<div style=\"height:35px\" aria-hidden=\"true\" class=\"wp-block-spacer\"><\/div>\n\n\n\n\n\n<div style=\"height:45px\" aria-hidden=\"true\" class=\"wp-block-spacer\"><\/div>\n\n\n\n<p><em>Por <strong>Pedro Straniero<\/strong>, editor de <strong>Enolife<\/strong><\/em><\/p>\n\n\n\n<div style=\"height:30px\" aria-hidden=\"true\" class=\"wp-block-spacer\"><\/div>\n\n\n\n<p>El <strong>23 de abril de 2024<\/strong>, el presidente argentino <strong>Javier Milei<\/strong> realiz\u00f3 un desafiante posteo en sus redes de <strong>Instagram<\/strong> y <strong>X<\/strong>. Fiel a su estilo, public\u00f3 una imagen de un le\u00f3n (macho, bien melenudo) con una pata agarrando una taza de caf\u00e9 con la inscripci\u00f3n <strong>\u00abl\u00e1grimas de zurdo\u00bb<\/strong>. Fue su respuesta, ir\u00f3nica si se quiere, a la impactante marcha universitaria que ped\u00eda mantener los presupuestos para las casas de estudio y en defensa de la educaci\u00f3n p\u00fablica, realizada ese mismo d\u00eda. El posteo se hizo viral, muy festejado por los seguidores del mandatario. A partir de entonces, cada tanto ha reaparecido en publicaciones, arengas y actos oficiales la frase \u00abl\u00e1grimas de zurdo\u00bb, en alusi\u00f3n al supuesto lamento de los izquierdistas opositores de Milei.<\/p>\n\n\n\n<div style=\"height:30px\" aria-hidden=\"true\" class=\"wp-block-spacer\"><\/div>\n\n\n<div class=\"wp-block-image\">\n<figure class=\"aligncenter size-full is-resized\"><a href=\"https:\/\/enolife.com.ar\/es\/wp-content\/uploads\/2024\/12\/6759af0dbb289_570_352.png\" data-rel=\"penci-gallery-image-content\" ><img loading=\"lazy\" decoding=\"async\" src=\"https:\/\/enolife.com.ar\/es\/wp-content\/uploads\/2024\/12\/6759af0dbb289_570_352.png\" alt=\"\" class=\"wp-image-132764\" width=\"598\" height=\"369\" srcset=\"https:\/\/enolife.com.ar\/es\/wp-content\/uploads\/2024\/12\/6759af0dbb289_570_352.png 570w, https:\/\/enolife.com.ar\/es\/wp-content\/uploads\/2024\/12\/6759af0dbb289_570_352-300x185.png 300w\" sizes=\"auto, (max-width: 598px) 100vw, 598px\" \/><\/a><\/figure><\/div>\n\n\n<div style=\"height:35px\" aria-hidden=\"true\" class=\"wp-block-spacer\"><\/div>\n\n\n\n<p><strong>Agust\u00edn Kloster (35)<\/strong>, un joven y emprendedor abogado porte\u00f1o, conocido del vocero presidencial <strong>Manuel Adorni<\/strong> y del propio presidente Milei, advirti\u00f3 la fuerza de la provocativa frase y, previa consulta al l\u00edder libertario, se puso en campa\u00f1a para hacer el vino, que result\u00f3 un espumante, ese n\u00e9ctar burbujeante al que los argentinos llamamos coloquialmente <em>\u00abchamp\u00fa\u00bb<\/em>, una deformaci\u00f3n humor\u00edstica de <em>\u00abchampagne\u00bb<\/em>. O sea, por un lado busc\u00f3 poner en el escenario una de las estrategias predilectas del presidente, la de desafiar a sus adversarios, para lograr un impacto medi\u00e1tico-pol\u00edtico; y por otro lado intuy\u00f3 una veta comercial, \u00abla vio\u00bb, como tambi\u00e9n decimos por estos \u00abpagos\u00bb. Pero atendamos a c\u00f3mo el propio Agust\u00edn cuenta la historia.<\/p>\n\n\n\n<div style=\"height:30px\" aria-hidden=\"true\" class=\"wp-block-spacer\"><\/div>\n\n\n<div class=\"wp-block-image\">\n<figure class=\"aligncenter size-full is-resized\"><a href=\"https:\/\/enolife.com.ar\/es\/wp-content\/uploads\/2024\/12\/agustin-kloster-el-abogado-creador-del-espumante-lagrimas-zurdojpg.jpg\" data-rel=\"penci-gallery-image-content\" ><img loading=\"lazy\" decoding=\"async\" src=\"https:\/\/enolife.com.ar\/es\/wp-content\/uploads\/2024\/12\/agustin-kloster-el-abogado-creador-del-espumante-lagrimas-zurdojpg.jpg\" alt=\"\" class=\"wp-image-132765\" width=\"612\" height=\"362\" srcset=\"https:\/\/enolife.com.ar\/es\/wp-content\/uploads\/2024\/12\/agustin-kloster-el-abogado-creador-del-espumante-lagrimas-zurdojpg.jpg 845w, https:\/\/enolife.com.ar\/es\/wp-content\/uploads\/2024\/12\/agustin-kloster-el-abogado-creador-del-espumante-lagrimas-zurdojpg-300x178.jpg 300w, https:\/\/enolife.com.ar\/es\/wp-content\/uploads\/2024\/12\/agustin-kloster-el-abogado-creador-del-espumante-lagrimas-zurdojpg-768x454.jpg 768w, https:\/\/enolife.com.ar\/es\/wp-content\/uploads\/2024\/12\/agustin-kloster-el-abogado-creador-del-espumante-lagrimas-zurdojpg-585x346.jpg 585w\" sizes=\"auto, (max-width: 612px) 100vw, 612px\" \/><\/a><figcaption class=\"wp-element-caption\"><em><strong>Agust\u00edn Kloster<\/strong><\/em><\/figcaption><\/figure><\/div>\n\n\n<div style=\"height:35px\" aria-hidden=\"true\" class=\"wp-block-spacer\"><\/div>\n\n\n\n<p class=\"has-medium-font-size\"><strong>Apuesta redoblada<\/strong><\/p>\n\n\n\n<p>Tal vez hasta los propios \u00abzurdos\u00bb tengan ganas de brindar con el champ\u00fa que los \u00abgasta\u00bb, porque el nombre es muy ingenioso, y adem\u00e1s pinta un momento de la historia actual argentina. M\u00e1s all\u00e1 de que sea o no rico -todav\u00eda no lo probamos, estamos esperando el regalo del presidente- \u00a1es un vino de colecci\u00f3n!<\/p>\n\n\n\n<p><em>\u00abCuando el espumante estuvo embotellado, le regal\u00e9 una caja a Manuel Adorni, y Adorni lo llev\u00f3 al festejo del primer a\u00f1o de gobierno\u00bb<\/em>, comienza contando Agust\u00edn.<\/p>\n\n\n\n<div style=\"height:30px\" aria-hidden=\"true\" class=\"wp-block-spacer\"><\/div>\n\n\n<div class=\"wp-block-image\">\n<figure class=\"aligncenter size-full is-resized\"><a href=\"https:\/\/enolife.com.ar\/es\/wp-content\/uploads\/2024\/12\/1baad3b1-c9e8-44f2-a6d3-5fb383a11674.jpg\" data-rel=\"penci-gallery-image-content\" ><img loading=\"lazy\" decoding=\"async\" src=\"https:\/\/enolife.com.ar\/es\/wp-content\/uploads\/2024\/12\/1baad3b1-c9e8-44f2-a6d3-5fb383a11674.jpg\" alt=\"\" class=\"wp-image-132767\" width=\"557\" height=\"344\" srcset=\"https:\/\/enolife.com.ar\/es\/wp-content\/uploads\/2024\/12\/1baad3b1-c9e8-44f2-a6d3-5fb383a11674.jpg 810w, https:\/\/enolife.com.ar\/es\/wp-content\/uploads\/2024\/12\/1baad3b1-c9e8-44f2-a6d3-5fb383a11674-300x185.jpg 300w, https:\/\/enolife.com.ar\/es\/wp-content\/uploads\/2024\/12\/1baad3b1-c9e8-44f2-a6d3-5fb383a11674-768x474.jpg 768w, https:\/\/enolife.com.ar\/es\/wp-content\/uploads\/2024\/12\/1baad3b1-c9e8-44f2-a6d3-5fb383a11674-585x361.jpg 585w\" sizes=\"auto, (max-width: 557px) 100vw, 557px\" \/><\/a><figcaption class=\"wp-element-caption\"><em><strong>Las fotos que Manuel Adorni poste\u00f3 en su cuenta de twitter<\/strong><\/em><\/figcaption><\/figure><\/div>\n\n\n<div style=\"height:35px\" aria-hidden=\"true\" class=\"wp-block-spacer\"><\/div>\n\n\n\n<p>Y aclara: <em>\u00abEl nombre no se me ocurri\u00f3 a m\u00ed, se le ocurri\u00f3 al presidente&#8230; En abril pasado, despu\u00e9s de la marcha universitaria, subi\u00f3 una imagen a X e Instagram con la inscripci\u00f3n &#8216;L\u00e1grimas de zurdo&#8217;. Y eso es realmente una actitud disruptiva, distinta a la de cualquier pol\u00edtico, fue como redoblar la apuesta, a la vez que tratar de tranquilizar la situaci\u00f3n&#8230; Y eso me inspir\u00f3\u00bb.<\/em><\/p>\n\n\n\n<p><em>\u201cCuando viaj\u00e1s al exterior, en vez de Messi o Maradona, ahora te dicen &#8216;Ah, Milei&#8217;<\/em>&#8216;, refuerza su fundamentaci\u00f3n el abogado.<strong>&nbsp;<\/strong><em>\u00abEs un&nbsp;fen\u00f3meno mundial<\/em> -considera-, <em>y ese cambio qued\u00f3 resonando en mi cabeza. Un amigo&nbsp;descorch\u00f3&nbsp;un espumante en una fiesta de cumplea\u00f1os y ah\u00ed me dije: \u2018Es esto, tiene que ser un espumante lo de&nbsp;l\u00e1grimas de zurdo, queda chica la imagen en la taza del posteo, la gente tiene que tener algo real para festejar&#8230;\u00bb<\/em><\/p>\n\n\n\n<div style=\"height:20px\" aria-hidden=\"true\" class=\"wp-block-spacer\"><\/div>\n\n\n\n<h3 class=\"wp-block-heading has-vivid-red-color has-text-color\">\u00abL\u00e1grimas de zurdo\u00bb&nbsp;explot\u00f3 despu\u00e9s del pasado 3 de diciembre,&nbsp;cuando&nbsp;el propio Javier Milei comparti\u00f3 una foto&nbsp;de la etiqueta del espumante, que tiene la imagen del le\u00f3n-alter ego del presidente. La publicaci\u00f3n obtuvo unos 130.000&nbsp;<em>likes&nbsp;<\/em>y desat\u00f3 la euforia libertaria, por lo que<strong>&nbsp;<\/strong>la l\u00ednea de WhatsApp que Kloster divulg\u00f3 para la venta colaps\u00f3 de tantos pedidos.<\/h3>\n\n\n\n<div style=\"height:20px\" aria-hidden=\"true\" class=\"wp-block-spacer\"><\/div>\n\n\n\n<p>Despu\u00e9s de este alumbramiento, Agust\u00edn comenz\u00f3 a contactarse con bodegas de Mendoza, <em>\u00abporque yo viajo bastante all\u00e1 por mi trabajo, y conozco bastante de vinos<\/em>\u00ab, cuenta. \u00ab<em>Y bueno, encontr\u00e9 a unos muy buenos profesionales que me hicieron el proyecto\u00bb<\/em>, agrega refiri\u00e9ndose a la empresa <strong>Crowfarming.Wine<\/strong>, comandada por el joven ingeniero agr\u00f3nomo y en\u00f3logo <strong>Francisco Evangelista<\/strong> <strong>(ver nota de Enolife 17\/7\/24: <a href=\"https:\/\/enolife.com.ar\/es\/el-enologo-emprendedor-de-lujan-que-hizo-realidad-el-sueno-del-vino-propio-a-80-clientes-del-mundo\/\">El en\u00f3logo emprendedor de Luj\u00e1n que hizo realidad el sue\u00f1o del vino propio a 80 clientes del mundo<\/a>).<\/strong> Y desliza con picard\u00eda: <em>\u00abDesde ya que el nombre es pol\u00e9mico, no creo que los zurdos est\u00e9n entre los clientes que va a buscar este champagne&#8230; Bueno, no s\u00e9&#8230;\u00bb.<\/em><\/p>\n\n\n\n<div style=\"height:35px\" aria-hidden=\"true\" class=\"wp-block-spacer\"><\/div>\n\n\n\n<p class=\"has-medium-font-size\"><strong>\u00bfUna movida pol\u00edtica o un negocio?<\/strong><\/p>\n\n\n\n<p>Con respecto al objetivo del lanzamiento, Agust\u00edn reflexiona: <em>\u00abNosotros lo que hicimos fue tomar una idea rupturista y convertirla en una marca, y las marcas no se meten en pol\u00edtica, le escapan a la pol\u00edtica. Nuestro valor agregado es eso&#8230; Porque yo no milito para el partido libertario, no tengo una posici\u00f3n pol\u00edtica, s\u00f3lo una opini\u00f3n personal. Lo que yo vi es que hab\u00eda una situaci\u00f3n de contexto, quer\u00eda aprovechar y compartir ese sentimiento que tienen muchos, darle forma, y bueno, lo que hicimos fue darle forma de vino\u00bb.<\/em><\/p>\n\n\n\n<div style=\"height:30px\" aria-hidden=\"true\" class=\"wp-block-spacer\"><\/div>\n\n\n<div class=\"wp-block-image\">\n<figure class=\"aligncenter size-full is-resized\"><a href=\"https:\/\/enolife.com.ar\/es\/wp-content\/uploads\/2024\/12\/lagrimas-de-zurdo.jpg\" data-rel=\"penci-gallery-image-content\" ><img loading=\"lazy\" decoding=\"async\" src=\"https:\/\/enolife.com.ar\/es\/wp-content\/uploads\/2024\/12\/lagrimas-de-zurdo.jpg\" alt=\"\" class=\"wp-image-132769\" width=\"582\" height=\"345\" srcset=\"https:\/\/enolife.com.ar\/es\/wp-content\/uploads\/2024\/12\/lagrimas-de-zurdo.jpg 843w, https:\/\/enolife.com.ar\/es\/wp-content\/uploads\/2024\/12\/lagrimas-de-zurdo-300x178.jpg 300w, https:\/\/enolife.com.ar\/es\/wp-content\/uploads\/2024\/12\/lagrimas-de-zurdo-768x456.jpg 768w, https:\/\/enolife.com.ar\/es\/wp-content\/uploads\/2024\/12\/lagrimas-de-zurdo-585x347.jpg 585w\" sizes=\"auto, (max-width: 582px) 100vw, 582px\" \/><\/a><\/figure><\/div>\n\n\n<div style=\"height:35px\" aria-hidden=\"true\" class=\"wp-block-spacer\"><\/div>\n\n\n\n<p>Muchos podr\u00e1n pensar que la movida de Agust\u00edn tiene un fin pol\u00edtico, que est\u00e1 pensada para impulsar las ideas libertatrias en este pr\u00f3ximo a\u00f1o cuando habr\u00e1 elecciones parlamentarias. A lo que el abogado-comerciante responde: <em>\u00abEsto no es una chicana de turno, yo creo que es una herramienta, es cierto que podr\u00eda ser una herramienta pol\u00edtica, un s\u00edmbolo, vamos a ver c\u00f3mo sigue. Por ahora, como tenemos pedidos de muchas partes del mundo, nos dedicamos a satisfacer esa demanda&#8230;\u00bb<\/em><\/p>\n\n\n\n<div style=\"height:20px\" aria-hidden=\"true\" class=\"wp-block-spacer\"><\/div>\n\n\n\n<blockquote class=\"wp-block-quote is-layout-flow wp-block-quote-is-layout-flow\">\n<p>Cuando se lo llev\u00e9 a Adorni se mostr\u00f3 muy agradecido. Nos interes\u00f3 mucho el tema de que los propios argentinos podemos invertir en Argentina, porque muchas veces se subestima al argentino, diciendo que las inversiones tienen que ser extranjeras. Los argentinos tambi\u00e9n podemos invertir\u00bb.<\/p>\n<cite>Agust\u00edn Kloster<\/cite><\/blockquote>\n\n\n\n<div style=\"height:35px\" aria-hidden=\"true\" class=\"wp-block-spacer\"><\/div>\n\n\n\n<p class=\"has-medium-font-size\"><strong>\u00abNo tengo ning\u00fan v\u00ednculo con el partido\u00bb<\/strong><\/p>\n\n\n\n<p>En la continuidad de la charla, Agust\u00edn insiste en que no milita en <strong>La Libertad Avanza <\/strong>ni tiene v\u00ednculos con el oficialismo. Seg\u00fan cuenta, en las elecciones PASO de agosto del 2023 vot\u00f3 a&nbsp;<strong>Patricia&nbsp;Bullrich<\/strong>, por entonces precandidata presidencial de&nbsp;Juntos por el Cambio, ahora reciclada como ministra de Seguridad de Milei. Luego, por alguna raz\u00f3n que no detalla, su voto cambi\u00f3 en las&nbsp;elecciones generales&nbsp;y el&nbsp;balotaje, en las que se inclin\u00f3 por el&nbsp;libertario. <strong>\u201c<\/strong><em>No tengo ning\u00fan v\u00ednculo con el partido, soy una persona que analiza el contexto y acciona en consecuencia\u201d,<\/em> asegura Agust\u00edn.<\/p>\n\n\n\n<div style=\"height:30px\" aria-hidden=\"true\" class=\"wp-block-spacer\"><\/div>\n\n\n<div class=\"wp-block-image\">\n<figure class=\"aligncenter size-large is-resized\"><a href=\"https:\/\/enolife.com.ar\/es\/wp-content\/uploads\/2024\/12\/720.jpeg\" data-rel=\"penci-gallery-image-content\" ><img loading=\"lazy\" decoding=\"async\" src=\"https:\/\/enolife.com.ar\/es\/wp-content\/uploads\/2024\/12\/720-1024x529.jpeg\" alt=\"\" class=\"wp-image-132770\" width=\"656\" height=\"338\" srcset=\"https:\/\/enolife.com.ar\/es\/wp-content\/uploads\/2024\/12\/720-1024x529.jpeg 1024w, https:\/\/enolife.com.ar\/es\/wp-content\/uploads\/2024\/12\/720-300x155.jpeg 300w, https:\/\/enolife.com.ar\/es\/wp-content\/uploads\/2024\/12\/720-768x397.jpeg 768w, https:\/\/enolife.com.ar\/es\/wp-content\/uploads\/2024\/12\/720-1170x604.jpeg 1170w, https:\/\/enolife.com.ar\/es\/wp-content\/uploads\/2024\/12\/720-585x302.jpeg 585w, https:\/\/enolife.com.ar\/es\/wp-content\/uploads\/2024\/12\/720.jpeg 1280w\" sizes=\"auto, (max-width: 656px) 100vw, 656px\" \/><\/a><\/figure><\/div>\n\n\n<div style=\"height:35px\" aria-hidden=\"true\" class=\"wp-block-spacer\"><\/div>\n\n\n\n<p>Consideraciones aparte, el hecho es que el \u00abchamp\u00fa\u00bb \u00abL\u00e1grimas de zurdo\u00bb est\u00e1 resultando un \u00e9xito comercial, con 2.000 botellas ya vendidas y pedidos por 5.000 m\u00e1s, lo que motiv\u00f3 a su productor a encargar 20.000 botellas m\u00e1s para continuar con la venta.<\/p>\n\n\n\n<div style=\"height:20px\" aria-hidden=\"true\" class=\"wp-block-spacer\"><\/div>\n\n\n\n<p class=\"has-background\" style=\"background-color:#d4c5e078\">El espumante cuesta&nbsp;<strong>$18.900, y tiene un descuento en la caja por 6, que queda a&nbsp;$96.390<\/strong>. Es un blend de uvas&nbsp;<strong>Chardonnay (80%) y Chenin (20%) cosecha <\/strong>2023, de vi\u00f1edos de Luj\u00e1n de Cuyo ubicados a 1.050 metros de altura, con una capacidad de guarda estimada en 10 a\u00f1os. Fue elaborado con el m\u00e9todo tradicional para los espumantes, con una <strong>segunda fermentaci\u00f3n en botella. En las notas de cata<\/strong><em> de la etiqueta se lee \u00abaromas de frutas c\u00edtricas y manzana verde, con un toque de brioche y un final crujiente\u00bb<\/em>. <br>Se puede comprar a trav\u00e9s de la p\u00e1gina web <a href=\"http:\/\/lagrimasdezurdo.com\"><strong>lagrimasdezurdo.com<\/strong><\/a>, el Instagram <strong><a href=\"https:\/\/www.instagram.com\/lagrimaszurdo\/\">@lagrimaszurdo<\/a>, <\/strong>comunic\u00e1ndose al <strong>email <a href=\"mailto:info.lagrimasdezurdo@gmail.com\">info.lagrimasdezurdo@gmail.com<\/a><\/strong>, o llamando al tel\u00e9fono <strong>+54 9 11 5995-8590<\/strong>.&nbsp;<\/p>\n\n\n\n<div style=\"height:20px\" aria-hidden=\"true\" class=\"wp-block-spacer\"><\/div>\n\n\n\n<p>El desaf\u00edo est\u00e1 reiterado en una de los spots de presentaci\u00f3n de la marca: <em><strong>\u201cPara peque\u00f1as o grandes ocasiones, descorchar \u2018L\u00e1grimas de zurdo\u2019 es un ritual, es la victoria del esp\u00edritu democr\u00e1tico.&nbsp;\u00bfNo les gusta? Hubieran ganado\u201d<\/strong><\/em><\/p>\n\n\n\n<p>Para el final le tiramos una idea al emprendedor Agust\u00edn Kloster, que no nos sorprender\u00eda que tomase: los pr\u00f3ximos vinos libertarios podr\u00edan llamarse <strong>\u00abDegenerado fiscal\u00bb<\/strong>, <strong>\u00abLamento sindical\u00bb<\/strong> o tal vez <strong>\u00abLlanto de periodista\u00bb<\/strong>, habituales protagonistas de los embates del presidente. En tal caso, reclamaremos al menos una botellita de regalo.<\/p>\n\n\n\n<div style=\"height:30px\" aria-hidden=\"true\" class=\"wp-block-spacer\"><\/div>\n","protected":false},"excerpt":{"rendered":"<p>Un joven abogado porte\u00f1o, aficionado al vino y su cultura, simpatizante aunque no militante del&hellip;<\/p>\n","protected":false},"author":3,"featured_media":132763,"comment_status":"open","ping_status":"open","sticky":false,"template":"","format":"standard","meta":{"footnotes":""},"categories":[56,4],"tags":[],"class_list":["post-132708","post","type-post","status-publish","format-standard","has-post-thumbnail","hentry","category-destacado","category-protagonistas"],"_links":{"self":[{"href":"https:\/\/enolife.com.ar\/es\/wp-json\/wp\/v2\/posts\/132708","targetHints":{"allow":["GET"]}}],"collection":[{"href":"https:\/\/enolife.com.ar\/es\/wp-json\/wp\/v2\/posts"}],"about":[{"href":"https:\/\/enolife.com.ar\/es\/wp-json\/wp\/v2\/types\/post"}],"author":[{"embeddable":true,"href":"https:\/\/enolife.com.ar\/es\/wp-json\/wp\/v2\/users\/3"}],"replies":[{"embeddable":true,"href":"https:\/\/enolife.com.ar\/es\/wp-json\/wp\/v2\/comments?post=132708"}],"version-history":[{"count":0,"href":"https:\/\/enolife.com.ar\/es\/wp-json\/wp\/v2\/posts\/132708\/revisions"}],"wp:featuredmedia":[{"embeddable":true,"href":"https:\/\/enolife.com.ar\/es\/wp-json\/wp\/v2\/media\/132763"}],"wp:attachment":[{"href":"https:\/\/enolife.com.ar\/es\/wp-json\/wp\/v2\/media?parent=132708"}],"wp:term":[{"taxonomy":"category","embeddable":true,"href":"https:\/\/enolife.com.ar\/es\/wp-json\/wp\/v2\/categories?post=132708"},{"taxonomy":"post_tag","embeddable":true,"href":"https:\/\/enolife.com.ar\/es\/wp-json\/wp\/v2\/tags?post=132708"}],"curies":[{"name":"wp","href":"https:\/\/api.w.org\/{rel}","templated":true}]}}