{"id":132367,"date":"2024-12-11T12:33:42","date_gmt":"2024-12-11T12:33:42","guid":{"rendered":"https:\/\/enolife.com.ar\/es\/?p=132367"},"modified":"2024-12-13T19:59:35","modified_gmt":"2024-12-13T19:59:35","slug":"pacto-ue-mercosur-el-vino-lo-apoya-pero-otros-paises-temen-la-competencia-de-la-carne-y-el-azucar","status":"publish","type":"post","link":"https:\/\/enolife.com.ar\/es\/pacto-ue-mercosur-el-vino-lo-apoya-pero-otros-paises-temen-la-competencia-de-la-carne-y-el-azucar\/","title":{"rendered":"Pacto UE-Mercosur: el vino lo apoya pero otros pa\u00edses temen la competencia de la carne y el az\u00facar"},"content":{"rendered":"\n<h4 class=\"wp-block-heading\"><em><strong>En recientes declaraciones, dirigentes europeos vinculados a la vitivinicultura y funcionarios de la Uni\u00f3n Europea manifestaron su confianza en que, en general, la eliminaci\u00f3n de aranceles y regulaciones para el comercio entre la UE y los pa\u00edses del Mercado Com\u00fan Sudamericano (Mercosur) ser\u00e1 beneficiosa para ambos bloques. Por ejemplo, asegur\u00e1n que podr\u00e1n vender m\u00e1s vino en Brasil, Argentina, Uruguay, Paraguay y Bolivia, un mercado de 300 millones de habitantes. Sin embargo, Francia y otros pa\u00edses se oponen por considerar que los bajos precios a los que entrar\u00edan productos como la carne y el az\u00facar perjudicar\u00edan a los productores locales.<\/strong><\/em><\/h4>\n\n\n\n<div style=\"height:35px\" aria-hidden=\"true\" class=\"wp-block-spacer\"><\/div>\n\n\n\n\n\n<div style=\"height:45px\" aria-hidden=\"true\" class=\"wp-block-spacer\"><\/div>\n\n\n\n<p>El <strong>Comit\u00e9 Europeo de Empresas Vitivin\u00edcolas (CEEV)<\/strong>, en el que se integra la <strong>Federaci\u00f3n Espa\u00f1ola del Vino (FEV)<\/strong>, reiter\u00f3 su firme apoyo al acuerdo entre la Uni\u00f3n Europea (UE) y los pa\u00edses del <strong>Mercado Com\u00fan del Sur (Mercosur)<\/strong>, subrayando el papel fundamental que desempe\u00f1ar\u00e1 este acuerdo para garantizar la sostenibilidad econ\u00f3mica a largo plazo del sector vitivin\u00edcola europeo.<\/p>\n\n\n\n<p><em>\u201cDespu\u00e9s de 25 a\u00f1os de negociaciones, ha llegado el momento de finalizar y ratificar r\u00e1pidamente este acuerdo. Las disposiciones iniciales sobre el acceso al mercado del vino y la protecci\u00f3n de las indicaciones geogr\u00e1ficas ya eran prometedoras, pero las \u00faltimas revisiones que abordan los problemas medioambientales aportan beneficios adicionales a ambas partes. En estos tiempos dif\u00edciles, el acuerdo representa una oportunidad vital para las empresas vitivin\u00edcolas europeas de acceder a nuevos mercados y atraer a m\u00e1s consumidores de vino\u201d<\/em>, se\u00f1al\u00f3 al respecto <strong>Mauricio Gonz\u00e1lez-Gordon, <\/strong>presidente del CEEV.<\/p>\n\n\n\n<p>El acuerdo, que reduce los aranceles y simplifica las regulaciones comerciales entre la UE y los pa\u00edses del Mercosur (<strong>Argentina, Brasil, Paraguay, Uruguay y Bolivia<\/strong>), est\u00e1 <em>\u201cdestinado a impulsar significativamente las exportaciones de vino europeo\u201d<\/em>. Por ejemplo, en Brasil, pa\u00eds con un potencial de r\u00e1pido crecimiento para los vinos europeos de calidad donde actualmente existen aranceles de importaci\u00f3n de hasta el 27%, adem\u00e1s de procedimientos de importaci\u00f3n complejos y regulaciones nacionales que dificultan el acceso a los productos.<\/p>\n\n\n\n<div style=\"height:30px\" aria-hidden=\"true\" class=\"wp-block-spacer\"><\/div>\n\n\n\n<figure class=\"wp-block-image\"><img decoding=\"async\" src=\"https:\/\/www.vinetur.com\/imagenes\/2024\/junio\/29\/barricas.jpg\" alt=\"\"\/><\/figure>\n\n\n\n<div style=\"height:27px\" aria-hidden=\"true\" class=\"wp-block-spacer\"><\/div>\n\n\n\n<p>En el caso de Espa\u00f1a, el acuerdo se traducir\u00eda para el sector vitivin\u00edcola en una oportunidad para la diversificaci\u00f3n de mercados dentro de una regi\u00f3n que alberga a m\u00e1s de 300 millones de personas. En concreto, seg\u00fan el informe bilateral Mercosur 2023, elaborado por el <strong>Ministerio de Agricultura, Pesca y Alimentaci\u00f3n<\/strong> de <strong>Espa\u00f1a<\/strong>, vino y mosto ocupan el segundo lugar de los productos m\u00e1s exportados por la UE al bloque.<\/p>\n\n\n\n<p>Y dentro de este bloque se destaca especialmente el mercado brasile\u00f1o, que actualmente es el tercer destino para el vino espa\u00f1ol en el conjunto de <strong>Latinoam\u00e9rica <\/strong>(por detr\u00e1s de <strong>M\u00e9xico<\/strong> y <strong>Rep\u00fablica Dominicana<\/strong>) y el primero entre los pa\u00edses de Mercosur, duplicando el valor total de las exportaciones en apenas 6 a\u00f1os. <\/p>\n\n\n\n<div style=\"height:19px\" aria-hidden=\"true\" class=\"wp-block-spacer\"><\/div>\n\n\n\n<h3 class=\"wp-block-heading has-vivid-red-color has-text-color\">Seg\u00fan cifras del Observatorio Espa\u00f1ol del Mercado del Vino (OEMV), la exportaci\u00f3n de vino de Espa\u00f1a a Brasil alcanz\u00f3 en el primer trimestre del 2024 la cifra de 2,2 millones de litros por valor de 5,3 millones de euros, con crecimientos superiores al 20% en valor tanto en 2023 como en el primer trimestre de este a\u00f1o.<\/h3>\n\n\n\n<div style=\"height:22px\" aria-hidden=\"true\" class=\"wp-block-spacer\"><\/div>\n\n\n\n<p>Desde la <strong>Federaci\u00f3n Espa\u00f1ola del Vino<\/strong>, su director general, <strong>Jos\u00e9 Luis Ben\u00edtez<\/strong>, ha mostrado tambi\u00e9n su firme apoyo al acuerdo:<em> \u201cEn la FEV apoyamos de manera general los tratados de libre comercio como catalizadores para nuestras exportaciones, que son una base importante de nuestro crecimiento y competitividad y Mercosur es un claro ejemplo de ello, un bloque con el que adem\u00e1s compartimos v\u00ednculos culturales e hist\u00f3ricos e incluso el idioma en muchos casos. Esperamos que la entrada en vigor del acuerdo permita que nuestras exportaciones contin\u00faen creciendo en valor y fortalezcan a\u00fan m\u00e1s nuestra marca pa\u00eds\u201d<\/em>.<\/p>\n\n\n\n<p>Es por ello que desde la patronal bodeguera europea se hace un llamamiento a los responsables pol\u00edticos para que reconozcan los significativos beneficios del acuerdo y procedan a su conclusi\u00f3n y ratificaci\u00f3n sin m\u00e1s dilaciones.<\/p>\n\n\n\n<div style=\"height:35px\" aria-hidden=\"true\" class=\"wp-block-spacer\"><\/div>\n\n\n\n<p class=\"has-medium-font-size\"><strong>Un beneficio general<\/strong><\/p>\n\n\n\n<p>Por otro lado, una reciente declaraci\u00f3n del comisario europeo de Agricultura, <strong>Christophe Hansen<\/strong>, ha subrayado los beneficios potenciales del acuerdo de asociaci\u00f3n entre la (UE y el Mercosur para sectores espec\u00edficos de la agricultura europea. Durante una rueda de prensa posterior a la primera jornada de la reuni\u00f3n de ministros de Agricultura de la UE en <strong>Bruselas, B\u00e9lgica<\/strong>, Hansen explic\u00f3 que este acuerdo, lejos de ser una soluci\u00f3n unilateral, representa un beneficio general para el bloque comunitario, especialmente en productos con denominaci\u00f3n de origen como quesos y vinos.<\/p>\n\n\n\n<div style=\"height:20px\" aria-hidden=\"true\" class=\"wp-block-spacer\"><\/div>\n\n\n\n<h3 class=\"wp-block-heading has-vivid-red-color has-text-color\">Este acuerdo ser\u00eda especialmente relevante para pa\u00edses productores de vino como Espa\u00f1a, Francia e Italia, que ver\u00edan una mejora en la competitividad de sus productos en Sudam\u00e9rica.<\/h3>\n\n\n\n<div style=\"height:18px\" aria-hidden=\"true\" class=\"wp-block-spacer\"><\/div>\n\n\n\n<p>El pacto incluye la <strong>eliminaci\u00f3n de los aranceles impuestos por Mercosur a productos europeos clave, entre ellos el vino<\/strong>, lo que podr\u00eda abrir un mercado m\u00e1s amplio para los exportadores de la UE. En la actualidad, los aranceles aplicados a productos como maquinaria, veh\u00edculos, textiles y alimentos europeos representan una barrera comercial que el acuerdo busca desmantelar progresivamente. <\/p>\n\n\n\n<div style=\"height:19px\" aria-hidden=\"true\" class=\"wp-block-spacer\"><\/div>\n\n\n\n<p class=\"has-medium-font-size\"><strong>Francia y otros pa\u00edses le tienen miedo a la carne y el az\u00facar<\/strong><\/p>\n\n\n\n<p>Sin embargo, no todos los sectores comparten el optimismo expresado por el comisario. Varios Estados miembros, encabezados por <strong>Francia<\/strong>, han mostrado reservas respecto al impacto que la apertura del mercado podr\u00eda tener en las importaciones agrarias provenientes de los pa\u00edses de Mercosur. Las preocupaciones se centran en la posibilidad de que productos sudamericanos, como <strong>la carne de vacuno y el az\u00facar<\/strong>, inunden el mercado europeo a precios competitivos, poniendo en riesgo a los agricultores locales. Hansen reconoci\u00f3 estas inquietudes y subray\u00f3 que el acuerdo incluye cl\u00e1usulas y mecanismos de salvaguarda destinados a proteger a los sectores m\u00e1s vulnerables.<\/p>\n\n\n\n<p>A pesar de las cr\u00edticas, Hansen insisti\u00f3 en que la Comisi\u00f3n Europea negoci\u00f3 este acuerdo siguiendo el mandato de los Estados miembros y dentro de los l\u00edmites establecidos por los mismos. Tambi\u00e9n asegur\u00f3 que el proceso de traducci\u00f3n y pulido jur\u00eddico del texto ser\u00e1 clave para que los ministros y legisladores puedan evaluar con precisi\u00f3n los t\u00e9rminos alcanzados y tomar decisiones informadas.<\/p>\n\n\n\n<div style=\"height:19px\" aria-hidden=\"true\" class=\"wp-block-spacer\"><\/div>\n\n\n\n<blockquote class=\"wp-block-quote is-layout-flow wp-block-quote-is-layout-flow\">\n<p>El acuerdo UE-Mercosur est\u00e1 en sinton\u00eda con el compromiso del sector vitivin\u00edcola europeo hacia la sostenibilidad y las pr\u00e1cticas comerciales responsables. Esta alineaci\u00f3n ofrece un escenario beneficioso para ambas partes, promoviendo tanto los objetivos comerciales como los de sostenibilidad\u201d.<\/p>\n<cite>Cristophe Hansen, comisario europeo de Agricultura <\/cite><\/blockquote>\n\n\n\n<div style=\"height:25px\" aria-hidden=\"true\" class=\"wp-block-spacer\"><\/div>\n\n\n\n<p>El comisario hizo hincapi\u00e9 en que los sectores sensibles ser\u00e1n una prioridad en la implementaci\u00f3n del acuerdo y asegur\u00f3 que la Comisi\u00f3n Europea est\u00e1 comprometida con atender las preocupaciones planteadas por los agricultores. Adem\u00e1s, destac\u00f3 que la colaboraci\u00f3n con el Parlamento Europeo y los gobiernos nacionales ser\u00e1 esencial para equilibrar los intereses econ\u00f3micos y sociales en juego.<\/p>\n\n\n\n<p>Mientras tanto, <strong>el sector del vino europeo,<\/strong> que representa una parte significativa de las exportaciones agr\u00edcolas de la UE, ve en este acuerdo una oportunidad para afianzar su posici\u00f3n en los mercados internacionales. La eliminaci\u00f3n de aranceles podr\u00eda traducirse en precios m\u00e1s competitivos y un incremento de la demanda en pa\u00edses como Brasil, Argentina y Uruguay, donde el consumo de vino europeo ha mostrado un crecimiento constante.<\/p>\n\n\n\n<p>En este momento, las negociaciones con Mercosur abren una nueva etapa de comercio internacional para la Uni\u00f3n Europea, marcada por un intento de equilibrar la liberalizaci\u00f3n del mercado con la protecci\u00f3n de las econom\u00edas locales. Sin embargo, el proceso de ratificaci\u00f3n del acuerdo podr\u00eda dificultarse debido a la diversidad de intereses entre los Estados miembros y las preocupaciones de los sectores m\u00e1s expuestos a la competencia externa.<\/p>\n\n\n\n<div style=\"height:30px\" aria-hidden=\"true\" class=\"wp-block-spacer\"><\/div>\n\n\n\n<p class=\"has-small-font-size\"><em><strong>Fuentes: Comit\u00e9 Europeo de Empresas Vitivin\u00edcolas (CEEV) y Vinetur.com<\/strong><\/em><\/p>\n\n\n\n<div style=\"height:24px\" aria-hidden=\"true\" class=\"wp-block-spacer\"><\/div>\n","protected":false},"excerpt":{"rendered":"<p>En recientes declaraciones, dirigentes europeos vinculados a la vitivinicultura y funcionarios de la Uni\u00f3n Europea&hellip;<\/p>\n","protected":false},"author":3,"featured_media":132370,"comment_status":"open","ping_status":"open","sticky":false,"template":"","format":"standard","meta":{"footnotes":""},"categories":[14],"tags":[],"class_list":["post-132367","post","type-post","status-publish","format-standard","has-post-thumbnail","hentry","category-news"],"_links":{"self":[{"href":"https:\/\/enolife.com.ar\/es\/wp-json\/wp\/v2\/posts\/132367","targetHints":{"allow":["GET"]}}],"collection":[{"href":"https:\/\/enolife.com.ar\/es\/wp-json\/wp\/v2\/posts"}],"about":[{"href":"https:\/\/enolife.com.ar\/es\/wp-json\/wp\/v2\/types\/post"}],"author":[{"embeddable":true,"href":"https:\/\/enolife.com.ar\/es\/wp-json\/wp\/v2\/users\/3"}],"replies":[{"embeddable":true,"href":"https:\/\/enolife.com.ar\/es\/wp-json\/wp\/v2\/comments?post=132367"}],"version-history":[{"count":0,"href":"https:\/\/enolife.com.ar\/es\/wp-json\/wp\/v2\/posts\/132367\/revisions"}],"wp:featuredmedia":[{"embeddable":true,"href":"https:\/\/enolife.com.ar\/es\/wp-json\/wp\/v2\/media\/132370"}],"wp:attachment":[{"href":"https:\/\/enolife.com.ar\/es\/wp-json\/wp\/v2\/media?parent=132367"}],"wp:term":[{"taxonomy":"category","embeddable":true,"href":"https:\/\/enolife.com.ar\/es\/wp-json\/wp\/v2\/categories?post=132367"},{"taxonomy":"post_tag","embeddable":true,"href":"https:\/\/enolife.com.ar\/es\/wp-json\/wp\/v2\/tags?post=132367"}],"curies":[{"name":"wp","href":"https:\/\/api.w.org\/{rel}","templated":true}]}}