{"id":132056,"date":"2024-12-06T20:49:07","date_gmt":"2024-12-06T20:49:07","guid":{"rendered":"https:\/\/enolife.com.ar\/es\/?p=132056"},"modified":"2024-12-07T13:02:09","modified_gmt":"2024-12-07T13:02:09","slug":"el-mercosur-y-la-ue-firmaron-un-acuerdo-comercial-que-preve-arancel-cero-para-el-vino-en-8-anos","status":"publish","type":"post","link":"https:\/\/enolife.com.ar\/es\/el-mercosur-y-la-ue-firmaron-un-acuerdo-comercial-que-preve-arancel-cero-para-el-vino-en-8-anos\/","title":{"rendered":"El Mercosur y la UE firmaron un acuerdo comercial que prev\u00e9 arancel cero para el vino en 8 a\u00f1os"},"content":{"rendered":"\n<h4 class=\"wp-block-heading\"><em><strong>Tras la r\u00fabrica del pacto en Montevideo, Uruguay, ambos bloques deber\u00e1n ahora recorrer un dif\u00edcil camino para su aprobaci\u00f3n final en los parlamentos del Viejo Continente, donde ya hay resistencias de Francia, Italia y Pa\u00edses Bajos. En esos estados, los productores de alimentos se oponen al acuerdo porque consideran que sufrir\u00e1n \u00abcompetencia desleal\u00bb al bajar los precios desde Sudam\u00e9rica cuando se eliminen muchos de los actuales aranceles. Francia resiste la firma con Macron a la cabeza. Milei defini\u00f3 el modelo actual del Mercosur como \u00abagotado\u00bb.<\/strong><\/em><\/h4>\n\n\n\n<div style=\"height:35px\" aria-hidden=\"true\" class=\"wp-block-spacer\"><\/div>\n\n\n<a href=\"https:\/\/www.instagram.com\/gruposolper\/?hl=es\" aria-label=\"ENOLIFE_1700X500_2 SOLPER\"><img loading=\"lazy\" decoding=\"async\" src=\"https:\/\/enolife.com.ar\/es\/wp-content\/uploads\/2024\/10\/ENOLIFE_1700X500_2-SOLPER.jpg\" alt=\"\"  srcset=\"https:\/\/enolife.com.ar\/es\/wp-content\/uploads\/2024\/10\/ENOLIFE_1700X500_2-SOLPER.jpg 1700w, https:\/\/enolife.com.ar\/es\/wp-content\/uploads\/2024\/10\/ENOLIFE_1700X500_2-SOLPER-300x88.jpg 300w, https:\/\/enolife.com.ar\/es\/wp-content\/uploads\/2024\/10\/ENOLIFE_1700X500_2-SOLPER-1024x301.jpg 1024w, https:\/\/enolife.com.ar\/es\/wp-content\/uploads\/2024\/10\/ENOLIFE_1700X500_2-SOLPER-768x226.jpg 768w, https:\/\/enolife.com.ar\/es\/wp-content\/uploads\/2024\/10\/ENOLIFE_1700X500_2-SOLPER-1536x452.jpg 1536w, https:\/\/enolife.com.ar\/es\/wp-content\/uploads\/2024\/10\/ENOLIFE_1700X500_2-SOLPER-1170x344.jpg 1170w, https:\/\/enolife.com.ar\/es\/wp-content\/uploads\/2024\/10\/ENOLIFE_1700X500_2-SOLPER-585x172.jpg 585w\" sizes=\"auto, (max-width: 1700px) 100vw, 1700px\" width=\"1700\" height=\"500\"   \/><\/a>\n\n\n<div style=\"height:45px\" aria-hidden=\"true\" class=\"wp-block-spacer\"><\/div>\n\n\n\n<p>Las negociaciones entre la<strong> Uni\u00f3n Europea (UE)<\/strong> y el <strong>Mercado Com\u00fan Sudamericano (Mercosur)<\/strong> se iniciaron en el a\u00f1o 2000, pero hasta ahora no hab\u00edan logrado la firma del acuerdo. En mayo de 2016 relanzaron el proceso de negociaci\u00f3n, intercambiaron nuevas ofertas de acceso a los mercados e intensificaron el ritmo de las negociaciones celebrando rondas de negociaci\u00f3n y reuniones a intervalos regulares, seg\u00fan indica la UE en su sitio web.<\/p>\n\n\n\n<p>Pero el hito fue el <strong>28 de junio de 2019<\/strong>, d\u00eda en que alcanzaron un acuerdo pol\u00edtico <em>\u201cpara un acuerdo comercial ambicioso, equilibrado y completo que abarca cuestiones como: tarifas; reglas de origen; obst\u00e1culos t\u00e9cnicos al comercio; medidas sanitarias y fitosanitarias; servicios; compras gubernamentales; propiedad intelectual; desarrollo sostenible, y; peque\u00f1as y medianas empresas\u201d<\/em>. Pero fue un acuerdo t\u00e9cnico, faltaba la gesti\u00f3n de car\u00e1cter formal para su aprobaci\u00f3n por la <strong>Comisi\u00f3n Europea<\/strong> y luego la ratificaci\u00f3n.<\/p>\n\n\n\n<p>Seg\u00fan un informe de la <strong>Bolsa de Comercio de Rosario<\/strong>, la UE es el segundo socio comercial del Mercosur, y hasta el 2013 era el primer socio del bloque sudamericano. El comercio entre ambos bloques fue de cerca de <strong>US$ 110.000 millones<\/strong> en el a\u00f1o 2023.<\/p>\n\n\n\n<div style=\"height:35px\" aria-hidden=\"true\" class=\"wp-block-spacer\"><\/div>\n\n\n\n<p class=\"has-medium-font-size\"><strong>Una firma que abre un mercado de 800 millones de consumidores<\/strong><\/p>\n\n\n\n<p>En Montevideo, la 65\u00b0 Cumbre del Mercosur fue el lugar donde la titular de la UE, <strong>\u00darsula Von der Leyen<\/strong> y los presidentes <strong>Javier Milei<\/strong>, <strong>Luis Lacalle Pou<\/strong>, <strong>Luiz In\u00e1cio Lula da Silva<\/strong> y <strong>Santiago Pe\u00f1a<\/strong>, de <strong>Argentina, Uruguay, Brasil y Paraguay<\/strong> respectivamente, firmaron un muy negociado acuerdo comercial entre ambas comunidades econ\u00f3micas. La efectivizaci\u00f3n del mismo ahora depende de su aprobaci\u00f3n en los parlamentos del Viejo Continente, donde ya hay resistencias de <strong>Francia, Italia y Pa\u00edses Bajos.<\/strong><\/p>\n\n\n\n<p>Luego de 25 a\u00f1os de conversaciones, la comunicaci\u00f3n oficial de la cumbre asegura que con esta r\u00fabrica se abre un mercado de de 800 millones personas. Von der Leyen celebr\u00f3 el pacto alcanzado y lo calific\u00f3 como <em>\u00abun hito hist\u00f3rico\u00bb<\/em>, al tiempo que consider\u00f3 que el acuerdo es <em>\u00abambicioso y equilibrado\u00bb.<\/em><\/p>\n\n\n\n<p>A\u00f1adi\u00f3 que <em>\u00abel v\u00ednculo entre pa\u00eds de Europa y el Mercosur es uno de los m\u00e1s fuertes del mundo\u00bb<\/em> y enfatiz\u00f3 que <em>\u00abestamos fortaleciendo esta alianza como nunca antes\u00bb<\/em>. <\/p>\n\n\n\n<div style=\"height:16px\" aria-hidden=\"true\" class=\"wp-block-spacer\"><\/div>\n\n\n\n<blockquote class=\"wp-block-quote is-layout-flow wp-block-quote-is-layout-flow\">\n<p>En tiempos convulsionados estamos mandando un mensaje contundente al mundo y demostramos que las democracias pueden apoyarse mutuamente, le estamos diciendo al mundo que tiene que estar ligado por valores\u00bb.<\/p>\n<cite><strong>Ursula Von der Leyen<\/strong>, titular de la Uni\u00f3n Europea, tras la firma del acuerdo.<\/cite><\/blockquote>\n\n\n\n<div style=\"height:24px\" aria-hidden=\"true\" class=\"wp-block-spacer\"><\/div>\n\n\n\n<p>En un mensaje directo a los sectores que bloquean el acuerdo en Europa, Von der Leyen puntualiz\u00f3:<em> \u00abA nuestros agricultores: los hemos escuchado, hemos atendido sus preocupaciones y hemos actuado en consecuencia. Este acuerdo incluye s\u00f3lidas salvaguardas para proteger sus medios de vida\u00bb<\/em>.<\/p>\n\n\n\n<p>Por su parte, Javier Milei critic\u00f3 el estado actual del Mercosur: \u00ab<em>Consolidarnos en un bloque com\u00fan no s\u00f3lo no nos hizo crecer, sino que nos ha perjudicado, mientras vecinos como Chile y Per\u00fa se abrieron al mundo y entablaron acuerdos comerciales con los protagonistas del comercio global, nosotros nos encerramos en nuestra propia pecera tratando por m\u00e1s de 20 a\u00f1os de cerrar un acuerdo con el que hoy festejamos, que a\u00fan dista de ser una realidad\u00bb<\/em>, coment\u00f3 en el inicio de su intervenci\u00f3n.<\/p>\n\n\n\n<div style=\"height:11px\" aria-hidden=\"true\" class=\"wp-block-spacer\"><\/div>\n\n\n\n<blockquote class=\"wp-block-quote is-layout-flow wp-block-quote-is-layout-flow\">\n<p>Si bien la responsabilidad del fracaso argentino cae mayormente en d\u00e9cadas de una pol\u00edtica econ\u00f3mica destructiva, el Mercosur y sus restricciones tambi\u00e9n han sido un escollo para el progreso de los argentinos\u00bb.<\/p>\n<cite>Javier Milei, presidente argentino.<\/cite><\/blockquote>\n\n\n\n<div style=\"height:14px\" aria-hidden=\"true\" class=\"wp-block-spacer\"><\/div>\n\n\n\n<p>Milei asegur\u00f3 que el actual formato de acuerdos en el Mercosur est\u00e1 \u00abagotado\u00bb y propuso: <em>\u201cGanemos autonom\u00eda sin dejar de respetar los acuerdos que nos hermanan y si los que nos hermana es comerciar libremente entre nosotros, propongo que aflojemos las ataduras que hoy nos ahogan en vez de fortalecernos\u201d<\/em>.<\/p>\n\n\n\n<p>Lula da Silva argument\u00f3 por su parte que el acuerdo Mercosur-UE crea <em>\u00abuna de las mayores \u00e1reas de libre comercio del mundo\u201d<\/em> y sent\u00f3 posici\u00f3n ante los gobiernos que rechazan el entendimiento: <em>\u201cNo aceptaremos que intenten difamar la calidad de nuestros productos\u201d.<\/em><\/p>\n\n\n\n<div style=\"height:13px\" aria-hidden=\"true\" class=\"wp-block-spacer\"><\/div>\n\n\n\n<blockquote class=\"wp-block-quote is-layout-flow wp-block-quote-is-layout-flow\">\n<p>Nuestro bloque tiene una oportunidad hist\u00f3rica de liderar la transici\u00f3n energ\u00e9tica. Todos sufrimos las consecuencias del cambio clim\u00e1tico. Un Mercosur fuerte y unido es un Mercosur conectado con la agenda global\u201d.<\/p>\n<cite>Luis Inacio Lula Da Silva, presidente de Brasil.<\/cite><\/blockquote>\n\n\n\n<div style=\"height:13px\" aria-hidden=\"true\" class=\"wp-block-spacer\"><\/div>\n\n\n\n<p>Lacalle Pou a su turno destac\u00f3 que <em>\u00abno es s\u00f3lo un intercambio comercial ya de manera m\u00e1s importante, sino que es mucho m\u00e1s que eso porque tenemos v\u00ednculos con Europa m\u00e1s all\u00e1 del comercio\u00bb. <\/em>Asimismo, se\u00f1al\u00f3 que<em> \u00abno es una soluci\u00f3n, sino que es una oportunidad y depender\u00e1 de nosotros en cada uno de nuestros pa\u00edses la importancia que le demos\u00bb.<\/em> Adem\u00e1s afirm\u00f3 que <em>\u00abeste acuerdo incluye salvaguardas robustas\u00bb <\/em>y le permitir\u00e1 ahorrar a las empresas europeas 4.000 millones de euros.<\/p>\n\n\n\n<div style=\"height:18px\" aria-hidden=\"true\" class=\"wp-block-spacer\"><\/div>\n\n\n\n<blockquote class=\"wp-block-quote is-layout-flow wp-block-quote-is-layout-flow\">\n<p>Esto es una ganancia para Europa porque hay 70 mil empresas europeas que exportan al Mercosur, de las cuales 30 mil son pymes, y as\u00ed se aseguran un mercado, facilidades de ingresos, menores aranceles y acceso preferencial a materias primas\u00bb. <\/p>\n<cite>Luis Lacalle Pou, presidente de Uruguay.<\/cite><\/blockquote>\n\n\n\n<div style=\"height:35px\" aria-hidden=\"true\" class=\"wp-block-spacer\"><\/div>\n\n\n\n<p class=\"has-medium-font-size\"><strong>Datos del acuerdo<\/strong><\/p>\n\n\n\n<ul class=\"wp-block-list\">\n<li>Crea un mercado de bienes y servicios de 800 millones de consumidores y casi una cuarta parte del PBI mundial.<\/li>\n\n\n\n<li>Garantiza acceso a un mercado estrat\u00e9gico, con un Producto Bruto Interno (PBI) per c\u00e1pita de USD 34.000.<\/li>\n\n\n\n<li>Impulsa el aumento del PBI a trav\u00e9s de la transformaci\u00f3n de la matriz productiva, la integraci\u00f3n del pa\u00eds en cadenas de valor, la generaci\u00f3n de empleo y el desarrollo de las econom\u00edas regionales.<\/li>\n\n\n\n<li>Promueve el comercio al eliminar los aranceles para el 93% de las exportaciones del Mercosur y otorgar un trato preferencial para casi todo el 7% restante.<\/li>\n\n\n\n<li>Genera calidad institucional, reglas claras, transparencia y previsibilidad.<\/li>\n<\/ul>\n\n\n\n<div style=\"height:30px\" aria-hidden=\"true\" class=\"wp-block-spacer\"><\/div>\n\n\n\n<p class=\"has-medium-font-size\"><strong>Beneficios para la agroindustria<\/strong><\/p>\n\n\n\n<p>El 63% de las exportaciones argentinas a la UE son bienes agr\u00edcolas. A partir del acuerdo la UE liberaliza el 99% de las importaciones agr\u00edcolas del Mercosur. Para el 81,7% de las exportaciones eliminar\u00e1 los aranceles de importaci\u00f3n. En tanto, para el 17,7% restante ofrecer\u00e1 cuotas o preferencias fijas. S\u00f3lo se<br>excluyen algo m\u00e1s de 100 productos.<\/p>\n\n\n\n<div style=\"height:30px\" aria-hidden=\"true\" class=\"wp-block-spacer\"><\/div>\n\n\n<div class=\"wp-block-image\">\n<figure class=\"aligncenter size-full is-resized\"><a href=\"https:\/\/enolife.com.ar\/es\/wp-content\/uploads\/2024\/12\/Imagen2-3.jpg\" data-rel=\"penci-gallery-image-content\" ><img loading=\"lazy\" decoding=\"async\" src=\"https:\/\/enolife.com.ar\/es\/wp-content\/uploads\/2024\/12\/Imagen2-3.jpg\" alt=\"\" class=\"wp-image-132096\" width=\"810\" height=\"370\" srcset=\"https:\/\/enolife.com.ar\/es\/wp-content\/uploads\/2024\/12\/Imagen2-3.jpg 1018w, https:\/\/enolife.com.ar\/es\/wp-content\/uploads\/2024\/12\/Imagen2-3-300x137.jpg 300w, https:\/\/enolife.com.ar\/es\/wp-content\/uploads\/2024\/12\/Imagen2-3-768x352.jpg 768w, https:\/\/enolife.com.ar\/es\/wp-content\/uploads\/2024\/12\/Imagen2-3-585x268.jpg 585w\" sizes=\"auto, (max-width: 810px) 100vw, 810px\" \/><\/a><figcaption class=\"wp-element-caption\"><em><strong>Productos con acceso pleno a la eliminaci\u00f3n de aranceles<\/strong><\/em>.<\/figcaption><\/figure><\/div>\n\n\n<div style=\"height:20px\" aria-hidden=\"true\" class=\"wp-block-spacer\"><\/div>\n\n\n<div class=\"wp-block-image\">\n<figure class=\"aligncenter size-full\"><a href=\"https:\/\/enolife.com.ar\/es\/wp-content\/uploads\/2024\/12\/Imagen3-2.jpg\" data-rel=\"penci-gallery-image-content\" ><img loading=\"lazy\" decoding=\"async\" width=\"1008\" height=\"227\" src=\"https:\/\/enolife.com.ar\/es\/wp-content\/uploads\/2024\/12\/Imagen3-2.jpg\" alt=\"\" class=\"wp-image-132099\" srcset=\"https:\/\/enolife.com.ar\/es\/wp-content\/uploads\/2024\/12\/Imagen3-2.jpg 1008w, https:\/\/enolife.com.ar\/es\/wp-content\/uploads\/2024\/12\/Imagen3-2-300x68.jpg 300w, https:\/\/enolife.com.ar\/es\/wp-content\/uploads\/2024\/12\/Imagen3-2-768x173.jpg 768w, https:\/\/enolife.com.ar\/es\/wp-content\/uploads\/2024\/12\/Imagen3-2-585x132.jpg 585w\" sizes=\"auto, (max-width: 1008px) 100vw, 1008px\" \/><\/a><figcaption class=\"wp-element-caption\"><em><strong>Productos con acceso con cuotas<\/strong><\/em>.<\/figcaption><\/figure><\/div>\n\n\n<div style=\"height:30px\" aria-hidden=\"true\" class=\"wp-block-spacer\"><\/div>\n\n\n\n<p>El acuerdo consigui\u00f3 plazos extensos para la entrada en vigor de las mejoras arancelarias, lo que permite continuar el programa de transformaci\u00f3n productiva y mejora de la competitividad del Mercosur. En contrapartida, la desgravaci\u00f3n arancelaria de la UE ser\u00e1 en plazos sustantivamente menores. M\u00e1s del 85% de las importaciones provenientes del Mercosur tendr\u00e1n una eliminaci\u00f3n de aranceles en forma inmediata.<\/p>\n\n\n\n<div style=\"height:35px\" aria-hidden=\"true\" class=\"wp-block-spacer\"><\/div>\n\n\n\n<p class=\"has-medium-font-size\"><strong>Los parlamentos nacionales, principal obst\u00e1culo del acuerdo<\/strong><\/p>\n\n\n\n<p>El acuerdo firmado en Montevideo este viernes 6\/12\/24 enfrenta resistencias de plano por parte de los parlamentos de varios de los pa\u00edses miembros de la UE. La defensa ac\u00e9rrima del agro de pa\u00edses como Francia ante la posible llegada de productos sudamericanos a precios m\u00e1s accesibles y calidades competitivas se expresa en los representantes de las c\u00e1maras legislativas. Estas tienen que refrendar lo firmado por Von del Leyen.<\/p>\n\n\n\n<p>En Francia, el acuerdo ha sido tachado de <em>\u201cinaceptable\u201d<\/em>. El primer ministro <strong>Emmanuel Macron<\/strong> lo rechaz\u00f3 en declaraciones p\u00fablicas el d\u00eda anterior a la firma. La ministra francesa de Comercio,&nbsp;<strong>Sophie Primas<\/strong>, se comprometi\u00f3 a oponerse a las siguientes fases del pacto, alegando preocupaciones medioambientales y agr\u00edcolas.<\/p>\n\n\n\n<p>Tambi\u00e9n los parlamentos de los Pa\u00edses Bajos y de Italia rechazar\u00edan el entendimiento. Mientras que Espa\u00f1a, Alemania y Portugal lo impulsan. Todo tendr\u00e1 que dirimirse en las bancas del Viejo Continente en los pr\u00f3ximos meses.<\/p>\n\n\n\n<div style=\"height:27px\" aria-hidden=\"true\" class=\"wp-block-spacer\"><\/div>\n\n\n\n<p class=\"has-small-font-size\"><em><strong>Fuente: Chequeado.com, Canciller\u00eda Argentina y Tiempo Argentino<\/strong><\/em><\/p>\n\n\n\n<div style=\"height:36px\" aria-hidden=\"true\" class=\"wp-block-spacer\"><\/div>\n","protected":false},"excerpt":{"rendered":"<p>Tras la r\u00fabrica del pacto en Montevideo, Uruguay, ambos bloques deber\u00e1n ahora recorrer un dif\u00edcil&hellip;<\/p>\n","protected":false},"author":3,"featured_media":132104,"comment_status":"open","ping_status":"open","sticky":false,"template":"","format":"standard","meta":{"footnotes":""},"categories":[9],"tags":[],"class_list":["post-132056","post","type-post","status-publish","format-standard","has-post-thumbnail","hentry","category-negocios"],"_links":{"self":[{"href":"https:\/\/enolife.com.ar\/es\/wp-json\/wp\/v2\/posts\/132056","targetHints":{"allow":["GET"]}}],"collection":[{"href":"https:\/\/enolife.com.ar\/es\/wp-json\/wp\/v2\/posts"}],"about":[{"href":"https:\/\/enolife.com.ar\/es\/wp-json\/wp\/v2\/types\/post"}],"author":[{"embeddable":true,"href":"https:\/\/enolife.com.ar\/es\/wp-json\/wp\/v2\/users\/3"}],"replies":[{"embeddable":true,"href":"https:\/\/enolife.com.ar\/es\/wp-json\/wp\/v2\/comments?post=132056"}],"version-history":[{"count":0,"href":"https:\/\/enolife.com.ar\/es\/wp-json\/wp\/v2\/posts\/132056\/revisions"}],"wp:featuredmedia":[{"embeddable":true,"href":"https:\/\/enolife.com.ar\/es\/wp-json\/wp\/v2\/media\/132104"}],"wp:attachment":[{"href":"https:\/\/enolife.com.ar\/es\/wp-json\/wp\/v2\/media?parent=132056"}],"wp:term":[{"taxonomy":"category","embeddable":true,"href":"https:\/\/enolife.com.ar\/es\/wp-json\/wp\/v2\/categories?post=132056"},{"taxonomy":"post_tag","embeddable":true,"href":"https:\/\/enolife.com.ar\/es\/wp-json\/wp\/v2\/tags?post=132056"}],"curies":[{"name":"wp","href":"https:\/\/api.w.org\/{rel}","templated":true}]}}