{"id":131687,"date":"2024-12-05T14:14:37","date_gmt":"2024-12-05T14:14:37","guid":{"rendered":"https:\/\/enolife.com.ar\/es\/?p=131687"},"modified":"2024-12-06T21:35:21","modified_gmt":"2024-12-06T21:35:21","slug":"una-agencia-de-turismo-colombiana-ofrece-la-ruta-de-sabores-y-vinos-que-une-lima-y-mendoza","status":"publish","type":"post","link":"https:\/\/enolife.com.ar\/es\/una-agencia-de-turismo-colombiana-ofrece-la-ruta-de-sabores-y-vinos-que-une-lima-y-mendoza\/","title":{"rendered":"Una agencia de turismo colombiana ofrece la Ruta de Sabores y Vinos que une Lima y Mendoza"},"content":{"rendered":"\n<h4 class=\"wp-block-heading\"><em><strong>Tras realizar un fam tour por Mendoza, invitada por el gobierno local, una empresaria colombiana titular de la agencia de viajes Al Vuelo dise\u00f1\u00f3 una nueva ruta enogastron\u00f3mica que empieza en la capital peruana y termina en la principal provincia argentina productora de vino, con 250 bodegas con restaurantes abiertas al turismo. El original circuito est\u00e1 posibilitado por las atractivas propuestas de ambos estados y por la reciente habilitaci\u00f3n de vuelos directos y peri\u00f3dicos entre Mendoza y Lima. <\/strong><\/em><\/h4>\n\n\n\n<div style=\"height:35px\" aria-hidden=\"true\" class=\"wp-block-spacer\"><\/div>\n\n\n<a href=\"https:\/\/jmzeballos.com\/\" aria-label=\"PUBLICIDAD ENOLIFE 2023_\u00c1NFORAS 1700 x 500\"><img loading=\"lazy\" decoding=\"async\" src=\"https:\/\/enolife.com.ar\/es\/wp-content\/uploads\/2020\/12\/PUBLICIDAD-ENOLIFE-2023_ANFORAS-1700-x-500.jpg\" alt=\"\"  srcset=\"https:\/\/enolife.com.ar\/es\/wp-content\/uploads\/2020\/12\/PUBLICIDAD-ENOLIFE-2023_ANFORAS-1700-x-500.jpg 1700w, https:\/\/enolife.com.ar\/es\/wp-content\/uploads\/2020\/12\/PUBLICIDAD-ENOLIFE-2023_ANFORAS-1700-x-500-300x88.jpg 300w, https:\/\/enolife.com.ar\/es\/wp-content\/uploads\/2020\/12\/PUBLICIDAD-ENOLIFE-2023_ANFORAS-1700-x-500-1024x301.jpg 1024w, https:\/\/enolife.com.ar\/es\/wp-content\/uploads\/2020\/12\/PUBLICIDAD-ENOLIFE-2023_ANFORAS-1700-x-500-768x226.jpg 768w, https:\/\/enolife.com.ar\/es\/wp-content\/uploads\/2020\/12\/PUBLICIDAD-ENOLIFE-2023_ANFORAS-1700-x-500-1536x452.jpg 1536w, https:\/\/enolife.com.ar\/es\/wp-content\/uploads\/2020\/12\/PUBLICIDAD-ENOLIFE-2023_ANFORAS-1700-x-500-1170x344.jpg 1170w, https:\/\/enolife.com.ar\/es\/wp-content\/uploads\/2020\/12\/PUBLICIDAD-ENOLIFE-2023_ANFORAS-1700-x-500-585x172.jpg 585w\" sizes=\"auto, (max-width: 1700px) 100vw, 1700px\" width=\"1700\" height=\"500\"   \/><\/a>\n\n\n<div style=\"height:45px\" aria-hidden=\"true\" class=\"wp-block-spacer\"><\/div>\n\n\n\n<p>La provincia de <strong>Mendoza<\/strong> se posiciona en el mundo como un destino de excelencia por su gran oferta enogastron\u00f3mica, sus paisajes impactantes y su infraestructura. Atra\u00edda por este im\u00e1n, la empresa<strong> Al Vuelo, de Colombia<\/strong>, lanz\u00f3 un paquete que une la capital peruana con esta provincia, con la gastronom\u00eda y los mejores vinos como principales atractivos.<\/p>\n\n\n\n<p><strong>Johanna Ni\u00f1o<\/strong>, titular de Al Vuelo, adelant\u00f3 que este <em>\u201ces un programa exclusivo que combina lo mejor de Lima y Mendoza, en una experiencia gastron\u00f3mica exquisita\u201d<\/em>.<\/p>\n\n\n\n<p>La empresaria colombiana coment\u00f3 que este programa fue dise\u00f1ado pensado en resaltar la esencia de ambos destinos y asegur\u00f3: <em>\u201cQueremos ofrecer esa mezcla \u00fanica de sabores, cultura y los reconocidos vinos que hay en Mendoza\u201d.<\/em><\/p>\n\n\n\n<p>Por su parte, la presidenta del <strong>Ente Mendoza Turismo (Emetur)<\/strong>, <strong>Gabriela Testa<\/strong>, celebr\u00f3 la iniciativa y destac\u00f3 la importancia de captar nuevos mercados: <em>\u201cDesde el inicio de nuestra gesti\u00f3n venimos trabajando con Per\u00fa para atraer, de manera conjunta, a turistas de diversos mercados. Nos pone muy contentos el hecho de que esta propuesta haya surgido de un&nbsp;fam tour&nbsp;del que particip\u00f3 la empresaria, en Mendoza\u201d<\/em>.<\/p>\n\n\n\n<p>Originalmente, este itinerario estaba pensado como un recorrido enfocado s\u00f3lo en el vino de Mendoza, pero gracias a la visita y recorridos&nbsp;que realiz\u00f3 Ni\u00f1o, pudo conocer la cocina de excelencia que ofrece nuestra provincia y decidi\u00f3 invitar a sus clientes a vivir la experiencia.<\/p>\n\n\n\n<div style=\"height:20px\" aria-hidden=\"true\" class=\"wp-block-spacer\"><\/div>\n\n\n\n<blockquote class=\"wp-block-quote is-layout-flow wp-block-quote-is-layout-flow\">\n<p><em>\u201cLa calidad del vino y la experiencia de enoturismo que ofrece Mendoza la han convertido en una Meca para viajeros de todas partes y la conectividad a\u00e9rea directa entre ambas ciudades ha elevado a\u00fan m\u00e1s el gran potencial para seguir promoviendo esta complementariedad tur\u00edstica, particularmente captando viajeros de otros pa\u00edses como Colombia.<\/em><\/p>\n<cite>Alberto Hart, c\u00f3nsul de Per\u00fa en Mendoza<\/cite><\/blockquote>\n\n\n\n<div style=\"height:26px\" aria-hidden=\"true\" class=\"wp-block-spacer\"><\/div>\n\n\n\n<p><em>\u201cMe llev\u00e9 la sorpresa de que hay una oferta gastron\u00f3mica en Mendoza con experiencias de alto nivel, donde existen restaurantes destacados en gu\u00edas como Michelin y que se combinan con bodegas, con la arquitectura que hay en ellas, el arte. Se consolida como un destino perfecto para quienes disfrutan de una buena mesa y de una experiencia muy completa\u201d<\/em>, coment\u00f3 la empresaria.<\/p>\n\n\n\n<p>Una de las grandes ventajas que tiene este programa es que, gracias a la conectividad a\u00e9rea, se puede combinar a Lima y Mendoza con vuelos directos.<\/p>\n\n\n\n<div style=\"height:23px\" aria-hidden=\"true\" class=\"wp-block-spacer\"><\/div>\n\n\n\n<p class=\"has-medium-font-size\"><strong>De los mil sabores de Lima a las mil bodegas de Mendoza<\/strong><\/p>\n\n\n\n<p>Esta <strong>Ruta de Sabores y Vinos<\/strong> comienza en <strong>Lima<\/strong>, donde los viajeros podr\u00e1n acercarse a la riqueza de la cocina peruana y disfrutar de algunas actividades en mercados tradicionales, tomar clases de cocina, preparar algunos platos t\u00edpicos y realizar un city tour que los acercar\u00e1 a la historia y la cultura de esta ciudad.<\/p>\n\n\n\n<p>En Mendoza, Al Vuelo trabaja con varias agencias de turismo locales, lo que permitir\u00e1 que los pasajeros descubran la Ciudad a trav\u00e9s de un tour y disfrutar\u00e1n de actividades en diversas regiones como <strong>Valle de Uco, Luj\u00e1n de Cuyo y Maip\u00fa.<\/strong> Visitar\u00e1n bodegas, har\u00e1n degustaciones de vinos y tendr\u00e1n experiencias gastron\u00f3micas en algunas casas vitivin\u00edcolas, donde podr\u00e1n disfrutar de su arquitectura, el arte y, posteriormente, de los impactantes paisajes de monta\u00f1a que ofrece Potrerillos.<\/p>\n\n\n\n<p>Ni\u00f1o agradeci\u00f3 al Inprotur y al Ente Mendoza Turismo <em>\u201cpor la invitaci\u00f3n al&nbsp;fam tour&nbsp;que permiti\u00f3 vivir la experiencia en primera mano y estructurar un poco m\u00e1s y resaltar la autenticidad de lo que tiene Mendoza. Queremos buscar posicionarlo como una alternativa a los destinos tradicionales que el colombiano suele elegir en Argentina. Desde Turismo al Vuelo destacamos y estamos convencidos de que Mendoza tiene todo para convertirse en un destino imprescindible o un destino que quiera visitar el viajero colombiano\u201d<\/em>.<\/p>\n\n\n\n<p>Por su parte, el <strong>c\u00f3nsul de Per\u00fa en Mendoza, Alberto Hart<\/strong>, se mostr\u00f3 entusiasmado por el lanzamiento del paquete Ruta de Sabores y Vinos, que incluye a Lima y Mendoza:<em> \u201cComo es conocido, Lima se ha coronado como la capital gastron\u00f3mica de la regi\u00f3n, lo que se refleja tanto en la inclusi\u00f3n de sus restaurantes en los listados de los mejores del mundo como en la experiencia culinaria accesible a todo tipo de viajeros que visitan nuestro pa\u00eds<\/em>&#8230;<em> Por ello, felicitamos esta iniciativa que nos anima a seguir promoviendo nuestros lazos y el turismo regional\u201d<\/em>.<\/p>\n\n\n\n<div style=\"height:30px\" aria-hidden=\"true\" class=\"wp-block-spacer\"><\/div>\n","protected":false},"excerpt":{"rendered":"<p>Tras realizar un fam tour por Mendoza, invitada por el gobierno local, una empresaria colombiana&hellip;<\/p>\n","protected":false},"author":3,"featured_media":131689,"comment_status":"open","ping_status":"open","sticky":false,"template":"","format":"standard","meta":{"footnotes":""},"categories":[11],"tags":[],"class_list":["post-131687","post","type-post","status-publish","format-standard","has-post-thumbnail","hentry","category-enoturismo"],"_links":{"self":[{"href":"https:\/\/enolife.com.ar\/es\/wp-json\/wp\/v2\/posts\/131687","targetHints":{"allow":["GET"]}}],"collection":[{"href":"https:\/\/enolife.com.ar\/es\/wp-json\/wp\/v2\/posts"}],"about":[{"href":"https:\/\/enolife.com.ar\/es\/wp-json\/wp\/v2\/types\/post"}],"author":[{"embeddable":true,"href":"https:\/\/enolife.com.ar\/es\/wp-json\/wp\/v2\/users\/3"}],"replies":[{"embeddable":true,"href":"https:\/\/enolife.com.ar\/es\/wp-json\/wp\/v2\/comments?post=131687"}],"version-history":[{"count":0,"href":"https:\/\/enolife.com.ar\/es\/wp-json\/wp\/v2\/posts\/131687\/revisions"}],"wp:featuredmedia":[{"embeddable":true,"href":"https:\/\/enolife.com.ar\/es\/wp-json\/wp\/v2\/media\/131689"}],"wp:attachment":[{"href":"https:\/\/enolife.com.ar\/es\/wp-json\/wp\/v2\/media?parent=131687"}],"wp:term":[{"taxonomy":"category","embeddable":true,"href":"https:\/\/enolife.com.ar\/es\/wp-json\/wp\/v2\/categories?post=131687"},{"taxonomy":"post_tag","embeddable":true,"href":"https:\/\/enolife.com.ar\/es\/wp-json\/wp\/v2\/tags?post=131687"}],"curies":[{"name":"wp","href":"https:\/\/api.w.org\/{rel}","templated":true}]}}