{"id":131420,"date":"2024-12-04T15:36:28","date_gmt":"2024-12-04T15:36:28","guid":{"rendered":"https:\/\/enolife.com.ar\/es\/?p=131420"},"modified":"2024-12-05T14:14:22","modified_gmt":"2024-12-05T14:14:22","slug":"desde-2015-la-venta-de-vinos-cabernet-franc-crecio-585-en-el-mercado-interno-y-613-en-el-externo","status":"publish","type":"post","link":"https:\/\/enolife.com.ar\/es\/desde-2015-la-venta-de-vinos-cabernet-franc-crecio-585-en-el-mercado-interno-y-613-en-el-externo\/","title":{"rendered":"Desde 2015, la venta de vinos Cabernet Franc creci\u00f3 585% en el mercado interno y 613% en el externo"},"content":{"rendered":"\n<h4 class=\"wp-block-heading\"><em><strong>Cada&nbsp;4 de diciembre&nbsp;se celebra el&nbsp;D\u00eda Internacional del Cabernet Franc, una cepa que en Argentina mostr\u00f3 un gran crecimiento durante la \u00faltima d\u00e9cada, marcando aumentos del 140% en superficie, 170% en producci\u00f3n, 585% en las ventas al mercado interno y 613% en sus exportaciones. Estos datos fueron publicados por el Instituto Nacional de Vitivinicultura (INV), sum\u00e1ndose a los festejos.<\/strong><\/em><\/h4>\n\n\n\n<div style=\"height:35px\" aria-hidden=\"true\" class=\"wp-block-spacer\"><\/div>\n\n\n<a href=\"https:\/\/www.instagram.com\/agroconciencia_\" aria-label=\"BANNER AGROCONCIENCIA 1700X500\"><img loading=\"lazy\" decoding=\"async\" src=\"https:\/\/enolife.com.ar\/es\/wp-content\/uploads\/2019\/07\/BANNER-AGROCONCIENCIA-1700X500-1.jpg\" alt=\"\"  srcset=\"https:\/\/enolife.com.ar\/es\/wp-content\/uploads\/2019\/07\/BANNER-AGROCONCIENCIA-1700X500-1.jpg 1700w, https:\/\/enolife.com.ar\/es\/wp-content\/uploads\/2019\/07\/BANNER-AGROCONCIENCIA-1700X500-1-300x88.jpg 300w, https:\/\/enolife.com.ar\/es\/wp-content\/uploads\/2019\/07\/BANNER-AGROCONCIENCIA-1700X500-1-1024x301.jpg 1024w, https:\/\/enolife.com.ar\/es\/wp-content\/uploads\/2019\/07\/BANNER-AGROCONCIENCIA-1700X500-1-768x226.jpg 768w, https:\/\/enolife.com.ar\/es\/wp-content\/uploads\/2019\/07\/BANNER-AGROCONCIENCIA-1700X500-1-1536x452.jpg 1536w, https:\/\/enolife.com.ar\/es\/wp-content\/uploads\/2019\/07\/BANNER-AGROCONCIENCIA-1700X500-1-1170x344.jpg 1170w, https:\/\/enolife.com.ar\/es\/wp-content\/uploads\/2019\/07\/BANNER-AGROCONCIENCIA-1700X500-1-585x172.jpg 585w\" sizes=\"auto, (max-width: 1700px) 100vw, 1700px\" width=\"1700\" height=\"500\"   \/><\/a>\n\n\n<div style=\"height:45px\" aria-hidden=\"true\" class=\"wp-block-spacer\"><\/div>\n\n\n\n<p>El Cabernet Franc es una variedad de origen bordel\u00e9s, muy cultivada en el Valle del Loira y en el suroeste de Francia, tambi\u00e9n conocido bajo el nombre de Breton y de Bouchy en Basses-Pyr\u00e9n\u00e9es. Se adapta mejor a climas c\u00e1lidos. Es muy parecida al Cabernet Sauvignon, pero es m\u00e1s temprana y por lo tanto en climas fr\u00edos madura muy bien y en forma plena a nivel de polifenoles.<\/p>\n\n\n\n<p>Esta variedad demuestra una buena adaptaci\u00f3n a diferentes climas ya que se encuentra presente en Italia, Espa\u00f1a, Hungr\u00eda, Nueva Zelanda, Canad\u00e1, Estados Unidos, Brasil, Uruguay, etc. En nuestro pa\u00eds esta variedad se encuentra presente principalmente en la Provincia de Mendoza.<\/p>\n\n\n\n<p><strong>Ampelogr\u00e1ficamente <\/strong>se caracteriza por tener hojas de color verde oscuro, pentalobadas, m\u00e1s grandes, con lobulaci\u00f3n menos marcada e indumento menos intenso que Cabernet Sauvignon; con dientes de franco aspecto rect\u00edlineo. Seno peciolar de l\u00f3bulos ligeramente superpuestos, no perforado y base de nervaduras no rasante. El <strong>racimo <\/strong>es de tama\u00f1o medio, de compacidad media de forma cilindroc\u00f3nica y ocasionalmente alados. Las <strong>bayas <\/strong>son peque\u00f1as, esf\u00e9ricas, de color negro azulado con hollejo grueso y de pulpa blanda y muy jugosa. <\/p>\n\n\n\n<div style=\"height:30px\" aria-hidden=\"true\" class=\"wp-block-spacer\"><\/div>\n\n\n<div class=\"wp-block-image\">\n<figure class=\"aligncenter size-full is-resized\"><a href=\"https:\/\/enolife.com.ar\/es\/wp-content\/uploads\/2024\/12\/image-13.png\" data-rel=\"penci-gallery-image-content\" ><img loading=\"lazy\" decoding=\"async\" src=\"https:\/\/enolife.com.ar\/es\/wp-content\/uploads\/2024\/12\/image-13.png\" alt=\"\" class=\"wp-image-131429\" width=\"652\" height=\"316\" srcset=\"https:\/\/enolife.com.ar\/es\/wp-content\/uploads\/2024\/12\/image-13.png 832w, https:\/\/enolife.com.ar\/es\/wp-content\/uploads\/2024\/12\/image-13-300x146.png 300w, https:\/\/enolife.com.ar\/es\/wp-content\/uploads\/2024\/12\/image-13-768x373.png 768w, https:\/\/enolife.com.ar\/es\/wp-content\/uploads\/2024\/12\/image-13-585x284.png 585w\" sizes=\"auto, (max-width: 652px) 100vw, 652px\" \/><\/a><\/figure><\/div>\n\n\n<div style=\"height:30px\" aria-hidden=\"true\" class=\"wp-block-spacer\"><\/div>\n\n\n\n<p>Se obtiene un vino de excelente calidad, de intenso color rojo rub\u00ed, con notas vegetales como pimiento verde, eucalipto y mentol, acompa\u00f1ado de notas especiadas como pimienta negra y piment\u00f3n, entre otras. Adem\u00e1s dentro del abanico arom\u00e1tico se encuentran presentes aromas frutados como frutillas, ar\u00e1ndanos y frambuesas, de buena estructura, logrando vinos untuosos y elegantes. Con el envejecimiento, en un m\u00e1ximo de 2-3 a\u00f1os, adquiere un delicado perfume, y al gusto, caracteres bien distinguidos.<\/p>\n\n\n\n<div style=\"height:35px\" aria-hidden=\"true\" class=\"wp-block-spacer\"><\/div>\n\n\n\n<p class=\"has-medium-font-size\"><strong>Superficie<\/strong><\/p>\n\n\n\n<p>La variedad Cabernet Franc en Argentina se encuentra presente en 17 provincias vitivin\u00edcolas. En el a\u00f1o <strong>2024 <\/strong>se registraron <strong>1.937 ha cultivadas<\/strong>, lo cual representa el 1% del total de vid del pa\u00eds.<\/p>\n\n\n\n<p>Hasta el a\u00f1o 1990 hab\u00edan 76 ha de esta variedad en Argentina. A partir del a\u00f1o 2000 se produce el gran auge de plantaci\u00f3n en todo el territorio nacional. La superficie de esta variedad <strong>ha crecido un 131,8% desde 2015 <\/strong>(+1.101 ha).<\/p>\n\n\n\n<p>Es la 9na variedad tinta en total de superficie cultivada. y es la 4ta en el r\u00e1nking de variedades tintas que m\u00e1s han aumentado su superficie desde 2010, luego de Malbec, Ancellotta y Aspirant Bouschet.<\/p>\n\n\n\n<p>La provincia de Mendoza tiene la mayor cantidad de hect\u00e1reas de esta variedad, alcanzando en 2024 las 1.588 ha (82% del total), seguida por San Juan con 123 ha, Salta con 61 ha y La Rioja con 37 ha.<\/p>\n\n\n\n<div style=\"height:30px\" aria-hidden=\"true\" class=\"wp-block-spacer\"><\/div>\n\n\n<div class=\"wp-block-image\">\n<figure class=\"aligncenter size-full is-resized\"><a href=\"https:\/\/enolife.com.ar\/es\/wp-content\/uploads\/2024\/12\/image-14.png\" data-rel=\"penci-gallery-image-content\" ><img loading=\"lazy\" decoding=\"async\" src=\"https:\/\/enolife.com.ar\/es\/wp-content\/uploads\/2024\/12\/image-14.png\" alt=\"\" class=\"wp-image-131431\" width=\"678\" height=\"338\" srcset=\"https:\/\/enolife.com.ar\/es\/wp-content\/uploads\/2024\/12\/image-14.png 931w, https:\/\/enolife.com.ar\/es\/wp-content\/uploads\/2024\/12\/image-14-300x150.png 300w, https:\/\/enolife.com.ar\/es\/wp-content\/uploads\/2024\/12\/image-14-768x384.png 768w, https:\/\/enolife.com.ar\/es\/wp-content\/uploads\/2024\/12\/image-14-585x292.png 585w\" sizes=\"auto, (max-width: 678px) 100vw, 678px\" \/><\/a><\/figure><\/div>\n\n\n<div style=\"height:20px\" aria-hidden=\"true\" class=\"wp-block-spacer\"><\/div>\n\n\n<div class=\"wp-block-image\">\n<figure class=\"aligncenter size-full is-resized\"><a href=\"https:\/\/enolife.com.ar\/es\/wp-content\/uploads\/2024\/12\/image-10.png\" data-rel=\"penci-gallery-image-content\" ><img loading=\"lazy\" decoding=\"async\" src=\"https:\/\/enolife.com.ar\/es\/wp-content\/uploads\/2024\/12\/image-10.png\" alt=\"\" class=\"wp-image-131424\" width=\"543\" height=\"312\" srcset=\"https:\/\/enolife.com.ar\/es\/wp-content\/uploads\/2024\/12\/image-10.png 708w, https:\/\/enolife.com.ar\/es\/wp-content\/uploads\/2024\/12\/image-10-300x172.png 300w, https:\/\/enolife.com.ar\/es\/wp-content\/uploads\/2024\/12\/image-10-585x336.png 585w\" sizes=\"auto, (max-width: 543px) 100vw, 543px\" \/><\/a><\/figure><\/div>\n\n\n<div style=\"height:20px\" aria-hidden=\"true\" class=\"wp-block-spacer\"><\/div>\n\n\n<div class=\"wp-block-image\">\n<figure class=\"aligncenter size-full is-resized\"><a href=\"https:\/\/enolife.com.ar\/es\/wp-content\/uploads\/2024\/12\/image-11.png\" data-rel=\"penci-gallery-image-content\" ><img loading=\"lazy\" decoding=\"async\" src=\"https:\/\/enolife.com.ar\/es\/wp-content\/uploads\/2024\/12\/image-11.png\" alt=\"\" class=\"wp-image-131426\" width=\"397\" height=\"349\" srcset=\"https:\/\/enolife.com.ar\/es\/wp-content\/uploads\/2024\/12\/image-11.png 439w, https:\/\/enolife.com.ar\/es\/wp-content\/uploads\/2024\/12\/image-11-300x264.png 300w\" sizes=\"auto, (max-width: 397px) 100vw, 397px\" \/><\/a><\/figure><\/div>\n\n\n<div style=\"height:30px\" aria-hidden=\"true\" class=\"wp-block-spacer\"><\/div>\n\n\n\n<p>En la provincia de Mendoza la mayor superficie de Cabernet Franc se encuentra en los departamentos de Tunuy\u00e1n (27,4%) y Luj\u00e1n de Cuyo (25,8%), seguidos por Tupungato (16,4%), y San Carlos (12,9%). Los tres departamentos del Valle de Uco totalizan el 56,7% de Cabernet Franc de la provincia.<\/p>\n\n\n\n<div style=\"height:30px\" aria-hidden=\"true\" class=\"wp-block-spacer\"><\/div>\n\n\n<div class=\"wp-block-image\">\n<figure class=\"aligncenter size-full is-resized\"><a href=\"https:\/\/enolife.com.ar\/es\/wp-content\/uploads\/2024\/12\/image-15.png\" data-rel=\"penci-gallery-image-content\" ><img loading=\"lazy\" decoding=\"async\" src=\"https:\/\/enolife.com.ar\/es\/wp-content\/uploads\/2024\/12\/image-15.png\" alt=\"\" class=\"wp-image-131436\" width=\"722\" height=\"316\" srcset=\"https:\/\/enolife.com.ar\/es\/wp-content\/uploads\/2024\/12\/image-15.png 1004w, https:\/\/enolife.com.ar\/es\/wp-content\/uploads\/2024\/12\/image-15-300x131.png 300w, https:\/\/enolife.com.ar\/es\/wp-content\/uploads\/2024\/12\/image-15-768x336.png 768w, https:\/\/enolife.com.ar\/es\/wp-content\/uploads\/2024\/12\/image-15-585x256.png 585w\" sizes=\"auto, (max-width: 722px) 100vw, 722px\" \/><\/a><\/figure><\/div>\n\n\n<div style=\"height:30px\" aria-hidden=\"true\" class=\"wp-block-spacer\"><\/div>\n\n\n\n<p>En San Juan los departamentos que m\u00e1s concentran superficie de esta variedad son, Sarmiento (43,6%), Caucete (15,9%) y Zonda (13,9%).<\/p>\n\n\n\n<div style=\"height:30px\" aria-hidden=\"true\" class=\"wp-block-spacer\"><\/div>\n\n\n<div class=\"wp-block-image\">\n<figure class=\"aligncenter size-full is-resized\"><a href=\"https:\/\/enolife.com.ar\/es\/wp-content\/uploads\/2024\/12\/image-18.png\" data-rel=\"penci-gallery-image-content\" ><img loading=\"lazy\" decoding=\"async\" src=\"https:\/\/enolife.com.ar\/es\/wp-content\/uploads\/2024\/12\/image-18.png\" alt=\"\" class=\"wp-image-131442\" width=\"718\" height=\"312\" srcset=\"https:\/\/enolife.com.ar\/es\/wp-content\/uploads\/2024\/12\/image-18.png 1009w, https:\/\/enolife.com.ar\/es\/wp-content\/uploads\/2024\/12\/image-18-300x131.png 300w, https:\/\/enolife.com.ar\/es\/wp-content\/uploads\/2024\/12\/image-18-768x334.png 768w, https:\/\/enolife.com.ar\/es\/wp-content\/uploads\/2024\/12\/image-18-585x255.png 585w\" sizes=\"auto, (max-width: 718px) 100vw, 718px\" \/><\/a><\/figure><\/div>\n\n\n<div style=\"height:20px\" aria-hidden=\"true\" class=\"wp-block-spacer\"><\/div>\n\n\n<div class=\"wp-block-image\">\n<figure class=\"aligncenter size-full is-resized\"><a href=\"https:\/\/enolife.com.ar\/es\/wp-content\/uploads\/2024\/12\/image-17.png\" data-rel=\"penci-gallery-image-content\" ><img loading=\"lazy\" decoding=\"async\" src=\"https:\/\/enolife.com.ar\/es\/wp-content\/uploads\/2024\/12\/image-17.png\" alt=\"\" class=\"wp-image-131440\" width=\"456\" height=\"578\" srcset=\"https:\/\/enolife.com.ar\/es\/wp-content\/uploads\/2024\/12\/image-17.png 768w, https:\/\/enolife.com.ar\/es\/wp-content\/uploads\/2024\/12\/image-17-237x300.png 237w, https:\/\/enolife.com.ar\/es\/wp-content\/uploads\/2024\/12\/image-17-585x742.png 585w\" sizes=\"auto, (max-width: 456px) 100vw, 456px\" \/><\/a><\/figure><\/div>\n\n\n<div style=\"height:35px\" aria-hidden=\"true\" class=\"wp-block-spacer\"><\/div>\n\n\n\n<p class=\"has-medium-font-size\"><strong>Producci\u00f3n de uva<\/strong><\/p>\n\n\n\n<p>La producci\u00f3n total en el pa\u00eds de la variedad Cabernet Franc en <strong>2024 fue de 154.042 qq<\/strong>.<br>Como se puede observar en el cuadro siguiente, la producci\u00f3n de uva de esta variedad ha ido aumentando con el correr de los a\u00f1os, en funci\u00f3n del aumento de la superficie cultivada, desde 2015 la producci\u00f3n creci\u00f3 un 170%.<\/p>\n\n\n\n<div style=\"height:30px\" aria-hidden=\"true\" class=\"wp-block-spacer\"><\/div>\n\n\n<div class=\"wp-block-image\">\n<figure class=\"aligncenter size-full is-resized\"><a href=\"https:\/\/enolife.com.ar\/es\/wp-content\/uploads\/2024\/12\/image-20.png\" data-rel=\"penci-gallery-image-content\" ><img loading=\"lazy\" decoding=\"async\" src=\"https:\/\/enolife.com.ar\/es\/wp-content\/uploads\/2024\/12\/image-20.png\" alt=\"\" class=\"wp-image-131451\" width=\"592\" height=\"354\" srcset=\"https:\/\/enolife.com.ar\/es\/wp-content\/uploads\/2024\/12\/image-20.png 907w, https:\/\/enolife.com.ar\/es\/wp-content\/uploads\/2024\/12\/image-20-300x180.png 300w, https:\/\/enolife.com.ar\/es\/wp-content\/uploads\/2024\/12\/image-20-768x461.png 768w, https:\/\/enolife.com.ar\/es\/wp-content\/uploads\/2024\/12\/image-20-585x351.png 585w\" sizes=\"auto, (max-width: 592px) 100vw, 592px\" \/><\/a><\/figure><\/div>\n\n\n<div style=\"height:20px\" aria-hidden=\"true\" class=\"wp-block-spacer\"><\/div>\n\n\n<div class=\"wp-block-image\">\n<figure class=\"aligncenter size-full is-resized\"><a href=\"https:\/\/enolife.com.ar\/es\/wp-content\/uploads\/2024\/12\/image-19.png\" data-rel=\"penci-gallery-image-content\" ><img loading=\"lazy\" decoding=\"async\" src=\"https:\/\/enolife.com.ar\/es\/wp-content\/uploads\/2024\/12\/image-19.png\" alt=\"\" class=\"wp-image-131448\" width=\"469\" height=\"320\" srcset=\"https:\/\/enolife.com.ar\/es\/wp-content\/uploads\/2024\/12\/image-19.png 727w, https:\/\/enolife.com.ar\/es\/wp-content\/uploads\/2024\/12\/image-19-300x205.png 300w, https:\/\/enolife.com.ar\/es\/wp-content\/uploads\/2024\/12\/image-19-585x399.png 585w\" sizes=\"auto, (max-width: 469px) 100vw, 469px\" \/><\/a><\/figure><\/div>\n\n\n<div style=\"height:30px\" aria-hidden=\"true\" class=\"wp-block-spacer\"><\/div>\n\n\n\n<p>En la provincia de Mendoza los departamentos m\u00e1s productivos en esta variedad en 2024 fueron Luj\u00e1n de Cuyo (25,9%) y Tunuy\u00e1n (22,9%). En San Juan se cosech\u00f3 m\u00e1s Cabernet Franc en el departamento de Sarmiento (36,6%) y Zonda (17,3%). Su producci\u00f3n de 2024 por departamento de origen en cada provincia se muestra en los siguientes cuadros.<\/p>\n\n\n\n<div style=\"height:30px\" aria-hidden=\"true\" class=\"wp-block-spacer\"><\/div>\n\n\n<div class=\"wp-block-image\">\n<figure class=\"aligncenter size-large is-resized\"><a href=\"https:\/\/enolife.com.ar\/es\/wp-content\/uploads\/2024\/12\/image-21.png\" data-rel=\"penci-gallery-image-content\" ><img loading=\"lazy\" decoding=\"async\" src=\"https:\/\/enolife.com.ar\/es\/wp-content\/uploads\/2024\/12\/image-21-1024x387.png\" alt=\"\" class=\"wp-image-131455\" width=\"797\" height=\"301\" srcset=\"https:\/\/enolife.com.ar\/es\/wp-content\/uploads\/2024\/12\/image-21-1024x387.png 1024w, https:\/\/enolife.com.ar\/es\/wp-content\/uploads\/2024\/12\/image-21-300x113.png 300w, https:\/\/enolife.com.ar\/es\/wp-content\/uploads\/2024\/12\/image-21-768x290.png 768w, https:\/\/enolife.com.ar\/es\/wp-content\/uploads\/2024\/12\/image-21-1170x442.png 1170w, https:\/\/enolife.com.ar\/es\/wp-content\/uploads\/2024\/12\/image-21-585x221.png 585w, https:\/\/enolife.com.ar\/es\/wp-content\/uploads\/2024\/12\/image-21.png 1377w\" sizes=\"auto, (max-width: 797px) 100vw, 797px\" \/><\/a><\/figure><\/div>\n\n\n<div style=\"height:35px\" aria-hidden=\"true\" class=\"wp-block-spacer\"><\/div>\n\n\n\n<p class=\"has-medium-font-size\"><strong>Comercializaci\u00f3n total<\/strong><\/p>\n\n\n\n<p>El total de la uva cosechada de Cabernet Franc para el <strong>a\u00f1o 2023<\/strong> se destin\u00f3 a elaborar vinos, ya sea como varietal puro o en cortes con otras variedades. Se comercializaron <strong>44.074 hl de vino varietal puro de y 3.945 hl del varietal en corte con alguna otra variedad<\/strong>. La tendencia indica que la venta de vinos de este varietal  va en aumento en los \u00faltimos a\u00f1os tanto en el mercado interno como en el mercado externo.<\/p>\n\n\n\n<p>Las exportaciones de han crecido 612,9% en los \u00faltimos 10 a\u00f1os (2014- 2023) y las ventas en el mercado interno aumentaron 585,3% en el mismo per\u00edodo. En el a\u00f1o 2023 las ventas de Cabernet Franc (puro + cortes) fueron un 18,5% mayores a las del a\u00f1o anterior.<\/p>\n\n\n\n<p>El 37% del total comercializado  en 2023 se destin\u00f3 al mercado externo y el 63% se comercializ\u00f3 en el mercado local.<\/p>\n\n\n\n<div style=\"height:30px\" aria-hidden=\"true\" class=\"wp-block-spacer\"><\/div>\n\n\n<div class=\"wp-block-image\">\n<figure class=\"aligncenter size-large is-resized\"><a href=\"https:\/\/enolife.com.ar\/es\/wp-content\/uploads\/2024\/12\/image-23.png\" data-rel=\"penci-gallery-image-content\" ><img loading=\"lazy\" decoding=\"async\" src=\"https:\/\/enolife.com.ar\/es\/wp-content\/uploads\/2024\/12\/image-23-1024x456.png\" alt=\"\" class=\"wp-image-131460\" width=\"764\" height=\"341\" srcset=\"https:\/\/enolife.com.ar\/es\/wp-content\/uploads\/2024\/12\/image-23-1024x456.png 1024w, https:\/\/enolife.com.ar\/es\/wp-content\/uploads\/2024\/12\/image-23-300x134.png 300w, https:\/\/enolife.com.ar\/es\/wp-content\/uploads\/2024\/12\/image-23-768x342.png 768w, https:\/\/enolife.com.ar\/es\/wp-content\/uploads\/2024\/12\/image-23-585x261.png 585w, https:\/\/enolife.com.ar\/es\/wp-content\/uploads\/2024\/12\/image-23.png 1116w\" sizes=\"auto, (max-width: 764px) 100vw, 764px\" \/><\/a><\/figure><\/div>\n\n\n<div style=\"height:30px\" aria-hidden=\"true\" class=\"wp-block-spacer\"><\/div>\n\n\n<div class=\"wp-block-image\">\n<figure class=\"aligncenter size-full is-resized\"><a href=\"https:\/\/enolife.com.ar\/es\/wp-content\/uploads\/2024\/12\/image-24.png\" data-rel=\"penci-gallery-image-content\" ><img loading=\"lazy\" decoding=\"async\" src=\"https:\/\/enolife.com.ar\/es\/wp-content\/uploads\/2024\/12\/image-24.png\" alt=\"\" class=\"wp-image-131462\" width=\"484\" height=\"337\" srcset=\"https:\/\/enolife.com.ar\/es\/wp-content\/uploads\/2024\/12\/image-24.png 626w, https:\/\/enolife.com.ar\/es\/wp-content\/uploads\/2024\/12\/image-24-300x208.png 300w, https:\/\/enolife.com.ar\/es\/wp-content\/uploads\/2024\/12\/image-24-585x407.png 585w\" sizes=\"auto, (max-width: 484px) 100vw, 484px\" \/><\/a><\/figure><\/div>\n\n\n<div style=\"height:20px\" aria-hidden=\"true\" class=\"wp-block-spacer\"><\/div>\n\n\n<div class=\"wp-block-image\">\n<figure class=\"aligncenter size-full is-resized\"><a href=\"https:\/\/enolife.com.ar\/es\/wp-content\/uploads\/2024\/12\/image-25.png\" data-rel=\"penci-gallery-image-content\" ><img loading=\"lazy\" decoding=\"async\" src=\"https:\/\/enolife.com.ar\/es\/wp-content\/uploads\/2024\/12\/image-25.png\" alt=\"\" class=\"wp-image-131465\" width=\"514\" height=\"359\" srcset=\"https:\/\/enolife.com.ar\/es\/wp-content\/uploads\/2024\/12\/image-25.png 640w, https:\/\/enolife.com.ar\/es\/wp-content\/uploads\/2024\/12\/image-25-300x210.png 300w, https:\/\/enolife.com.ar\/es\/wp-content\/uploads\/2024\/12\/image-25-585x410.png 585w\" sizes=\"auto, (max-width: 514px) 100vw, 514px\" \/><\/a><\/figure><\/div>\n\n\n<div style=\"height:35px\" aria-hidden=\"true\" class=\"wp-block-spacer\"><\/div>\n\n\n\n<p class=\"has-medium-font-size\"><strong>Mercado interno<\/strong><\/p>\n\n\n\n<p>En <strong>2023 <\/strong>se enviaron al mercado interno <strong>27.096 hl de vino Cabernet Franc puro y 3.365 hl en corte con alguna otra variedad.<\/strong><\/p>\n\n\n\n<p>Las ventas al mercado interno, tanto en su versi\u00f3n puro como sus cortes han ido en aumento en los \u00faltimos a\u00f1os, mostrando un <strong>incremento del 585,3% en el a\u00f1o 2023 con respecto al a\u00f1o 2014 y del 16,9% en el \u00faltimo a\u00f1o.<\/strong><\/p>\n\n\n\n<p>Si bien, el Cabernet Franc y sus cortes no tiene una participaci\u00f3n importante en el total de vinos varietales vendidos en el pa\u00eds, sus ventas han tenido un aumento sostenido, llegando a representar en el 2023, el 1,3% del total de vinos varietales destinados al mercado interno, incrementando su participaci\u00f3n un 498,9% con respecto al a\u00f1o 2014.<\/p>\n\n\n\n<div style=\"height:30px\" aria-hidden=\"true\" class=\"wp-block-spacer\"><\/div>\n\n\n<div class=\"wp-block-image\">\n<figure class=\"aligncenter size-full is-resized\"><a href=\"https:\/\/enolife.com.ar\/es\/wp-content\/uploads\/2024\/12\/image-26.png\" data-rel=\"penci-gallery-image-content\" ><img loading=\"lazy\" decoding=\"async\" src=\"https:\/\/enolife.com.ar\/es\/wp-content\/uploads\/2024\/12\/image-26.png\" alt=\"\" class=\"wp-image-131468\" width=\"622\" height=\"322\" srcset=\"https:\/\/enolife.com.ar\/es\/wp-content\/uploads\/2024\/12\/image-26.png 931w, https:\/\/enolife.com.ar\/es\/wp-content\/uploads\/2024\/12\/image-26-300x156.png 300w, https:\/\/enolife.com.ar\/es\/wp-content\/uploads\/2024\/12\/image-26-768x399.png 768w, https:\/\/enolife.com.ar\/es\/wp-content\/uploads\/2024\/12\/image-26-585x304.png 585w\" sizes=\"auto, (max-width: 622px) 100vw, 622px\" \/><\/a><\/figure><\/div>\n\n\n<div style=\"height:20px\" aria-hidden=\"true\" class=\"wp-block-spacer\"><\/div>\n\n\n<div class=\"wp-block-image\">\n<figure class=\"aligncenter size-full is-resized\"><a href=\"https:\/\/enolife.com.ar\/es\/wp-content\/uploads\/2024\/12\/image-27.png\" data-rel=\"penci-gallery-image-content\" ><img loading=\"lazy\" decoding=\"async\" src=\"https:\/\/enolife.com.ar\/es\/wp-content\/uploads\/2024\/12\/image-27.png\" alt=\"\" class=\"wp-image-131471\" width=\"544\" height=\"346\" srcset=\"https:\/\/enolife.com.ar\/es\/wp-content\/uploads\/2024\/12\/image-27.png 686w, https:\/\/enolife.com.ar\/es\/wp-content\/uploads\/2024\/12\/image-27-300x191.png 300w, https:\/\/enolife.com.ar\/es\/wp-content\/uploads\/2024\/12\/image-27-585x373.png 585w\" sizes=\"auto, (max-width: 544px) 100vw, 544px\" \/><\/a><\/figure><\/div>\n\n\n<div style=\"height:30px\" aria-hidden=\"true\" class=\"wp-block-spacer\"><\/div>\n\n\n\n<p>Respecto al tipo de envase de los vinos varietales Cabernet Franc puro comercializados en el 2023 en el Mercado Interno, se observa que <strong>el 98,3% corresponde a botellas<\/strong>, el 1,4% a damajuanas, el 0,2% a latas. Tambi\u00e9n se han despachado 12 hl en acero inoxidable.<\/p>\n\n\n\n<div style=\"height:35px\" aria-hidden=\"true\" class=\"wp-block-spacer\"><\/div>\n\n\n<div class=\"wp-block-image\">\n<figure class=\"aligncenter size-full is-resized\"><a href=\"https:\/\/enolife.com.ar\/es\/wp-content\/uploads\/2024\/12\/image-29.png\" data-rel=\"penci-gallery-image-content\" ><img loading=\"lazy\" decoding=\"async\" src=\"https:\/\/enolife.com.ar\/es\/wp-content\/uploads\/2024\/12\/image-29.png\" alt=\"\" class=\"wp-image-131479\" width=\"639\" height=\"341\" srcset=\"https:\/\/enolife.com.ar\/es\/wp-content\/uploads\/2024\/12\/image-29.png 903w, https:\/\/enolife.com.ar\/es\/wp-content\/uploads\/2024\/12\/image-29-300x160.png 300w, https:\/\/enolife.com.ar\/es\/wp-content\/uploads\/2024\/12\/image-29-768x410.png 768w, https:\/\/enolife.com.ar\/es\/wp-content\/uploads\/2024\/12\/image-29-585x312.png 585w\" sizes=\"auto, (max-width: 639px) 100vw, 639px\" \/><\/a><\/figure><\/div>\n\n\n<div style=\"height:30px\" aria-hidden=\"true\" class=\"wp-block-spacer\"><\/div>\n\n\n\n<p><strong>Principales cortes de vino cabernet franc \u2013 mercado interno: <\/strong>El principal corte de esta variedad es Cabernet Franc-Malbec con el 43% del total de los cortes de este varietal. Le sigue en importancia Cabernet Franc- Merlot (33%) y Cabernet Franc- Cabernet Sauvignon-Malbec (12%).<\/p>\n\n\n\n<div style=\"height:30px\" aria-hidden=\"true\" class=\"wp-block-spacer\"><\/div>\n\n\n<div class=\"wp-block-image\">\n<figure class=\"aligncenter size-full is-resized\"><a href=\"https:\/\/enolife.com.ar\/es\/wp-content\/uploads\/2024\/12\/image-30.png\" data-rel=\"penci-gallery-image-content\" ><img loading=\"lazy\" decoding=\"async\" src=\"https:\/\/enolife.com.ar\/es\/wp-content\/uploads\/2024\/12\/image-30.png\" alt=\"\" class=\"wp-image-131483\" width=\"732\" height=\"369\" srcset=\"https:\/\/enolife.com.ar\/es\/wp-content\/uploads\/2024\/12\/image-30.png 976w, https:\/\/enolife.com.ar\/es\/wp-content\/uploads\/2024\/12\/image-30-300x151.png 300w, https:\/\/enolife.com.ar\/es\/wp-content\/uploads\/2024\/12\/image-30-768x387.png 768w, https:\/\/enolife.com.ar\/es\/wp-content\/uploads\/2024\/12\/image-30-585x295.png 585w\" sizes=\"auto, (max-width: 732px) 100vw, 732px\" \/><\/a><\/figure><\/div>\n\n\n<div style=\"height:35px\" aria-hidden=\"true\" class=\"wp-block-spacer\"><\/div>\n\n\n\n<p class=\"has-medium-font-size\"><strong>Mercado externo<\/strong><\/p>\n\n\n\n<p>El varietal Cabernet Franc ocupa el cuarto lugar en el ranking de exportaciones de varietales tintos (2023). Durante el a\u00f1o <strong>2023 <\/strong>sus exportaciones alcanzaron un total de <strong>17.559 hl, por un valor FOB de U$S11.666.000<\/strong>. El <strong>precio medio<\/strong> fue de <strong>U$S\/lt 6,64<\/strong>, muy superior al precio medio de otros varietales tintos.<\/p>\n\n\n\n<p>Las exportaciones de este varietal (puro y cortes) han <strong>crecido en volumen un 612,9% y en valor un 483,5% con respecto al a\u00f1o 2014.<\/strong> El 97% del total exportado de varietales de Cabernet Franc corresponde a varietal puro y 3% a cortes con otras variedades.<\/p>\n\n\n\n<p>La participaci\u00f3n de vinos Cabernet Franc y sus cortes en el volumen total de varietales exportados ha aumentado respecto a 2014. En ese a\u00f1o representaron el 0,1%, mientras que en 2023 alcanzaron el 1%.<br>El varietal puro ha crecido en el mercado externo respecto al a\u00f1o 2014 un 771,2% mientras que los cortes con otras variedades crecieron un 12,9% en el mismo per\u00edodo. <strong>En el \u00faltimo a\u00f1o<\/strong>, las exportaciones de Cabernet Franc (puro + cortes) <strong>aumentaron un 21,4% en volumen y un 20% en valor FOB.<\/strong><\/p>\n\n\n\n<div style=\"height:30px\" aria-hidden=\"true\" class=\"wp-block-spacer\"><\/div>\n\n\n<div class=\"wp-block-image\">\n<figure class=\"aligncenter size-full is-resized\"><a href=\"https:\/\/enolife.com.ar\/es\/wp-content\/uploads\/2024\/12\/image-31.png\" data-rel=\"penci-gallery-image-content\" ><img loading=\"lazy\" decoding=\"async\" src=\"https:\/\/enolife.com.ar\/es\/wp-content\/uploads\/2024\/12\/image-31.png\" alt=\"\" class=\"wp-image-131486\" width=\"634\" height=\"339\" srcset=\"https:\/\/enolife.com.ar\/es\/wp-content\/uploads\/2024\/12\/image-31.png 977w, https:\/\/enolife.com.ar\/es\/wp-content\/uploads\/2024\/12\/image-31-300x161.png 300w, https:\/\/enolife.com.ar\/es\/wp-content\/uploads\/2024\/12\/image-31-768x411.png 768w, https:\/\/enolife.com.ar\/es\/wp-content\/uploads\/2024\/12\/image-31-585x313.png 585w\" sizes=\"auto, (max-width: 634px) 100vw, 634px\" \/><\/a><\/figure><\/div>\n\n\n<div style=\"height:20px\" aria-hidden=\"true\" class=\"wp-block-spacer\"><\/div>\n\n\n<div class=\"wp-block-image\">\n<figure class=\"aligncenter size-large is-resized\"><a href=\"https:\/\/enolife.com.ar\/es\/wp-content\/uploads\/2024\/12\/image-32.png\" data-rel=\"penci-gallery-image-content\" ><img loading=\"lazy\" decoding=\"async\" src=\"https:\/\/enolife.com.ar\/es\/wp-content\/uploads\/2024\/12\/image-32-1024x326.png\" alt=\"\" class=\"wp-image-131488\" width=\"874\" height=\"278\" srcset=\"https:\/\/enolife.com.ar\/es\/wp-content\/uploads\/2024\/12\/image-32-1024x326.png 1024w, https:\/\/enolife.com.ar\/es\/wp-content\/uploads\/2024\/12\/image-32-300x95.png 300w, https:\/\/enolife.com.ar\/es\/wp-content\/uploads\/2024\/12\/image-32-768x244.png 768w, https:\/\/enolife.com.ar\/es\/wp-content\/uploads\/2024\/12\/image-32-585x186.png 585w, https:\/\/enolife.com.ar\/es\/wp-content\/uploads\/2024\/12\/image-32.png 1125w\" sizes=\"auto, (max-width: 874px) 100vw, 874px\" \/><\/a><\/figure><\/div>\n\n\n<div style=\"height:30px\" aria-hidden=\"true\" class=\"wp-block-spacer\"><\/div>\n\n\n\n<p><strong>Principales cortes de vino cabernet franc \u2013 mercado externo: <\/strong>El principal corte de este varietal es Cabernet Franc-Malbec con el 38% del volumen total de los cortes de esta variedad. Le sigue en importancia Cabernet Franc- Cabernet Sauvignon con el 25% y Cabernet Franc-Merlot con el 19%.<\/p>\n\n\n\n<div style=\"height:30px\" aria-hidden=\"true\" class=\"wp-block-spacer\"><\/div>\n\n\n<div class=\"wp-block-image\">\n<figure class=\"aligncenter size-full is-resized\"><a href=\"https:\/\/enolife.com.ar\/es\/wp-content\/uploads\/2024\/12\/image-33.png\" data-rel=\"penci-gallery-image-content\" ><img loading=\"lazy\" decoding=\"async\" src=\"https:\/\/enolife.com.ar\/es\/wp-content\/uploads\/2024\/12\/image-33.png\" alt=\"\" class=\"wp-image-131491\" width=\"708\" height=\"566\" srcset=\"https:\/\/enolife.com.ar\/es\/wp-content\/uploads\/2024\/12\/image-33.png 946w, https:\/\/enolife.com.ar\/es\/wp-content\/uploads\/2024\/12\/image-33-300x240.png 300w, https:\/\/enolife.com.ar\/es\/wp-content\/uploads\/2024\/12\/image-33-768x614.png 768w, https:\/\/enolife.com.ar\/es\/wp-content\/uploads\/2024\/12\/image-33-585x468.png 585w\" sizes=\"auto, (max-width: 708px) 100vw, 708px\" \/><\/a><\/figure><\/div>\n\n\n<div style=\"height:30px\" aria-hidden=\"true\" class=\"wp-block-spacer\"><\/div>\n\n\n\n<p>El <strong>principal destino <\/strong>de los vinos varietales puros<strong> <\/strong>Cabernet Franc en 2023 fue <strong>Brasil <\/strong>(33,3%), seguido por <strong>Estados Unidos<\/strong> (31,1%). Luego figuran Reino Unido, Canad\u00e1 y Per\u00fa.<\/p>\n\n\n\n<p>Mientras que para el Cabernet Franc con cortes los principales destinatarios fueron Brasil (37,7%), Estados Unidos (35,3%), Uruguay y Reino Unido.<\/p>\n\n\n\n<div style=\"height:30px\" aria-hidden=\"true\" class=\"wp-block-spacer\"><\/div>\n\n\n<div class=\"wp-block-image\">\n<figure class=\"aligncenter size-large is-resized\"><a href=\"https:\/\/enolife.com.ar\/es\/wp-content\/uploads\/2024\/12\/image-34.png\" data-rel=\"penci-gallery-image-content\" ><img loading=\"lazy\" decoding=\"async\" src=\"https:\/\/enolife.com.ar\/es\/wp-content\/uploads\/2024\/12\/image-34-1024x489.png\" alt=\"\" class=\"wp-image-131493\" width=\"782\" height=\"373\" srcset=\"https:\/\/enolife.com.ar\/es\/wp-content\/uploads\/2024\/12\/image-34-1024x489.png 1024w, https:\/\/enolife.com.ar\/es\/wp-content\/uploads\/2024\/12\/image-34-300x143.png 300w, https:\/\/enolife.com.ar\/es\/wp-content\/uploads\/2024\/12\/image-34-768x367.png 768w, https:\/\/enolife.com.ar\/es\/wp-content\/uploads\/2024\/12\/image-34-1170x559.png 1170w, https:\/\/enolife.com.ar\/es\/wp-content\/uploads\/2024\/12\/image-34-585x279.png 585w, https:\/\/enolife.com.ar\/es\/wp-content\/uploads\/2024\/12\/image-34.png 1259w\" sizes=\"auto, (max-width: 782px) 100vw, 782px\" \/><\/a><\/figure><\/div>\n\n\n<div style=\"height:30px\" aria-hidden=\"true\" class=\"wp-block-spacer\"><\/div>\n\n\n\n<p>En cuanto a la modalidad de las exportaciones, mayormente se env\u00eda fraccionado. En el a\u00f1o 2023 el 99% de las exportaciones fue fraccionado.<\/p>\n\n\n\n<div style=\"height:30px\" aria-hidden=\"true\" class=\"wp-block-spacer\"><\/div>\n\n\n<div class=\"wp-block-image\">\n<figure class=\"aligncenter size-full is-resized\"><a href=\"https:\/\/enolife.com.ar\/es\/wp-content\/uploads\/2024\/12\/image-35.png\" data-rel=\"penci-gallery-image-content\" ><img loading=\"lazy\" decoding=\"async\" src=\"https:\/\/enolife.com.ar\/es\/wp-content\/uploads\/2024\/12\/image-35.png\" alt=\"\" class=\"wp-image-131496\" width=\"672\" height=\"360\" srcset=\"https:\/\/enolife.com.ar\/es\/wp-content\/uploads\/2024\/12\/image-35.png 980w, https:\/\/enolife.com.ar\/es\/wp-content\/uploads\/2024\/12\/image-35-300x160.png 300w, https:\/\/enolife.com.ar\/es\/wp-content\/uploads\/2024\/12\/image-35-768x411.png 768w, https:\/\/enolife.com.ar\/es\/wp-content\/uploads\/2024\/12\/image-35-585x313.png 585w\" sizes=\"auto, (max-width: 672px) 100vw, 672px\" \/><\/a><\/figure><\/div>\n\n\n<div style=\"height:30px\" aria-hidden=\"true\" class=\"wp-block-spacer\"><\/div>\n\n\n<div class=\"wp-block-image\">\n<figure class=\"aligncenter size-full is-resized\"><a href=\"https:\/\/enolife.com.ar\/es\/wp-content\/uploads\/2024\/12\/image-36.png\" data-rel=\"penci-gallery-image-content\" ><img loading=\"lazy\" decoding=\"async\" src=\"https:\/\/enolife.com.ar\/es\/wp-content\/uploads\/2024\/12\/image-36.png\" alt=\"\" class=\"wp-image-131497\" width=\"523\" height=\"336\" srcset=\"https:\/\/enolife.com.ar\/es\/wp-content\/uploads\/2024\/12\/image-36.png 683w, https:\/\/enolife.com.ar\/es\/wp-content\/uploads\/2024\/12\/image-36-300x193.png 300w, https:\/\/enolife.com.ar\/es\/wp-content\/uploads\/2024\/12\/image-36-585x376.png 585w\" sizes=\"auto, (max-width: 523px) 100vw, 523px\" \/><\/a><\/figure><\/div>\n\n\n<div style=\"height:35px\" aria-hidden=\"true\" class=\"wp-block-spacer\"><\/div>\n","protected":false},"excerpt":{"rendered":"<p>Cada&nbsp;4 de diciembre&nbsp;se celebra el&nbsp;D\u00eda Internacional del Cabernet Franc, una cepa que en Argentina mostr\u00f3&hellip;<\/p>\n","protected":false},"author":3,"featured_media":131525,"comment_status":"open","ping_status":"open","sticky":false,"template":"","format":"standard","meta":{"footnotes":""},"categories":[56,9],"tags":[],"class_list":["post-131420","post","type-post","status-publish","format-standard","has-post-thumbnail","hentry","category-destacado","category-negocios"],"_links":{"self":[{"href":"https:\/\/enolife.com.ar\/es\/wp-json\/wp\/v2\/posts\/131420","targetHints":{"allow":["GET"]}}],"collection":[{"href":"https:\/\/enolife.com.ar\/es\/wp-json\/wp\/v2\/posts"}],"about":[{"href":"https:\/\/enolife.com.ar\/es\/wp-json\/wp\/v2\/types\/post"}],"author":[{"embeddable":true,"href":"https:\/\/enolife.com.ar\/es\/wp-json\/wp\/v2\/users\/3"}],"replies":[{"embeddable":true,"href":"https:\/\/enolife.com.ar\/es\/wp-json\/wp\/v2\/comments?post=131420"}],"version-history":[{"count":0,"href":"https:\/\/enolife.com.ar\/es\/wp-json\/wp\/v2\/posts\/131420\/revisions"}],"wp:featuredmedia":[{"embeddable":true,"href":"https:\/\/enolife.com.ar\/es\/wp-json\/wp\/v2\/media\/131525"}],"wp:attachment":[{"href":"https:\/\/enolife.com.ar\/es\/wp-json\/wp\/v2\/media?parent=131420"}],"wp:term":[{"taxonomy":"category","embeddable":true,"href":"https:\/\/enolife.com.ar\/es\/wp-json\/wp\/v2\/categories?post=131420"},{"taxonomy":"post_tag","embeddable":true,"href":"https:\/\/enolife.com.ar\/es\/wp-json\/wp\/v2\/tags?post=131420"}],"curies":[{"name":"wp","href":"https:\/\/api.w.org\/{rel}","templated":true}]}}