{"id":130985,"date":"2024-12-06T21:35:30","date_gmt":"2024-12-06T21:35:30","guid":{"rendered":"https:\/\/enolife.com.ar\/es\/?p=130985"},"modified":"2024-12-09T15:03:24","modified_gmt":"2024-12-09T15:03:24","slug":"la-olivicultura-de-mendoza-de-fiesta-entregaron-los-premios-cuyoliva-y-eligieron-la-reina-del-olivo","status":"publish","type":"post","link":"https:\/\/enolife.com.ar\/es\/la-olivicultura-de-mendoza-de-fiesta-entregaron-los-premios-cuyoliva-y-eligieron-la-reina-del-olivo\/","title":{"rendered":"La olivicultura de Mendoza de fiesta: entregaron los premios CuyOliva y eligieron la Reina del Olivo"},"content":{"rendered":"\n<h4 class=\"wp-block-heading\"><em><strong>El 30\/11\/2024 se llev\u00f3 a cabo en el Hotel Esplendor del Complejo Arena Maip\u00fa, de Maip\u00fa, Mendoza, la XXIV Fiesta Provincial de la Olivicultura, donde se eligi\u00f3 la Reina de la Olivicultura 2025 y se realiz\u00f3 la entrega de premios del concurso CuyOliva Internacional 2024. Tambi\u00e9n se entregaron los reconocimientos a los \u201cJuveniles Guardi\u00e1n de los Olivos\u201d y la distinci\u00f3n \u201cGran Guardi\u00e1n de Los Olivos\u00bb. El evento fue organizado  en forma conjunta entre la Municipalidad de Maip\u00fa, la C\u00e1mara Oliv\u00edcola de Mendoza, la Fundaci\u00f3n Seminare, la Finca Escuela Oleovid, la Asociaci\u00f3n Argentina de Sommeliers de Aceites de Oliva, la Escuela Internacional de Gastronom\u00eda y la Universidad Juan A. Maza.<\/strong><\/em><\/h4>\n\n\n\n<div style=\"height:35px\" aria-hidden=\"true\" class=\"wp-block-spacer\"><\/div>\n\n\n\n\n\n<div style=\"height:45px\" aria-hidden=\"true\" class=\"wp-block-spacer\"><\/div>\n\n\n\n<p>La Mesa Acad\u00e9mica encargada de la entrega de premios y distinciones estuvo integrada por: la presidenta del Concejo Deliberante de Maip\u00fa, <strong>Yamila Cerezo<\/strong>; el secretario de Gobierno de la Municipalidad de Maip\u00fa, <strong>Gustavo Aroma<\/strong>; el presidente de la C\u00e1mara Oliv\u00edcola de Mendoza, J<strong>uan Carlos Garc\u00eda Zuloaga<\/strong>; la vicerrectora de la Universidad Juan Agust\u00edn Maza, <strong>M\u00f3nica Torrecilla<\/strong>; la vicepresidente de la Fundaci\u00f3n Seminare, <strong>Stella Vannucci<\/strong>; el presidente de la Escuela Internacional de Turismo, Gastronom\u00eda y Hoteler\u00eda de Mendoza, <strong>Armando Alonso Bad\u00eda<\/strong>; y el secretario de la Asociaci\u00f3n Argentina de Sommeliers de Aceites de Oliva, <strong>Diego Di Giacomo<\/strong>.<\/p>\n\n\n\n<div style=\"height:30px\" aria-hidden=\"true\" class=\"wp-block-spacer\"><\/div>\n\n\n<div class=\"wp-block-image\">\n<figure class=\"aligncenter size-large is-resized\"><a href=\"https:\/\/enolife.com.ar\/es\/wp-content\/uploads\/2024\/12\/image-37.png\" data-rel=\"penci-gallery-image-content\" ><img loading=\"lazy\" decoding=\"async\" src=\"https:\/\/enolife.com.ar\/es\/wp-content\/uploads\/2024\/12\/image-37-1024x452.png\" alt=\"\" class=\"wp-image-132045\" width=\"724\" height=\"319\" srcset=\"https:\/\/enolife.com.ar\/es\/wp-content\/uploads\/2024\/12\/image-37-1024x452.png 1024w, https:\/\/enolife.com.ar\/es\/wp-content\/uploads\/2024\/12\/image-37-300x132.png 300w, https:\/\/enolife.com.ar\/es\/wp-content\/uploads\/2024\/12\/image-37-768x339.png 768w, https:\/\/enolife.com.ar\/es\/wp-content\/uploads\/2024\/12\/image-37-585x258.png 585w, https:\/\/enolife.com.ar\/es\/wp-content\/uploads\/2024\/12\/image-37.png 1062w\" sizes=\"auto, (max-width: 724px) 100vw, 724px\" \/><\/a><figcaption class=\"wp-element-caption\"><em><strong>La Mesa Acad\u00e9mica que entreg\u00f3 los premios<\/strong><\/em><strong><em>.<\/em><\/strong><\/figcaption><\/figure><\/div>\n\n\n<div style=\"height:35px\" aria-hidden=\"true\" class=\"wp-block-spacer\"><\/div>\n\n\n\n<p class=\"has-medium-font-size\"><strong>Distinci\u00f3n \u00abGuardi\u00e1n de los Olivos<\/strong>\u00ab<\/p>\n\n\n\n<p>En el a\u00f1o 2006, para la realizaci\u00f3n de la Sexta Fiesta Provincial de la Olivicultura, el Consejo Directivo de la Fundaci\u00f3n Seminare le encarg\u00f3 al artista pl\u00e1stico mendocino <strong>Miguel Angel Marchionni<\/strong> la realizaci\u00f3n de una pintura alusiva al <strong>\u00abGuardi\u00e1n de los Olivos\u00bb<\/strong>. La imagen y el nombre de la pintura se convirtieron en un diploma de honor en reconocimiento de las personas, entidades o medios que demuestran una preocupaci\u00f3n especial por el olivo y sus productos. Esta distinci\u00f3n fue reconocida de <strong>inter\u00e9s social, cultural y departamental <\/strong>por el Concejo Deliberante de Maip\u00fa a trav\u00e9s de su presidenta Yamila Cerezo. <\/p>\n\n\n\n<div style=\"height:30px\" aria-hidden=\"true\" class=\"wp-block-spacer\"><\/div>\n\n\n<div class=\"wp-block-image\">\n<figure class=\"alignleft size-full is-resized\"><a href=\"https:\/\/enolife.com.ar\/es\/wp-content\/uploads\/2024\/12\/WhatsApp-Image-2024-12-06-at-18.12.30.jpeg\" data-rel=\"penci-gallery-image-content\" ><img loading=\"lazy\" decoding=\"async\" src=\"https:\/\/enolife.com.ar\/es\/wp-content\/uploads\/2024\/12\/WhatsApp-Image-2024-12-06-at-18.12.30.jpeg\" alt=\"\" class=\"wp-image-132224\" width=\"413\" height=\"301\" srcset=\"https:\/\/enolife.com.ar\/es\/wp-content\/uploads\/2024\/12\/WhatsApp-Image-2024-12-06-at-18.12.30.jpeg 685w, https:\/\/enolife.com.ar\/es\/wp-content\/uploads\/2024\/12\/WhatsApp-Image-2024-12-06-at-18.12.30-300x219.jpeg 300w, https:\/\/enolife.com.ar\/es\/wp-content\/uploads\/2024\/12\/WhatsApp-Image-2024-12-06-at-18.12.30-585x427.jpeg 585w\" sizes=\"auto, (max-width: 413px) 100vw, 413px\" \/><\/a><\/figure><\/div>\n\n\n<p><\/p>\n\n\n\n<p class=\"has-white-color has-text-color has-background\" style=\"background-color:#2a5142\"><strong>En 2021, la distinci\u00f3n \u00abGuardi\u00e1n de los Olivos\u00bb fue entregada a nuestro medio Enolife.<\/strong> <strong>En m\u00e9rito a una serie de art\u00edculos period\u00edsticos en donde se rescat\u00f3 la labor de emprendedores y productores que, mediante distintas acciones, evitan la erradicaci\u00f3n de olivos en Mendoza.<\/strong><br><strong>En el diploma agregan \u00abEnolife, diario digital vitivin\u00edcola, mantiene su pasi\u00f3n por los temas oliv\u00edcolas y su permanente difusi\u00f3n\u00bb<\/strong><\/p>\n\n\n\n<div style=\"height:15px\" aria-hidden=\"true\" class=\"wp-block-spacer\"><\/div>\n\n\n\n<div style=\"height:30px\" aria-hidden=\"true\" class=\"wp-block-spacer\"><\/div>\n\n\n\n<p>El diploma 2024 fue entregado a <strong>Gabriel Guardia<\/strong>, por haber participado en la creaci\u00f3n del primer olivar de altura en Mendoza, a 1.950 metros sobre el nivel del mar, en <strong>Uspallata<\/strong>, y por ser fundador de la primera guarder\u00eda de olivos centenarios en Maip\u00fa, y que llevan rescatados m\u00e1s de 4.000 ejemplares erradicados de otras fincas.<\/p>\n\n\n\n<div style=\"height:30px\" aria-hidden=\"true\" class=\"wp-block-spacer\"><\/div>\n\n\n<div class=\"wp-block-image\">\n<figure class=\"aligncenter size-full is-resized\"><a href=\"https:\/\/enolife.com.ar\/es\/wp-content\/uploads\/2024\/12\/Imagen1-4.jpg\" data-rel=\"penci-gallery-image-content\" ><img loading=\"lazy\" decoding=\"async\" src=\"https:\/\/enolife.com.ar\/es\/wp-content\/uploads\/2024\/12\/Imagen1-4.jpg\" alt=\"\" class=\"wp-image-132055\" width=\"708\" height=\"288\" srcset=\"https:\/\/enolife.com.ar\/es\/wp-content\/uploads\/2024\/12\/Imagen1-4.jpg 975w, https:\/\/enolife.com.ar\/es\/wp-content\/uploads\/2024\/12\/Imagen1-4-300x122.jpg 300w, https:\/\/enolife.com.ar\/es\/wp-content\/uploads\/2024\/12\/Imagen1-4-768x313.jpg 768w, https:\/\/enolife.com.ar\/es\/wp-content\/uploads\/2024\/12\/Imagen1-4-585x238.jpg 585w\" sizes=\"auto, (max-width: 708px) 100vw, 708px\" \/><\/a><figcaption class=\"wp-element-caption\"><em><strong>Izq: Stella Vanucci, Yamila Cerezo y Juan Carlos Garc\u00eda Zuloaga &#8211; Der: entrega de diploma a Gabriel Guardia<\/strong><\/em><strong>.<\/strong><\/figcaption><\/figure><\/div>\n\n\n<div style=\"height:30px\" aria-hidden=\"true\" class=\"wp-block-spacer\"><\/div>\n\n\n\n<p class=\"has-medium-font-size\"><strong>Entrega de premios CuyoOliva 2024<\/strong><\/p>\n\n\n\n<p>El jurado del concurso estuvo integrado por un panel de cata conformado por los sommeliers Mercedes Roco, Diego Di Giacomo, Steven Caballero, Micaela Mogavero, Pedro Rastrilla, Sergio Vila, Rodolfo Cavagnaro, Gustavo Bersezio, Evelyn Pedraza, Gerardo Antunez, Emanuel Zingariello, Leandro Rizzo; y como auxiliar, Romina Cortez. Quienes eligieron los mejores AOVE para las categor\u00edas Medalla de Plata, Medalla de Oro, Gran Medalla de Oro y Doble Gran Medalla de Oro.<\/p>\n\n\n\n<p>Participaron del concurso aceites de oliva provenientes de Espa\u00f1a, Per\u00fa, Uruguay y de las distintas provincias oliv\u00edcolas de Argentina, Mendoza, San Juan, La Rioja, Salta, C\u00f3rdoba, Buenos Aires y San Luis.<\/p>\n\n\n\n<div style=\"height:30px\" aria-hidden=\"true\" class=\"wp-block-spacer\"><\/div>\n\n\n<div class=\"wp-block-image\">\n<figure class=\"aligncenter size-full\"><a href=\"https:\/\/enolife.com.ar\/es\/wp-content\/uploads\/2024\/12\/b.jpg\" data-rel=\"penci-gallery-image-content\" ><img loading=\"lazy\" decoding=\"async\" width=\"741\" height=\"396\" src=\"https:\/\/enolife.com.ar\/es\/wp-content\/uploads\/2024\/12\/b.jpg\" alt=\"\" class=\"wp-image-132063\" srcset=\"https:\/\/enolife.com.ar\/es\/wp-content\/uploads\/2024\/12\/b.jpg 741w, https:\/\/enolife.com.ar\/es\/wp-content\/uploads\/2024\/12\/b-300x160.jpg 300w, https:\/\/enolife.com.ar\/es\/wp-content\/uploads\/2024\/12\/b-585x313.jpg 585w\" sizes=\"auto, (max-width: 741px) 100vw, 741px\" \/><\/a><figcaption class=\"wp-element-caption\"><em><strong>Panel de cata del concurso CuyOliva 2024<\/strong><\/em><\/figcaption><\/figure><\/div>\n\n\n<div style=\"height:30px\" aria-hidden=\"true\" class=\"wp-block-spacer\"><\/div>\n\n\n\n<p class=\"has-medium-font-size\"><strong>Ganadores<\/strong><\/p>\n\n\n\n<p><strong>Universidad Nacional de la Rioja:<\/strong> Gran Medalla de Oro para su aceite de oliva virgen extra, Blend Lote 47 y Medalla de Plata para su aceite de oliva virgen extra, Blend Lote 51<strong>.<\/strong> <\/p>\n\n\n\n<p><strong>Integraci\u00f3n Regional SRL \u00ab6 Mar\u00edas\u00bb de Carpinter\u00eda, Pocito, San Juan:<\/strong> Gran Medalla de Oro para su aceite de oliva virgen extra, Blend sabor intenso y Medalla de Oro para su aceite de oliva virgen extra, Varietal Changlot.<\/p>\n\n\n\n<div style=\"height:30px\" aria-hidden=\"true\" class=\"wp-block-spacer\"><\/div>\n\n\n\n<figure class=\"wp-block-gallery has-nested-images columns-default is-cropped wp-block-gallery-1 is-layout-flex wp-block-gallery-is-layout-flex\">\n<figure class=\"wp-block-image size-full\"><a href=\"https:\/\/enolife.com.ar\/es\/wp-content\/uploads\/2024\/12\/image-39.png\" data-rel=\"penci-gallery-image-content\" ><img loading=\"lazy\" decoding=\"async\" width=\"550\" height=\"529\" data-id=\"132145\" src=\"https:\/\/enolife.com.ar\/es\/wp-content\/uploads\/2024\/12\/image-39.png\" alt=\"\" class=\"wp-image-132145\" srcset=\"https:\/\/enolife.com.ar\/es\/wp-content\/uploads\/2024\/12\/image-39.png 550w, https:\/\/enolife.com.ar\/es\/wp-content\/uploads\/2024\/12\/image-39-300x289.png 300w\" sizes=\"auto, (max-width: 550px) 100vw, 550px\" \/><\/a><figcaption class=\"wp-element-caption\"><strong><em>Universidad Nacional de La Rioja, recibe Jonathan Montoll<\/em><\/strong><\/figcaption><\/figure>\n\n\n\n<figure class=\"wp-block-image size-full\"><a href=\"https:\/\/enolife.com.ar\/es\/wp-content\/uploads\/2024\/12\/image-40.png\" data-rel=\"penci-gallery-image-content\" ><img loading=\"lazy\" decoding=\"async\" width=\"629\" height=\"719\" data-id=\"132146\" src=\"https:\/\/enolife.com.ar\/es\/wp-content\/uploads\/2024\/12\/image-40.png\" alt=\"\" class=\"wp-image-132146\" srcset=\"https:\/\/enolife.com.ar\/es\/wp-content\/uploads\/2024\/12\/image-40.png 629w, https:\/\/enolife.com.ar\/es\/wp-content\/uploads\/2024\/12\/image-40-262x300.png 262w, https:\/\/enolife.com.ar\/es\/wp-content\/uploads\/2024\/12\/image-40-585x669.png 585w\" sizes=\"auto, (max-width: 629px) 100vw, 629px\" \/><\/a><figcaption class=\"wp-element-caption\"><strong><em>Integraci\u00f3n Regional SRL \u00ab6 Mar\u00edas\u00bb, recibe Pablo Rodr\u00edguez<\/em><\/strong><\/figcaption><\/figure>\n<\/figure>\n\n\n\n<div style=\"height:30px\" aria-hidden=\"true\" class=\"wp-block-spacer\"><\/div>\n\n\n\n<p><strong>Agropecuaria EL Mistol S.A. de San Mart\u00edn, Provincia de San Juan: <\/strong>Gran Medalla de Oro para su aceite de oliva virgen extra, El Mistol Premium y Medalla de Oro para su aceite de oliva virgen extra, El Mistol Cl\u00e1sico. <\/p>\n\n\n\n<p><strong>Sierra Pura S.A. de Traslasierra, C\u00f3rdoba: <\/strong>Gran Medalla de Oro para su aceite de oliva virgen extra, Blend Medio y Medalla de Oro para su aceite de oliva virgen extra, Varietal Picual.<\/p>\n\n\n\n<p><strong>Oliva Ilustre, de Buenos Aires:<\/strong> Medalla de Oro para su aceite de oliva virgen extra, Oliva Ilustre Blend Exclusivo. <\/p>\n\n\n\n<p><strong>Pasrai S.R.L. de Russell, Maip\u00fa, Mendoza: <\/strong>Medalla de Oro para su aceite oliva virgen extra, Quinta Generaci\u00f3n Blend. <\/p>\n\n\n\n<p><strong>Augusto Zingaretti e Hijos S.A., de San Rafael, Mendoza:<\/strong> Gran Medalla de Oro para su aceite de oliva virgen extra, Yancanelo Blend m\u00e9todo Sinolea.  <\/p>\n\n\n\n<p><strong>Jos\u00e9 Nucete e Hijos S.A. ,de Guaymell\u00e9n, Mendoza: <\/strong>Medalla de Oro para su aceite de oliva virgen extra<strong>, <\/strong>La Malague\u00f1a Varietal Arauco y para su aceite de oliva virgen extra, La Malague\u00f1a Blend. <\/p>\n\n\n\n<div style=\"height:30px\" aria-hidden=\"true\" class=\"wp-block-spacer\"><\/div>\n\n\n\n<figure class=\"wp-block-gallery has-nested-images columns-default is-cropped wp-block-gallery-2 is-layout-flex wp-block-gallery-is-layout-flex\">\n<figure class=\"wp-block-image size-full\"><a href=\"https:\/\/enolife.com.ar\/es\/wp-content\/uploads\/2024\/12\/1.jpg\" data-rel=\"penci-gallery-image-content\" ><img loading=\"lazy\" decoding=\"async\" width=\"357\" height=\"388\" data-id=\"132148\" src=\"https:\/\/enolife.com.ar\/es\/wp-content\/uploads\/2024\/12\/1.jpg\" alt=\"\" class=\"wp-image-132148\" srcset=\"https:\/\/enolife.com.ar\/es\/wp-content\/uploads\/2024\/12\/1.jpg 357w, https:\/\/enolife.com.ar\/es\/wp-content\/uploads\/2024\/12\/1-276x300.jpg 276w\" sizes=\"auto, (max-width: 357px) 100vw, 357px\" \/><\/a><figcaption class=\"wp-element-caption\"><strong><em>Pasrai, recibe Norberto Muravnik<\/em><\/strong><\/figcaption><\/figure>\n\n\n\n<figure class=\"wp-block-image size-full\"><a href=\"https:\/\/enolife.com.ar\/es\/wp-content\/uploads\/2024\/12\/2.jpg\" data-rel=\"penci-gallery-image-content\" ><img loading=\"lazy\" decoding=\"async\" width=\"360\" height=\"451\" data-id=\"132149\" src=\"https:\/\/enolife.com.ar\/es\/wp-content\/uploads\/2024\/12\/2.jpg\" alt=\"\" class=\"wp-image-132149\" srcset=\"https:\/\/enolife.com.ar\/es\/wp-content\/uploads\/2024\/12\/2.jpg 360w, https:\/\/enolife.com.ar\/es\/wp-content\/uploads\/2024\/12\/2-239x300.jpg 239w\" sizes=\"auto, (max-width: 360px) 100vw, 360px\" \/><\/a><figcaption class=\"wp-element-caption\"><strong><em>Augusto Zingaretti, recibe Luisina P\u00e9rez<\/em><\/strong><\/figcaption><\/figure>\n\n\n\n<figure class=\"wp-block-image size-full\"><a href=\"https:\/\/enolife.com.ar\/es\/wp-content\/uploads\/2024\/12\/3.jpg\" data-rel=\"penci-gallery-image-content\" ><img loading=\"lazy\" decoding=\"async\" width=\"369\" height=\"378\" data-id=\"132150\" src=\"https:\/\/enolife.com.ar\/es\/wp-content\/uploads\/2024\/12\/3.jpg\" alt=\"\" class=\"wp-image-132150\" srcset=\"https:\/\/enolife.com.ar\/es\/wp-content\/uploads\/2024\/12\/3.jpg 369w, https:\/\/enolife.com.ar\/es\/wp-content\/uploads\/2024\/12\/3-293x300.jpg 293w\" sizes=\"auto, (max-width: 369px) 100vw, 369px\" \/><\/a><figcaption class=\"wp-element-caption\"><strong><em>Juan C. Garc\u00eda Zuloaga entrega su premio a Mercedes Roco<\/em><\/strong>.<\/figcaption><\/figure>\n<\/figure>\n\n\n\n<div style=\"height:30px\" aria-hidden=\"true\" class=\"wp-block-spacer\"><\/div>\n\n\n\n<p><strong>Olimas S.A. de Parque Industrial Alvear, San Juan: <\/strong>Gran Medalla de Oro para su aceite de oliva virgen extra, Viridian. <\/p>\n\n\n\n<p><strong>Sergio Costanzi \u2013 Fincas Elaia de San Rafael, Mendoza<\/strong>: Medalla de Oro para su aceite de oliva virgen extra, Varietal Arbequina. <\/p>\n\n\n\n<p><strong>Zaytec Argentina, de San Juan: <\/strong>Gran Medalla de Oro para su aceite de oliva virgen extra, Blend. <\/p>\n\n\n\n<p><strong>Dar\u00edo Jes\u00fas Amante Ripamonti, de Mendoza: <\/strong>Gran Medalla de Oro para su aceite de oliva virgen extra, Aluh\u00e9 Blend. <\/p>\n\n\n\n<p><strong>Calleris Sergio &#8211; Quatrolivas, de Guaymall\u00e9n, Mendoza: <\/strong>Medalla de Oro para su aceite de oliva virgen extra, Blend. <\/p>\n\n\n\n<p><strong>Uni\u00f3n Agraria, de Chilecito, La Rioja: <\/strong>Medalla de Oro para su aceite de oliva virgen extra, Kaliv Blend Kosher.<\/p>\n\n\n\n<div style=\"height:30px\" aria-hidden=\"true\" class=\"wp-block-spacer\"><\/div>\n\n\n\n<figure class=\"wp-block-gallery has-nested-images columns-default is-cropped wp-block-gallery-3 is-layout-flex wp-block-gallery-is-layout-flex\">\n<figure class=\"wp-block-image size-full\"><a href=\"https:\/\/enolife.com.ar\/es\/wp-content\/uploads\/2024\/12\/image-41.png\" data-rel=\"penci-gallery-image-content\" ><img loading=\"lazy\" decoding=\"async\" width=\"576\" height=\"899\" data-id=\"132153\" src=\"https:\/\/enolife.com.ar\/es\/wp-content\/uploads\/2024\/12\/image-41.png\" alt=\"\" class=\"wp-image-132153\" srcset=\"https:\/\/enolife.com.ar\/es\/wp-content\/uploads\/2024\/12\/image-41.png 576w, https:\/\/enolife.com.ar\/es\/wp-content\/uploads\/2024\/12\/image-41-192x300.png 192w\" sizes=\"auto, (max-width: 576px) 100vw, 576px\" \/><\/a><figcaption class=\"wp-element-caption\"><strong><em>Dar\u00edo Jes\u00fas Ripamonti<\/em><\/strong><\/figcaption><\/figure>\n\n\n\n<figure class=\"wp-block-image size-full\"><a href=\"https:\/\/enolife.com.ar\/es\/wp-content\/uploads\/2024\/12\/5-1.jpg\" data-rel=\"penci-gallery-image-content\" ><img loading=\"lazy\" decoding=\"async\" width=\"407\" height=\"591\" data-id=\"132155\" src=\"https:\/\/enolife.com.ar\/es\/wp-content\/uploads\/2024\/12\/5-1.jpg\" alt=\"\" class=\"wp-image-132155\" srcset=\"https:\/\/enolife.com.ar\/es\/wp-content\/uploads\/2024\/12\/5-1.jpg 407w, https:\/\/enolife.com.ar\/es\/wp-content\/uploads\/2024\/12\/5-1-207x300.jpg 207w\" sizes=\"auto, (max-width: 407px) 100vw, 407px\" \/><\/a><figcaption class=\"wp-element-caption\"><strong><em>Quatrolivas, recibe Sergio Calleris<\/em><\/strong><\/figcaption><\/figure>\n\n\n\n<figure class=\"wp-block-image size-full\"><a href=\"https:\/\/enolife.com.ar\/es\/wp-content\/uploads\/2024\/12\/6.jpg\" data-rel=\"penci-gallery-image-content\" ><img loading=\"lazy\" decoding=\"async\" width=\"433\" height=\"518\" data-id=\"132156\" src=\"https:\/\/enolife.com.ar\/es\/wp-content\/uploads\/2024\/12\/6.jpg\" alt=\"\" class=\"wp-image-132156\" srcset=\"https:\/\/enolife.com.ar\/es\/wp-content\/uploads\/2024\/12\/6.jpg 433w, https:\/\/enolife.com.ar\/es\/wp-content\/uploads\/2024\/12\/6-251x300.jpg 251w\" sizes=\"auto, (max-width: 433px) 100vw, 433px\" \/><\/a><figcaption class=\"wp-element-caption\"><em><strong> U.A. Chilecito:  Jos\u00e9 Rizzo Patr\u00f3n y Franco Murcia<\/strong><\/em><\/figcaption><\/figure>\n<\/figure>\n\n\n\n<div style=\"height:30px\" aria-hidden=\"true\" class=\"wp-block-spacer\"><\/div>\n\n\n\n<p><strong>Bodega Lamadrid Estate Wines \u2013 Fincas de Agrelo de Luj\u00e1n de Cuyo, Mendoza<\/strong>: Gran Medalla de Oro para su aceite de oliva virgen extra, Lamadrid Blend Premium. <\/p>\n\n\n\n<p><strong>Bodega El Porvenir de Cafayate, Salta: <\/strong>Gran Medalla de Oro para su aceite de oliva virgen extra, Blend Bivarietal (barnea &#8211; picual) y Medalla de Oro para su aceite de oliva virgen extra, Blend Bivarietal (arbequina &#8211; manzanilla). <\/p>\n\n\n\n<p><strong>Fuerte Divisadero S.A., de Mendoza: <\/strong>Gran Medalla de Oro para su aceite oliva virgen extra, Flor Mia Varietal Coratina y Medalla de Oro para su aceite de oliva virgen extra, Flor Mia Blend. <\/p>\n\n\n\n<div style=\"height:30px\" aria-hidden=\"true\" class=\"wp-block-spacer\"><\/div>\n\n\n\n<figure class=\"wp-block-gallery has-nested-images columns-default is-cropped wp-block-gallery-4 is-layout-flex wp-block-gallery-is-layout-flex\">\n<figure class=\"wp-block-image size-full\"><a href=\"https:\/\/enolife.com.ar\/es\/wp-content\/uploads\/2024\/12\/image-42.png\" data-rel=\"penci-gallery-image-content\" ><img loading=\"lazy\" decoding=\"async\" width=\"592\" height=\"644\" data-id=\"132159\" src=\"https:\/\/enolife.com.ar\/es\/wp-content\/uploads\/2024\/12\/image-42.png\" alt=\"\" class=\"wp-image-132159\" srcset=\"https:\/\/enolife.com.ar\/es\/wp-content\/uploads\/2024\/12\/image-42.png 592w, https:\/\/enolife.com.ar\/es\/wp-content\/uploads\/2024\/12\/image-42-276x300.png 276w, https:\/\/enolife.com.ar\/es\/wp-content\/uploads\/2024\/12\/image-42-585x636.png 585w\" sizes=\"auto, (max-width: 592px) 100vw, 592px\" \/><\/a><figcaption class=\"wp-element-caption\"><strong><em>Lamadrid Estate, recibe Angelina Ya\u00f1ez<\/em><\/strong><\/figcaption><\/figure>\n\n\n\n<figure class=\"wp-block-image size-full\"><a href=\"https:\/\/enolife.com.ar\/es\/wp-content\/uploads\/2024\/12\/image-43.png\" data-rel=\"penci-gallery-image-content\" ><img loading=\"lazy\" decoding=\"async\" width=\"470\" height=\"627\" data-id=\"132160\" src=\"https:\/\/enolife.com.ar\/es\/wp-content\/uploads\/2024\/12\/image-43.png\" alt=\"\" class=\"wp-image-132160\" srcset=\"https:\/\/enolife.com.ar\/es\/wp-content\/uploads\/2024\/12\/image-43.png 470w, https:\/\/enolife.com.ar\/es\/wp-content\/uploads\/2024\/12\/image-43-225x300.png 225w\" sizes=\"auto, (max-width: 470px) 100vw, 470px\" \/><\/a><figcaption class=\"wp-element-caption\"><strong><em>El Porvenir, recibe Norberto Harislur<\/em><\/strong><\/figcaption><\/figure>\n\n\n\n<figure class=\"wp-block-image size-full\"><a href=\"https:\/\/enolife.com.ar\/es\/wp-content\/uploads\/2024\/12\/7.jpg\" data-rel=\"penci-gallery-image-content\" ><img loading=\"lazy\" decoding=\"async\" width=\"326\" height=\"350\" data-id=\"132161\" src=\"https:\/\/enolife.com.ar\/es\/wp-content\/uploads\/2024\/12\/7.jpg\" alt=\"\" class=\"wp-image-132161\" srcset=\"https:\/\/enolife.com.ar\/es\/wp-content\/uploads\/2024\/12\/7.jpg 326w, https:\/\/enolife.com.ar\/es\/wp-content\/uploads\/2024\/12\/7-279x300.jpg 279w\" sizes=\"auto, (max-width: 326px) 100vw, 326px\" \/><\/a><figcaption class=\"wp-element-caption\"><strong><em>Fuerte Divisadero: Gianfranco Dicesare<\/em><\/strong><\/figcaption><\/figure>\n<\/figure>\n\n\n\n<div style=\"height:30px\" aria-hidden=\"true\" class=\"wp-block-spacer\"><\/div>\n\n\n\n<p><strong>Establecimiento Olivum S.A., de Sarmiento, San Juan: <\/strong>Doble Gran Medalla de Oro para su aceite de oliva virgen extra Varietal Coratina. Dos Gran Medalla de Oro para el Varietal Picual y el Blend Medio. Y dos Medallas de Oro para Varietal Arbequina y Varietal Changlot. <\/p>\n\n\n\n<p><strong>Filius, de Mendoza: <\/strong>Gran Medalla de Oro para su aceite de oliva virgen extra, Filius Varietal Arauco y Medalla de Oro para su aceite de oliva virgen extra, Filius Blend. <\/p>\n\n\n\n<p><strong>Lesilem S.A., de Mendoza: <\/strong>Gran Medalla de Oro para su aceite oliva virgen extra, Varietal Arauco y Medalla de Oro para su aceite de oliva virgen extra, Blend Trivarietal. <\/p>\n\n\n\n<p><strong>Cooperativa Vitivinifrut\u00edcola \u201cLa Riojana\u201d, de Chilecito, La Rioja:<\/strong> Gran Medalla de Oro para su aceite oliva virgen extra, Blend TerraNova; y tres Medallas de Oro, una para su aceite de oliva virgen extra, Blend Alta Gamma, otra para el Blend Org\u00e1nico y la tercera para su Blend Biodin\u00e1mico. <\/p>\n\n\n\n<div style=\"height:30px\" aria-hidden=\"true\" class=\"wp-block-spacer\"><\/div>\n\n\n\n<figure class=\"wp-block-gallery has-nested-images columns-default is-cropped wp-block-gallery-5 is-layout-flex wp-block-gallery-is-layout-flex\">\n<figure class=\"wp-block-image size-full\"><a href=\"https:\/\/enolife.com.ar\/es\/wp-content\/uploads\/2024\/12\/8.jpg\" data-rel=\"penci-gallery-image-content\" ><img loading=\"lazy\" decoding=\"async\" width=\"314\" height=\"410\" data-id=\"132164\" src=\"https:\/\/enolife.com.ar\/es\/wp-content\/uploads\/2024\/12\/8.jpg\" alt=\"\" class=\"wp-image-132164\" srcset=\"https:\/\/enolife.com.ar\/es\/wp-content\/uploads\/2024\/12\/8.jpg 314w, https:\/\/enolife.com.ar\/es\/wp-content\/uploads\/2024\/12\/8-230x300.jpg 230w\" sizes=\"auto, (max-width: 314px) 100vw, 314px\" \/><\/a><figcaption class=\"wp-element-caption\"><strong><em>Filius, recibe Javier Abdala<\/em><\/strong><\/figcaption><\/figure>\n\n\n\n<figure class=\"wp-block-image size-full\"><a href=\"https:\/\/enolife.com.ar\/es\/wp-content\/uploads\/2024\/12\/9.jpg\" data-rel=\"penci-gallery-image-content\" ><img loading=\"lazy\" decoding=\"async\" width=\"376\" height=\"430\" data-id=\"132165\" src=\"https:\/\/enolife.com.ar\/es\/wp-content\/uploads\/2024\/12\/9.jpg\" alt=\"\" class=\"wp-image-132165\" srcset=\"https:\/\/enolife.com.ar\/es\/wp-content\/uploads\/2024\/12\/9.jpg 376w, https:\/\/enolife.com.ar\/es\/wp-content\/uploads\/2024\/12\/9-262x300.jpg 262w\" sizes=\"auto, (max-width: 376px) 100vw, 376px\" \/><\/a><figcaption class=\"wp-element-caption\"><strong><em>Lesilem: Matias y Martin Guti\u00e9rrez<\/em><\/strong><\/figcaption><\/figure>\n\n\n\n<figure class=\"wp-block-image size-full\"><a href=\"https:\/\/enolife.com.ar\/es\/wp-content\/uploads\/2024\/12\/10.jpg\" data-rel=\"penci-gallery-image-content\" ><img loading=\"lazy\" decoding=\"async\" width=\"462\" height=\"506\" data-id=\"132166\" src=\"https:\/\/enolife.com.ar\/es\/wp-content\/uploads\/2024\/12\/10.jpg\" alt=\"\" class=\"wp-image-132166\" srcset=\"https:\/\/enolife.com.ar\/es\/wp-content\/uploads\/2024\/12\/10.jpg 462w, https:\/\/enolife.com.ar\/es\/wp-content\/uploads\/2024\/12\/10-274x300.jpg 274w\" sizes=\"auto, (max-width: 462px) 100vw, 462px\" \/><\/a><figcaption class=\"wp-element-caption\"><strong><em>La Riojana: recibe Romina F\u00e1brega<\/em><\/strong><\/figcaption><\/figure>\n<\/figure>\n\n\n\n<div style=\"height:30px\" aria-hidden=\"true\" class=\"wp-block-spacer\"><\/div>\n\n\n\n<p><strong>Enigma Olive Oil by Ledesma Family de C\u00f3rdoba: <\/strong>Gran Medalla de Oro para su aceite de oliva virgen extra, Blend Intenso; y 2 Medallas de Oro, una para el Blend Cl\u00e1sico y la otra para su Varietal Arauco.<\/p>\n\n\n\n<p><strong>Hearland S.A.- Las Susanas, de Mendoza:<\/strong> Doble Gran Medalla de Oro para su aceite de oliva virgen extra, Varietal Arbequina. Dos Gran Oro, uno para Varietal Coratina y otro para su Varietal Picual. Y Medalla de Oro para su Varietal Frantoio. <\/p>\n\n\n\n<p><strong>\u00c1ngel Fabi\u00e1n Camarda de Maip\u00fa, Mendoza<\/strong>: Medalla de Oro para su aceite de oliva virgen extra, Campo R\u00e9 Blend Tradicional. <\/p>\n\n\n\n<div style=\"height:30px\" aria-hidden=\"true\" class=\"wp-block-spacer\"><\/div>\n\n\n\n<figure class=\"wp-block-gallery has-nested-images columns-default is-cropped wp-block-gallery-6 is-layout-flex wp-block-gallery-is-layout-flex\">\n<figure class=\"wp-block-image size-full\"><a href=\"https:\/\/enolife.com.ar\/es\/wp-content\/uploads\/2024\/12\/11.jpg\" data-rel=\"penci-gallery-image-content\" ><img loading=\"lazy\" decoding=\"async\" width=\"484\" height=\"580\" data-id=\"132169\" src=\"https:\/\/enolife.com.ar\/es\/wp-content\/uploads\/2024\/12\/11.jpg\" alt=\"\" class=\"wp-image-132169\" srcset=\"https:\/\/enolife.com.ar\/es\/wp-content\/uploads\/2024\/12\/11.jpg 484w, https:\/\/enolife.com.ar\/es\/wp-content\/uploads\/2024\/12\/11-250x300.jpg 250w\" sizes=\"auto, (max-width: 484px) 100vw, 484px\" \/><\/a><figcaption class=\"wp-element-caption\"><strong><em>Enigma Olive Oil: recibe Mario Ledesma<\/em><\/strong><\/figcaption><\/figure>\n\n\n\n<figure class=\"wp-block-image size-full\"><a href=\"https:\/\/enolife.com.ar\/es\/wp-content\/uploads\/2024\/12\/12.jpg\" data-rel=\"penci-gallery-image-content\" ><img loading=\"lazy\" decoding=\"async\" width=\"491\" height=\"471\" data-id=\"132170\" src=\"https:\/\/enolife.com.ar\/es\/wp-content\/uploads\/2024\/12\/12.jpg\" alt=\"\" class=\"wp-image-132170\" srcset=\"https:\/\/enolife.com.ar\/es\/wp-content\/uploads\/2024\/12\/12.jpg 491w, https:\/\/enolife.com.ar\/es\/wp-content\/uploads\/2024\/12\/12-300x288.jpg 300w\" sizes=\"auto, (max-width: 491px) 100vw, 491px\" \/><\/a><figcaption class=\"wp-element-caption\"><strong><em>Hearland, recibe Susana Gomensoro<\/em><\/strong><\/figcaption><\/figure>\n\n\n\n<figure class=\"wp-block-image size-full\"><a href=\"https:\/\/enolife.com.ar\/es\/wp-content\/uploads\/2024\/12\/13.jpg\" data-rel=\"penci-gallery-image-content\" ><img loading=\"lazy\" decoding=\"async\" width=\"423\" height=\"552\" data-id=\"132171\" src=\"https:\/\/enolife.com.ar\/es\/wp-content\/uploads\/2024\/12\/13.jpg\" alt=\"\" class=\"wp-image-132171\" srcset=\"https:\/\/enolife.com.ar\/es\/wp-content\/uploads\/2024\/12\/13.jpg 423w, https:\/\/enolife.com.ar\/es\/wp-content\/uploads\/2024\/12\/13-230x300.jpg 230w\" sizes=\"auto, (max-width: 423px) 100vw, 423px\" \/><\/a><figcaption class=\"wp-element-caption\"><strong><em>\u00c1ngel Fabi\u00e1n Camarda<\/em><\/strong><\/figcaption><\/figure>\n<\/figure>\n\n\n\n<div style=\"height:30px\" aria-hidden=\"true\" class=\"wp-block-spacer\"><\/div>\n\n\n\n<p><strong>Almazara La Loma, de San Rafael, Mendoza: <\/strong>Gran Medalla de Oro para su aceite de oliva virgen extra, Rapa Blend (Arbequina &#8211; Arauco) y 3 Medallas de Oro, una para Rapa Blend (Empeltre &#8211; Farga -Arbequina y Arauco), otra para Rapa Varietal Arbequina y la 3ra para Rapa Varietal Manzanilla. <\/p>\n\n\n\n<p><strong>E.A.G. S.A. \u2013 Estancia Las Mar\u00edas de San Francisco del Monte, San Luis:<\/strong> Doble Gran Medalla de Oro para su aceite de oliva virgen extra Familia Rastrilla Blend Intenso; Gran Medalla de Oro para su Varietal Picual y Medalla de Oro para el Varietal Arbequina. Gabriel Rastrilla<\/p>\n\n\n\n<p><strong>Sol Frut S.A., de 25 de Mayo, San Juan: <\/strong>Doble Gran Medalla de Oro para su aceite de oliva virgen extra Oliovita Varietal Coratina. Dos Gran Medalla de Oro, para Oliovita Varietal Arbequina y Oliovita Aprile. Cinco Medallas de Oro para Oliovita Varietal Changlot, Oliovita Blend Gourmet, Oliovita Picual Org\u00e1nico, Oliovita Blend Mediterr\u00e1neo y Oliovita Blend Cl\u00e1sico. Jos\u00e9 Di Marco<\/p>\n\n\n\n<div style=\"height:30px\" aria-hidden=\"true\" class=\"wp-block-spacer\"><\/div>\n\n\n\n<figure class=\"wp-block-gallery has-nested-images columns-default is-cropped wp-block-gallery-7 is-layout-flex wp-block-gallery-is-layout-flex\">\n<figure class=\"wp-block-image size-full\"><a href=\"https:\/\/enolife.com.ar\/es\/wp-content\/uploads\/2024\/12\/15.jpg\" data-rel=\"penci-gallery-image-content\" ><img loading=\"lazy\" decoding=\"async\" width=\"516\" height=\"521\" data-id=\"132176\" src=\"https:\/\/enolife.com.ar\/es\/wp-content\/uploads\/2024\/12\/15.jpg\" alt=\"\" class=\"wp-image-132176\" srcset=\"https:\/\/enolife.com.ar\/es\/wp-content\/uploads\/2024\/12\/15.jpg 516w, https:\/\/enolife.com.ar\/es\/wp-content\/uploads\/2024\/12\/15-297x300.jpg 297w, https:\/\/enolife.com.ar\/es\/wp-content\/uploads\/2024\/12\/15-150x150.jpg 150w\" sizes=\"auto, (max-width: 516px) 100vw, 516px\" \/><\/a><figcaption class=\"wp-element-caption\"><strong><em>La Loma: recibe Facundo Gomenzoro<\/em><\/strong><\/figcaption><\/figure>\n\n\n\n<figure class=\"wp-block-image size-full\"><a href=\"https:\/\/enolife.com.ar\/es\/wp-content\/uploads\/2024\/12\/16.jpg\" data-rel=\"penci-gallery-image-content\" ><img loading=\"lazy\" decoding=\"async\" width=\"345\" height=\"418\" data-id=\"132177\" src=\"https:\/\/enolife.com.ar\/es\/wp-content\/uploads\/2024\/12\/16.jpg\" alt=\"\" class=\"wp-image-132177\" srcset=\"https:\/\/enolife.com.ar\/es\/wp-content\/uploads\/2024\/12\/16.jpg 345w, https:\/\/enolife.com.ar\/es\/wp-content\/uploads\/2024\/12\/16-248x300.jpg 248w\" sizes=\"auto, (max-width: 345px) 100vw, 345px\" \/><\/a><figcaption class=\"wp-element-caption\"><strong><em>E.A.G., recibe Gabriel Rastrilla<\/em><\/strong><\/figcaption><\/figure>\n\n\n\n<figure class=\"wp-block-image size-full\"><a href=\"https:\/\/enolife.com.ar\/es\/wp-content\/uploads\/2024\/12\/17.jpg\" data-rel=\"penci-gallery-image-content\" ><img loading=\"lazy\" decoding=\"async\" width=\"324\" height=\"522\" data-id=\"132178\" src=\"https:\/\/enolife.com.ar\/es\/wp-content\/uploads\/2024\/12\/17.jpg\" alt=\"\" class=\"wp-image-132178\" srcset=\"https:\/\/enolife.com.ar\/es\/wp-content\/uploads\/2024\/12\/17.jpg 324w, https:\/\/enolife.com.ar\/es\/wp-content\/uploads\/2024\/12\/17-186x300.jpg 186w\" sizes=\"auto, (max-width: 324px) 100vw, 324px\" \/><\/a><figcaption class=\"wp-element-caption\"><strong><em>Sol Frut: recibe Jos\u00e9 Di Marco<\/em><\/strong><\/figcaption><\/figure>\n<\/figure>\n\n\n\n<div style=\"height:35px\" aria-hidden=\"true\" class=\"wp-block-spacer\"><\/div>\n\n\n\n<p class=\"has-medium-font-size\"><strong>Premios para otros pa\u00edses<\/strong><\/p>\n\n\n\n<p><strong>Mar\u00eda Victoria Saccarello, de Florida, Rep\u00fablica del Uruguay: <\/strong>Dos Gran Medalla de Oro, uno para su aceite de oliva virgen extra Pique Roto Varietal Taggiasca, y otro para Pique Roto Blend Bivarietal. Sin Foto<\/p>\n\n\n\n<p><strong>Olivo Sur S.R.L., de Canelones, Rep\u00fablica del Uruguay: <\/strong>Gran Medalla de Oro para su aceite de oliva virgen extra Serrano Blend. Sin Foto<\/p>\n\n\n\n<p><strong>Grupo La Anyta S.A.S., de Maldonado, Rep\u00fablica del Uruguay:<\/strong> Gran Medalla de Oro para su aceite de oliva virgen extra, La Anyta Blend Intenso Premium Bivarietal. Sin Foto<\/p>\n\n\n\n<p><strong>Aceites del Vizcantar S.L. de Espa\u00f1a: <\/strong>Gran Medalla de Oro para su aceite de oliva virgen extra Se\u00f1or\u00edo del Vizcantar.Sin Foto<\/p>\n\n\n\n<p><strong>Sociedad Cooperativa Andaluza Olivarera La Pur\u00edsima, de Espa\u00f1a<\/strong>: Doble Gran Medalla de Oro para su aceite de oliva virgen extra El Empiedro Varietal Hojiblanca (con Denominaci\u00f3n de Origen Priego de C\u00f3rdob, Espa\u00f1a) Sin Foto<\/p>\n\n\n\n<div style=\"height:35px\" aria-hidden=\"true\" class=\"wp-block-spacer\"><\/div>\n\n\n\n<p class=\"has-medium-font-size\"><strong>Elecci\u00f3n de la Reina de la Olivicultura<\/strong><\/p>\n\n\n\n<p>Todas las aspirantes recibieron una capacitaci\u00f3n especial para adquirir profundos conocimientos sobre olivicultura, y obtuvieron su t\u00edtulo de \u201cSommelier de Aceites de Oliva\u201d con el fin de que sean verdaderas embajadoras de la olivicultura mendocina. Resultaron electas <strong>Carolina Peralta<\/strong> como Reina del Olivo 2025 y <strong>Agustina LLaver<\/strong> como Virreina.<\/p>\n\n\n\n<div style=\"height:30px\" aria-hidden=\"true\" class=\"wp-block-spacer\"><\/div>\n\n\n<div class=\"wp-block-image\">\n<figure class=\"aligncenter size-full is-resized\"><a href=\"https:\/\/enolife.com.ar\/es\/wp-content\/uploads\/2024\/12\/reinas.jpg\" data-rel=\"penci-gallery-image-content\" ><img loading=\"lazy\" decoding=\"async\" src=\"https:\/\/enolife.com.ar\/es\/wp-content\/uploads\/2024\/12\/reinas.jpg\" alt=\"\" class=\"wp-image-132142\" width=\"371\" height=\"439\" srcset=\"https:\/\/enolife.com.ar\/es\/wp-content\/uploads\/2024\/12\/reinas.jpg 459w, https:\/\/enolife.com.ar\/es\/wp-content\/uploads\/2024\/12\/reinas-254x300.jpg 254w\" sizes=\"auto, (max-width: 371px) 100vw, 371px\" \/><\/a><figcaption class=\"wp-element-caption\"><em><strong>Carolina Peralta y Agustina Llaver<\/strong><\/em>.<\/figcaption><\/figure><\/div>\n\n\n<div style=\"height:30px\" aria-hidden=\"true\" class=\"wp-block-spacer\"><\/div>\n","protected":false},"excerpt":{"rendered":"<p>El 30\/11\/2024 se llev\u00f3 a cabo en el Hotel Esplendor del Complejo Arena Maip\u00fa, de&hellip;<\/p>\n","protected":false},"author":3,"featured_media":132183,"comment_status":"open","ping_status":"open","sticky":false,"template":"","format":"standard","meta":{"footnotes":""},"categories":[56,14],"tags":[],"class_list":["post-130985","post","type-post","status-publish","format-standard","has-post-thumbnail","hentry","category-destacado","category-news"],"_links":{"self":[{"href":"https:\/\/enolife.com.ar\/es\/wp-json\/wp\/v2\/posts\/130985","targetHints":{"allow":["GET"]}}],"collection":[{"href":"https:\/\/enolife.com.ar\/es\/wp-json\/wp\/v2\/posts"}],"about":[{"href":"https:\/\/enolife.com.ar\/es\/wp-json\/wp\/v2\/types\/post"}],"author":[{"embeddable":true,"href":"https:\/\/enolife.com.ar\/es\/wp-json\/wp\/v2\/users\/3"}],"replies":[{"embeddable":true,"href":"https:\/\/enolife.com.ar\/es\/wp-json\/wp\/v2\/comments?post=130985"}],"version-history":[{"count":0,"href":"https:\/\/enolife.com.ar\/es\/wp-json\/wp\/v2\/posts\/130985\/revisions"}],"wp:featuredmedia":[{"embeddable":true,"href":"https:\/\/enolife.com.ar\/es\/wp-json\/wp\/v2\/media\/132183"}],"wp:attachment":[{"href":"https:\/\/enolife.com.ar\/es\/wp-json\/wp\/v2\/media?parent=130985"}],"wp:term":[{"taxonomy":"category","embeddable":true,"href":"https:\/\/enolife.com.ar\/es\/wp-json\/wp\/v2\/categories?post=130985"},{"taxonomy":"post_tag","embeddable":true,"href":"https:\/\/enolife.com.ar\/es\/wp-json\/wp\/v2\/tags?post=130985"}],"curies":[{"name":"wp","href":"https:\/\/api.w.org\/{rel}","templated":true}]}}