{"id":13093,"date":"2020-05-22T18:44:50","date_gmt":"2020-05-22T18:44:50","guid":{"rendered":"http:\/\/enolife.com.ar\/es\/?p=13093"},"modified":"2020-05-26T01:39:24","modified_gmt":"2020-05-26T01:39:24","slug":"la-oiv-da-un-seminario-sobre-como-se-logro-cosechar-en-el-hemisferio-sur-en-plena-pandemia","status":"publish","type":"post","link":"https:\/\/enolife.com.ar\/es\/la-oiv-da-un-seminario-sobre-como-se-logro-cosechar-en-el-hemisferio-sur-en-plena-pandemia\/","title":{"rendered":"La OIV da un seminario sobre c\u00f3mo se logr\u00f3 cosechar  en el hemisferio Sur en plena pandemia"},"content":{"rendered":"\n<h4 class=\"wp-block-heading\"><em><strong>El 29 de mayo, a las 12 hs de Argentina, la Organizaci\u00f3n Internacional de la Vid y el Vino (OIV) ofrecer\u00e1 una exposici\u00f3n v\u00eda internet sobre c\u00f3mo el coronavirus incidi\u00f3 en la cosecha de los pa\u00edses productores del sur del planeta, y c\u00f3mo se llev\u00f3 a buen t\u00e9rmino pese a todo. El tema reviste especial significaci\u00f3n ante la proximidad del inicio de la recolecci\u00f3n de uva en el Norte, en setiembre pr\u00f3ximo. Cinco especialistas de nuestro hemisferio, entre ellos un argentino, explicar\u00e1n c\u00f3mo el sector se adapt\u00f3 a la situaci\u00f3n, qu\u00e9 medios y herramientas se implementaron y qu\u00e9 consecuencias tuvo el vino y la econom\u00eda vitivin\u00edcola.<\/strong><\/em><\/h4>\n\n\n\n<div style=\"height:20px\" aria-hidden=\"true\" class=\"wp-block-spacer\"><\/div>\n\n\n\n<p>La Organizaci\u00f3n Internacional de la Vid y el Vino (OIV) cuenta con un panel internacional de expertos de 47 pa\u00edses y trabaja para compartir y difundir buenas pr\u00e1cticas en todo el mundo. En la situaci\u00f3n actual, donde la industria vitivin\u00edcola tuvo que adaptarse sobre la marcha de la cosecha a nuevos protocolos sanitarios y otras varias consecuencias del covid-19, la OIV realizar\u00e1 un seminario donde cosechadores del hemisferio Sur expondr\u00e1n c\u00f3mo atravesaron esta crisis.<\/p>\n\n\n\n<p>Moderado por el portugu\u00e9s Antonio Gra\u00e7a, secretario del grupo de expertos de Desarrollo Sostenible y Cambio Clim\u00e1tico de la OIV, este seminario web reunir\u00e1 a cinco oradores de Argentina, Australia, Chile, Nueva Zelanda y Sud\u00e1frica para discutir los desaf\u00edos de la gesti\u00f3n de covid-19  durante la vendimia en el hemisferio Sur.<\/p>\n\n\n\n<p class=\"has-background has-luminous-vivid-amber-background-color\"><strong>La cita es el viernes 29 de mayo a las 12 hs CET,a trav\u00e9s de OIV Webinar [EN] para registrarse hacer click <a href=\"https:\/\/zoom.us\/webinar\/register\/WN_oK5V3aPXS8W0N3uA3KrO9A\">AQUI <\/a><\/strong><\/p>\n\n\n\n<div style=\"height:20px\" aria-hidden=\"true\" class=\"wp-block-spacer\"><\/div>\n\n\n\n<p class=\"has-medium-font-size\"><strong>Oradores<\/strong><\/p>\n\n\n\n<div class=\"wp-block-image\"><figure class=\"alignleft is-resized\"><img loading=\"lazy\" decoding=\"async\" src=\"http:\/\/www.oiv.int\/public\/medias\/7323\/tony-battaglene.png\" alt=\"\" width=\"221\" height=\"165\"\/><\/figure><\/div>\n\n\n\n<p><strong>Tony Battaglene, Australia<br><\/strong>Director ejecutivo de <strong>Australian Grape<\/strong> and Wine Incorporated<\/p>\n\n\n\n<p>Director ejecutivo de Australian Grape and Wine Incorporated, asociaci\u00f3n nacional de productores de uva y vino de Australia, que representa sus intereses a nivel nacional e internacional. Se incorpor\u00f3 el 1 de febrero de 2019 despu\u00e9s de que la Winemaker\u2019s Federation of Australia (WFA) y Wine Grape Growers Australia se fusionaron para formar un solo organismo representativo. Antes de asumir el cargo de director ejecutivo en Australian Grape and Wine, Tony Battaglene fue director ejecutivo de WFA.<\/p>\n\n\n\n<p>Como vicepresidente de la comisi\u00f3n de econom\u00eda y derecho de la OIV, tuvo una distinguida carrera trabajando en el espacio de investigaci\u00f3n, pol\u00edtica y agropol\u00edtica y como cient\u00edfico y economista antes de asumir un rol pol\u00edtico con el gobierno australiano.<\/p>\n\n\n\n<div class=\"wp-block-image\"><figure class=\"alignleft is-resized\"><img loading=\"lazy\" decoding=\"async\" src=\"http:\/\/www.oiv.int\/public\/medias\/7326\/jeffrey-clarke.jpg\" alt=\"\" width=\"182\" height=\"182\"\/><\/figure><\/div>\n\n\n\n<p><strong>Jeffrey Clarke, New Zealand<br><\/strong>Gerente general, abogado y asesor general de Viticultores de <strong>Nueva Zelanda<\/strong><\/p>\n\n\n\n<p>Gerente general de abogac\u00eda y asesor general de New Zealand Winegrowers desde 2014. Es la organizaci\u00f3n nacional unificada para todos los en\u00f3logos y viticultores independientes de Nueva Zelanda. La organizaci\u00f3n cuenta actualmente con aproximadamente 700 miembros productores y 700 miembros de la bodega.<\/p>\n\n\n\n<p>Es vicepresidente de la Federaci\u00f3n Internacional de Vinos y Licores (FIVS).  Representa a la industria de Nueva Zelanda en las reuniones de la Organizaci\u00f3n Internacional de la Vi\u00f1a y el Vino, y es director de The Tomorrow Project, una organizaci\u00f3n ben\u00e9fica de cambio social que trabaja para hacer un consumo responsable. <\/p>\n\n\n\n<div class=\"wp-block-image\"><figure class=\"alignleft is-resized\"><img loading=\"lazy\" decoding=\"async\" src=\"http:\/\/www.oiv.int\/public\/medias\/7324\/yvette-van-der-merwe.png\" alt=\"\" width=\"206\" height=\"137\"\/><\/figure><\/div>\n\n\n\n<p><strong>Yvette Van Der Merwe, South Africa<br><\/strong>Gerenta ejecutiva, informaci\u00f3n y sistemas de la industria del vino de <strong>Sud\u00e1frica <\/strong>(SAWIS)<\/p>\n\n\n\n<p>Vicepresidenta del grupo de expertos en mercados y consumo bajo la Comisi\u00f3n de Econom\u00eda de la OIV, Yvette van der Merwe es la directora ejecutiva de la industria y sistemas de vino de Sud\u00e1frica (SAWIS). Se ocupa de la certificaci\u00f3n del vino en t\u00e9rminos del Esquema del Vino de Origen de la Ley de Productos de Licor y el manejo de informaci\u00f3n estad\u00edstica en t\u00e9rminos de la Ley de Comercializaci\u00f3n de Productos Agr\u00edcolas.<\/p>\n\n\n\n<div class=\"wp-block-image\"><figure class=\"alignleft is-resized\"><img loading=\"lazy\" decoding=\"async\" src=\"http:\/\/www.oiv.int\/public\/medias\/7321\/aurelio-montes.jpg\" alt=\"\" width=\"182\" height=\"121\"\/><\/figure><\/div>\n\n\n\n<p><strong>Aurelio Montes, Chile<br><\/strong>Presidente de <strong>Wines of Chile<\/strong><\/p>\n\n\n\n<p>Aurelio Montes es ingeniero agr\u00f3nomo graduado de la Universidad Cat\u00f3lica de Chile y un reconocido en\u00f3logo chileno. Es pionero en las plantaciones de laderas en Chile y contribuy\u00f3 al reconocimiento de los vinos chilenos en el extranjero. La propia bodega de Aurelio, Montes Wines, presta atenci\u00f3n espec\u00edfica al desarrollo de una cultura sostenible en todas las etapas del proceso de producci\u00f3n. Tambi\u00e9n trabaj\u00f3 en regiones vitivin\u00edcolas que originalmente no se plantaron con vides y explor\u00f3 nuevas \u00e1reas para cultivar vides.<\/p>\n\n\n\n<div style=\"height:20px\" aria-hidden=\"true\" class=\"wp-block-spacer\"><\/div>\n\n\n\n<p><strong>El orador por Argentina a\u00fan no est\u00e1 confirmado.<\/strong><\/p>\n\n\n\n<div style=\"height:20px\" aria-hidden=\"true\" class=\"wp-block-spacer\"><\/div>\n\n\n\n<p class=\"has-medium-font-size\"><strong>Moderador<\/strong><\/p>\n\n\n\n<div style=\"height:20px\" aria-hidden=\"true\" class=\"wp-block-spacer\"><\/div>\n\n\n\n<div class=\"wp-block-image\"><figure class=\"alignleft is-resized\"><img loading=\"lazy\" decoding=\"async\" src=\"http:\/\/www.oiv.int\/public\/medias\/7317\/antonio-graca.jpg\" alt=\"\" width=\"180\" height=\"120\"\/><\/figure><\/div>\n\n\n\n<p><strong>Ant\u00f3nio Gra\u00e7a<br><\/strong>Jefe de investigaci\u00f3n y desarrollo en Sogrape Vinhos SA. Secretario del grupo de expertos de desarrollo sostenible y cambio clim\u00e1tico &#8211; OIV<br><br>Licenciado en enolog\u00eda. En 2009, cofund\u00f3 Asociaci\u00f3n Portuguesa para la Diversidad de Grapevine (Provid), desde entonces est\u00e1 en su junta directiva. Act\u00faa como secretario del grupo de expertos de desarrollo sostenible y cambio clim\u00e1tico de la OIV. Ayud\u00f3 en la creaci\u00f3n de la primera agenda de investigaci\u00f3n europea para la industria del vino por el Comit\u00e9 des Entreprises Europ\u00e9ennes de Vin (CEEV) publicado como documento de posici\u00f3n en 2016. Public\u00f3 varios trabajos cient\u00edficos, coautor de documentos de experiencia de la OIV y actualmente se est\u00e1 centrando sobre conservaci\u00f3n de recursos gen\u00e9ticos, adaptaci\u00f3n al cambio clim\u00e1tico, resiliencia y gesti\u00f3n de precisi\u00f3n de sistemas de producci\u00f3n.<\/p>\n\n\n\n<p class=\"has-small-font-size\"><strong><em>Fuente: OIV<\/em><\/strong>  &#8211; <strong><em>Foto principal de <a href=\"https:\/\/www.minutoneuquen.com\/con-estilo\/2020\/3\/28\/bodegas-de-rio-negro-neuquen-chubut-continuan-trabajando-en-la-cosecha-200345.html\">www.minutoneuquen.com\/<\/a><\/em><\/strong><\/p>\n\n\n\n<div style=\"height:20px\" aria-hidden=\"true\" class=\"wp-block-spacer\"><\/div>\n","protected":false},"excerpt":{"rendered":"<p>El 29 de mayo, a las 12 hs de Argentina, la Organizaci\u00f3n Internacional de la&hellip;<\/p>\n","protected":false},"author":3,"featured_media":13203,"comment_status":"open","ping_status":"open","sticky":false,"template":"","format":"standard","meta":{"footnotes":""},"categories":[47],"tags":[],"class_list":["post-13093","post","type-post","status-publish","format-standard","has-post-thumbnail","hentry","category-agenda"],"_links":{"self":[{"href":"https:\/\/enolife.com.ar\/es\/wp-json\/wp\/v2\/posts\/13093","targetHints":{"allow":["GET"]}}],"collection":[{"href":"https:\/\/enolife.com.ar\/es\/wp-json\/wp\/v2\/posts"}],"about":[{"href":"https:\/\/enolife.com.ar\/es\/wp-json\/wp\/v2\/types\/post"}],"author":[{"embeddable":true,"href":"https:\/\/enolife.com.ar\/es\/wp-json\/wp\/v2\/users\/3"}],"replies":[{"embeddable":true,"href":"https:\/\/enolife.com.ar\/es\/wp-json\/wp\/v2\/comments?post=13093"}],"version-history":[{"count":0,"href":"https:\/\/enolife.com.ar\/es\/wp-json\/wp\/v2\/posts\/13093\/revisions"}],"wp:featuredmedia":[{"embeddable":true,"href":"https:\/\/enolife.com.ar\/es\/wp-json\/wp\/v2\/media\/13203"}],"wp:attachment":[{"href":"https:\/\/enolife.com.ar\/es\/wp-json\/wp\/v2\/media?parent=13093"}],"wp:term":[{"taxonomy":"category","embeddable":true,"href":"https:\/\/enolife.com.ar\/es\/wp-json\/wp\/v2\/categories?post=13093"},{"taxonomy":"post_tag","embeddable":true,"href":"https:\/\/enolife.com.ar\/es\/wp-json\/wp\/v2\/tags?post=13093"}],"curies":[{"name":"wp","href":"https:\/\/api.w.org\/{rel}","templated":true}]}}