{"id":130913,"date":"2024-11-29T11:26:07","date_gmt":"2024-11-29T11:26:07","guid":{"rendered":"https:\/\/enolife.com.ar\/es\/?p=130913"},"modified":"2024-11-30T17:44:28","modified_gmt":"2024-11-30T17:44:28","slug":"ya-inscriben-a-artistas-para-la-fiesta-de-la-vendimia-con-cachets-de-600-000-a-1-600-000","status":"publish","type":"post","link":"https:\/\/enolife.com.ar\/es\/ya-inscriben-a-artistas-para-la-fiesta-de-la-vendimia-con-cachets-de-600-000-a-1-600-000\/","title":{"rendered":"Ya inscriben a artistas para la Fiesta de la Vendimia, con cachets de $600.000 a $1.600.000"},"content":{"rendered":"\n<h4 class=\"wp-block-heading\"><em><strong>El Gobierno de Mendoza abri\u00f3 la postulaci\u00f3n para quienes quieran trabajar en la pr\u00f3xima Fiesta de la Vendimia, los d\u00edas 7 y 8 de marzo de 2025. Se convoc\u00f3 a bailarines, actores, m\u00fasicos, artistas con discapacidad, traspuntes y traspuntes utileros, quienes tendr\u00e1n distintas retribuciones seg\u00fan sus tareas y categor\u00edas.<\/strong><\/em><\/h4>\n\n\n\n<div style=\"height:35px\" aria-hidden=\"true\" class=\"wp-block-spacer\"><\/div>\n\n\n<a href=\"https:\/\/estanciamendoza.com.ar\/es\/\" aria-label=\"Copia de BEM &#8211; Banner adaptaciones diario digital_BEM &#8211; Banner Enolife &#8211; 1700&#215;500\"><img loading=\"lazy\" decoding=\"async\" src=\"https:\/\/enolife.com.ar\/es\/wp-content\/uploads\/2019\/07\/Copia-de-BEM-Banner-adaptaciones-diario-digital_BEM-Banner-Enolife-1700x500-1.jpg\" alt=\"\"  srcset=\"https:\/\/enolife.com.ar\/es\/wp-content\/uploads\/2019\/07\/Copia-de-BEM-Banner-adaptaciones-diario-digital_BEM-Banner-Enolife-1700x500-1.jpg 1700w, https:\/\/enolife.com.ar\/es\/wp-content\/uploads\/2019\/07\/Copia-de-BEM-Banner-adaptaciones-diario-digital_BEM-Banner-Enolife-1700x500-1-300x88.jpg 300w, https:\/\/enolife.com.ar\/es\/wp-content\/uploads\/2019\/07\/Copia-de-BEM-Banner-adaptaciones-diario-digital_BEM-Banner-Enolife-1700x500-1-1024x301.jpg 1024w, https:\/\/enolife.com.ar\/es\/wp-content\/uploads\/2019\/07\/Copia-de-BEM-Banner-adaptaciones-diario-digital_BEM-Banner-Enolife-1700x500-1-768x226.jpg 768w, https:\/\/enolife.com.ar\/es\/wp-content\/uploads\/2019\/07\/Copia-de-BEM-Banner-adaptaciones-diario-digital_BEM-Banner-Enolife-1700x500-1-1536x452.jpg 1536w, https:\/\/enolife.com.ar\/es\/wp-content\/uploads\/2019\/07\/Copia-de-BEM-Banner-adaptaciones-diario-digital_BEM-Banner-Enolife-1700x500-1-1170x344.jpg 1170w, https:\/\/enolife.com.ar\/es\/wp-content\/uploads\/2019\/07\/Copia-de-BEM-Banner-adaptaciones-diario-digital_BEM-Banner-Enolife-1700x500-1-585x172.jpg 585w\" sizes=\"auto, (max-width: 1700px) 100vw, 1700px\" width=\"1700\" height=\"500\"   \/><\/a>\n\n\n<div style=\"height:45px\" aria-hidden=\"true\" class=\"wp-block-spacer\"><\/div>\n\n\n\n<p>La <strong>Direcci\u00f3n de Vendimia y Producci\u00f3n Cultural de la Subsecretar\u00eda de Cultura<\/strong>, dependiente del Ministerio de Educaci\u00f3n, Cultura e Infancias y DGE Gobierno de Mendoza, inform\u00f3 el inicio de las inscripciones y audiciones de artistas aspirantes a participar en el <strong>Acto Central de la Fiesta Nacional de la Vendimia 2025<\/strong>&nbsp;\u00ab<em>Guardiana del vino eterno\u00bb,&nbsp;<\/em>que ser\u00e1 dirigido por Franco Emmanuel Ag\u00fcero.<\/p>\n\n\n\n<p>Las personas interesadas deben<strong> ingresar en\u00a0<a href=\"https:\/\/www.mendoza.gov.ar\/cultura\/vendimia\/llamado-a-artistas-para-participar-de-la-vendimia-2025-guardiana-del-vino-eterno\/\" target=\"_blank\" rel=\"noreferrer noopener\">www.mendoza.gov.ar\/cultura\/<\/a><\/strong>\u00a0para acceder a la informaci\u00f3n general, instructivos y enlaces y as\u00ed realizar las inscripciones seg\u00fan la categor\u00eda en la que deseen audicionar.<\/p>\n\n\n\n<div style=\"height:35px\" aria-hidden=\"true\" class=\"wp-block-spacer\"><\/div>\n\n\n\n<p class=\"has-medium-font-size\"><strong>Informaci\u00f3n general<\/strong><\/p>\n\n\n\n<p>Cargos a contratar para la Fiesta Nacional de la Vendimia, Acto Central y Repetici\u00f3n:<\/p>\n\n\n\n<p><strong>Artistas seleccionados por audici\u00f3n<\/strong><\/p>\n\n\n\n<p>\u2022 300 bailarines\/as folcl\u00f3ricos<br>\u2022 22 bailarines\/as folcl\u00f3ricos adultos (51 a 65 a\u00f1os)<br>\u2022 22 bailarines\/as con discapacidad<br>\u2022 150 bailarines\/as contempor\u00e1neos<br>\u2022 190 actores y actrices<br>\u2022 16 actores y actrices con discapacidad<br>\u2022 48 m\u00fasicos<br>\u2022 2 m\u00fasicos con discapacidad<br>-Total: 750 artistas<\/p>\n\n\n\n<div style=\"height:15px\" aria-hidden=\"true\" class=\"wp-block-spacer\"><\/div>\n\n\n\n<p><strong>Cargos seleccionados por antecedentes<\/strong><\/p>\n\n\n\n<p>\u2022 10 jefes de boca<br>\u2022 20 traspuntes<br>\u2022 30 traspuntes utileros<br>\u2022 13 monitores<br>\u2022 7 solistas<br>-Total: 80 artistas<\/p>\n\n\n\n<div style=\"height:15px\" aria-hidden=\"true\" class=\"wp-block-spacer\"><\/div>\n\n\n\n<p><strong>Cargos a contratar Calendario Vendimia 2025<\/strong><\/p>\n\n\n\n<p>\u2022 100 bailarines\/as folcl\u00f3ricos<br>\u2022 8 bailarines\/as folcl\u00f3ricos adultos (51 a 65 a\u00f1os)<br>\u2022 50 bailarines\/as contempor\u00e1neos<br>\u2022 60 actores y actrices<br>-Total: 218 artistas<\/p>\n\n\n\n<div style=\"height:15px\" aria-hidden=\"true\" class=\"wp-block-spacer\"><\/div>\n\n\n\n<p><strong>Monto cachet establecido seg\u00fan cada categor\u00eda<\/strong><\/p>\n\n\n\n<p>\u2022 Cachet m\u00f3dulo general de artistas actores \/ bailarines $800.000.<br>\u2022 Artistas solistas $880.000.<br>\u2022 Monitores $1.600.000.<br>\u2022 Traspuntes $ 600.000.<br>\u2022 Traspuntes utileros $640.000.<\/p>\n\n\n\n<div style=\"height:15px\" aria-hidden=\"true\" class=\"wp-block-spacer\"><\/div>\n\n\n\n<p><strong>Periodo de inscripci\u00f3n de todas las categor\u00edas:<\/strong><\/p>\n\n\n\n<p>\u2022 Desde 27\/11\/2024 al martes 02\/12\/2024 a las 23.59<\/p>\n\n\n\n<p>Modalidad de inscripci\u00f3n: a trav\u00e9s del sitio oficial de internet.<\/p>\n\n\n\n<div style=\"height:15px\" aria-hidden=\"true\" class=\"wp-block-spacer\"><\/div>\n\n\n\n<p><strong>Requisitos generales de inscripci\u00f3n<\/strong><\/p>\n\n\n\n<p>\u2022 Personas residentes en la provincia de Mendoza (excluyente)<br>\u2022 Personas mayores de 18 a\u00f1os cumplidos al 03\/02\/2025.<br>\u2022 M\u00fasicos, 18 a\u00f1os cumplidos al 27\/12\/2024.<br>\u2022 Idoneidad para el cargo a concursar.<\/p>\n\n\n\n<div style=\"height:15px\" aria-hidden=\"true\" class=\"wp-block-spacer\"><\/div>\n\n\n\n<p><strong>Informaci\u00f3n importante<\/strong><\/p>\n\n\n\n<p>\u2022 El sistema s\u00f3lo admite una \u00fanica inscripci\u00f3n por persona, sea cual fuere la disciplina\/categor\u00eda.<br>\u2022 Se sugiere leer previamente el instructivo de cada disciplina para conocer y disponer de toda la informaci\u00f3n y documentaci\u00f3n que se le exigir\u00e1 al momento de realizar la inscripci\u00f3n.<br>\u2022 Recuerde que los datos proporcionados en el formulario de inscripci\u00f3n tienen car\u00e1cter de Declaraci\u00f3n Jurada.<br>\u2022 Una vez realizada la inscripci\u00f3n, deber\u00e1 revisar el turno asignado para su audici\u00f3n seg\u00fan la disciplina que seleccion\u00f3 al momento de inscribirse. Los mismos se publicar\u00e1n en la web institucional.<br>\u2022 S\u00f3lo se realizar\u00e1n audiciones de forma presencial en Zona Metropolitana.<\/p>\n\n\n\n<div style=\"height:15px\" aria-hidden=\"true\" class=\"wp-block-spacer\"><\/div>\n\n\n\n<p><strong>Fechas de audiciones:<\/strong><\/p>\n\n\n\n<p>\u2022 Audiciones m\u00fasicos: 9 al 12 de diciembre 2024 \u2013 Lugar: Espacio Cultural Julio Le Parc<br>\u2022 Audiciones bailarines contempor\u00e1neos, contempor\u00e1neos adultos: S\u00e1bado 7 y domingo 8 diciembre 2024 \u2013 Lugar: Espacio Cultural Julio Le Parc<br>\u2022 Audiciones bailarines folclore, folclore adultos y folclore discapacidad: 14, 15, 21 y 22 diciembre 2024 \u2013 Lugar: Espacio Cultural Julio Le Parc<br>\u2022 Audiciones actrices y actores: S\u00e1bado 21 y domingo 22 diciembre 2024 \u2013 Lugar: Teatro Independencia<br>\u2022\u00a0Recepci\u00f3n carpetas de antecedentes traspuntes y traspuntes utileros: Presentaci\u00f3n de ficha de inscripci\u00f3n, probanzas correspondientes y certificado de aptitud f\u00edsica: 20 y 21 enero 2025, oficina Art\u00edstica (planta baja Subsecretar\u00eda de Cultura), de 9 a 14.<\/p>\n\n\n\n<div style=\"height:15px\" aria-hidden=\"true\" class=\"wp-block-spacer\"><\/div>\n\n\n\n<p><strong>Resultados de audiciones<\/strong><\/p>\n\n\n\n<p>Ser\u00e1n publicados a partir de las 16 en el sitio institucional&nbsp;<a rel=\"noreferrer noopener\" href=\"http:\/\/www.mendoza.gov.ar\/cultura\" target=\"_blank\">www.mendoza.gov.ar\/cultura<\/a>&nbsp;en las siguientes fechas:<\/p>\n\n\n\n<p>\u2022 M\u00fasicos: lunes 16 diciembre 2024<br>\u2022 Bailarines\/as y actores\/actrices: lunes 30 diciembre 2024<br>\u2022 Traspuntes, traspuntes utileros: viernes 24 enero 2025<\/p>\n\n\n\n<div style=\"height:15px\" aria-hidden=\"true\" class=\"wp-block-spacer\"><\/div>\n\n\n\n<p><strong>Firma de contratos:<\/strong><\/p>\n\n\n\n<p>Lugar: Sala Elina Alba, Subsecretar\u00eda de Cultura (Guti\u00e9rrez 204, Ciudad). Horario 8 a 15.<\/p>\n\n\n\n<p>\u2022 M\u00fasicos: 27 diciembre 2024<br>\u2022 Bailarines\/as y actores\/actrices: del 27 al 31 de enero 2025<br>\u2022 Traspuntes, traspuntes utileros: 31 de\u00a0enero 2025.<\/p>\n\n\n\n<div style=\"height:15px\" aria-hidden=\"true\" class=\"wp-block-spacer\"><\/div>\n\n\n\n<p><strong>Lugares de ensayo:<\/strong><\/p>\n\n\n\n<p>\u2022 Bailarines folcl\u00f3ricos en todas sus categor\u00edas: Estadio Cubierto Dr. Vicente Polimeni (Gral. Julio Argentino Roca 401, Las Heras).<br>\u2022 Bailarines contempor\u00e1neos: Club del Personal Banco de Previsi\u00f3n Social (Salta 2739, Ciudad).<br>\u2022 Actores y actrices: Escuela Guillermo Cano (Godoy Cruz 660, Guaymall\u00e9n).<br>\u2022 M\u00fasicos: Espacio Cultural Julio Le Parc.<\/p>\n\n\n\n<div style=\"height:15px\" aria-hidden=\"true\" class=\"wp-block-spacer\"><\/div>\n\n\n\n<p><strong>Horarios de ensayo parciales<\/strong><\/p>\n\n\n\n<p>\u2022 Actores, actrices y bailarines\/as: lunes a viernes, 20 a 23.30. Inicio: lunes 3 de febrero 2025<br>\u2022 M\u00fasicos: lunes a viernes, 9 a 13. Inicio: lunes 6 enero 2025<br>\u2022 Jefe de boca, traspuntes y traspuntes utileros: lunes 17 febrero 2025<br>-Horario de ensayos Teatro Griego, ingreso artistas 20.30.<\/p>\n\n\n\n<div style=\"height:15px\" aria-hidden=\"true\" class=\"wp-block-spacer\"><\/div>\n\n\n\n<p><strong>Fiesta Nacional de la Vendimia 2025 (Acto Central y Repetici\u00f3n)<\/strong><\/p>\n\n\n\n<p>El artista deber\u00e1 seleccionar s\u00f3lo una opci\u00f3n: (no se admitir\u00e1n inscripciones fuera de las categor\u00edas espec\u00edficas acorde a edades y requisitos de inscripci\u00f3n)<\/p>\n\n\n\n<div style=\"height:15px\" aria-hidden=\"true\" class=\"wp-block-spacer\"><\/div>\n\n\n\n<p><strong>Disciplinas art\u00edsticas para audicionar:<\/strong><\/p>\n\n\n\n<p>\u2022 Bailarines\/as folcl\u00f3ricos (18 a 50 a\u00f1os)<br>\u2022 Bailarines\/as folcl\u00f3ricos adultos (51 a 65 a\u00f1os)<br>\u2022 Bailarines\/as folcl\u00f3ricos con discapacidad (18 a 50 a\u00f1os)<br>\u2022 Bailarines\/as contempor\u00e1neos (18 a 50 a\u00f1os)<br>\u2022 Bailarines\/as contempor\u00e1neos adultos (51 a 65 a\u00f1os)<br>\u2022 Actores y actrices (18 a 65 a\u00f1os)<br>\u2022 Actores y actrices con discapacidad (18 a 50 a\u00f1os)<br>\u2022 M\u00fasicos (18 a 65 a\u00f1os)<\/p>\n\n\n\n<div style=\"height:15px\" aria-hidden=\"true\" class=\"wp-block-spacer\"><\/div>\n\n\n\n<p><strong>Categor\u00edas a seleccionar por concurso de antecedentes<\/strong><\/p>\n\n\n\n<p>\u2022 Traspuntes\u00a0(18 a 65 a\u00f1os)<br>\u2022 Traspuntes utileros\u00a0(18 a 65 a\u00f1os)<\/p>\n\n\n\n<div style=\"height:15px\" aria-hidden=\"true\" class=\"wp-block-spacer\"><\/div>\n\n\n\n<p><strong>Instructivo para realizar la inscripci\u00f3n de artistas para&nbsp;<em>Guardiana del vino eterno<\/em><\/strong><\/p>\n\n\n\n<p>\u2022 Instructivo para inscripci\u00f3n bailarinas y bailarines FNV 2025 (<a href=\"https:\/\/www.mendoza.gov.ar\/cultura\/vendimia\/instructivo-para-inscripcion-bailarinas-y-bailarines-fnv-2025-guardiana-del-vino-eterno\/\"><strong>ingrese aqu\u00ed<\/strong><\/a>)<br>\u2022 Instructivo para inscripci\u00f3n actrices y actores FNV 2025 (<a href=\"https:\/\/www.mendoza.gov.ar\/cultura\/vendimia\/instructivo-para-inscripcion-actrices-y-actores-fnv-2025-guardiana-del-vino-eterno\/\"><strong>ingrese aqu\u00ed<\/strong><\/a>)<br>\u2022 Instructivo para inscripci\u00f3n m\u00fasicos FNV 2025 (<a href=\"https:\/\/www.mendoza.gov.ar\/cultura\/vendimia\/instructivo-para-inscripcion-musicos-fnv-2025-guardiana-del-vino-eterno\/\"><strong>ingrese aqu\u00ed<\/strong><\/a>)<br>\u2022 Instructivo para inscripci\u00f3n de traspuntes FNV 2025 (<a href=\"https:\/\/www.mendoza.gov.ar\/cultura\/sin-categoria\/instructivo-para-inscripcion-de-traspuntes-fnv-2025-guardiana-del-vino-eterno\/\"><strong>ingrese aqu\u00ed<\/strong><\/a>)<br>\u2022 Instructivo para inscripci\u00f3n traspuntes utileros FNV 2025 (<a href=\"https:\/\/www.mendoza.gov.ar\/cultura\/sin-categoria\/instructivo-para-inscripcion-traspuntes-utileros-fnv-2025-guardiana-del-vino-eterno\/\"><strong>ingrese aqu\u00ed<\/strong><\/a>)<\/p>\n\n\n\n<div style=\"height:30px\" aria-hidden=\"true\" class=\"wp-block-spacer\"><\/div>\n\n\n\n<p class=\"has-medium-font-size\"><strong>Importante<\/strong><\/p>\n\n\n\n<p>En caso de tener alg\u00fan tipo de inconveniente o duda con la inscripci\u00f3n comunicarse v\u00eda correo a\u00a0<strong><a href=\"mailto:artistasvendimia@mendoza.gov.ar\" target=\"_blank\" rel=\"noreferrer noopener\">artistasvendimia@mendoza.gov.ar<\/a>\u00a0<\/strong>detallando nombre completo, DNI, descripci\u00f3n del inconveniente o duda y celular o tel\u00e9fono de contacto.<\/p>\n\n\n\n<p>Se recuerda a los artistas que s\u00f3lo podr\u00e1n optar por inscribirse en Fiesta Nacional de la Vendimia 2025 o Calendario Vendimia 2025.<\/p>\n\n\n\n<p>Se inform\u00f3 adem\u00e1s que el Calendario Vendimia (Bendici\u00f3n de los Frutos y Paseo Federal) realizar\u00e1 inscripciones y audiciones con posterioridad, las cuales ser\u00e1n informadas oportunamente por los medios oficiales durante el mes de enero y estar\u00e1n a cargo del equipo art\u00edstico organizador.<\/p>\n\n\n\n<div style=\"height:41px\" aria-hidden=\"true\" class=\"wp-block-spacer\"><\/div>\n","protected":false},"excerpt":{"rendered":"<p>El Gobierno de Mendoza abri\u00f3 la postulaci\u00f3n para quienes quieran trabajar en la pr\u00f3xima Fiesta&hellip;<\/p>\n","protected":false},"author":3,"featured_media":130924,"comment_status":"open","ping_status":"open","sticky":false,"template":"","format":"standard","meta":{"footnotes":""},"categories":[14],"tags":[],"class_list":["post-130913","post","type-post","status-publish","format-standard","has-post-thumbnail","hentry","category-news"],"_links":{"self":[{"href":"https:\/\/enolife.com.ar\/es\/wp-json\/wp\/v2\/posts\/130913","targetHints":{"allow":["GET"]}}],"collection":[{"href":"https:\/\/enolife.com.ar\/es\/wp-json\/wp\/v2\/posts"}],"about":[{"href":"https:\/\/enolife.com.ar\/es\/wp-json\/wp\/v2\/types\/post"}],"author":[{"embeddable":true,"href":"https:\/\/enolife.com.ar\/es\/wp-json\/wp\/v2\/users\/3"}],"replies":[{"embeddable":true,"href":"https:\/\/enolife.com.ar\/es\/wp-json\/wp\/v2\/comments?post=130913"}],"version-history":[{"count":0,"href":"https:\/\/enolife.com.ar\/es\/wp-json\/wp\/v2\/posts\/130913\/revisions"}],"wp:featuredmedia":[{"embeddable":true,"href":"https:\/\/enolife.com.ar\/es\/wp-json\/wp\/v2\/media\/130924"}],"wp:attachment":[{"href":"https:\/\/enolife.com.ar\/es\/wp-json\/wp\/v2\/media?parent=130913"}],"wp:term":[{"taxonomy":"category","embeddable":true,"href":"https:\/\/enolife.com.ar\/es\/wp-json\/wp\/v2\/categories?post=130913"},{"taxonomy":"post_tag","embeddable":true,"href":"https:\/\/enolife.com.ar\/es\/wp-json\/wp\/v2\/tags?post=130913"}],"curies":[{"name":"wp","href":"https:\/\/api.w.org\/{rel}","templated":true}]}}