{"id":130903,"date":"2024-11-29T11:43:43","date_gmt":"2024-11-29T11:43:43","guid":{"rendered":"https:\/\/enolife.com.ar\/es\/?p=130903"},"modified":"2024-11-30T22:46:32","modified_gmt":"2024-11-30T22:46:32","slug":"el-inta-cordoba-ya-tiene-su-propio-vino-vina-tinta-un-malbec-de-cruz-del-eje","status":"publish","type":"post","link":"https:\/\/enolife.com.ar\/es\/el-inta-cordoba-ya-tiene-su-propio-vino-vina-tinta-un-malbec-de-cruz-del-eje\/","title":{"rendered":"El INTA C\u00f3rdoba ya tiene su propio vino: \u00abVi\u00f1a tinta\u00bb, un malbec de Cruz del Eje"},"content":{"rendered":"\n<h4 class=\"wp-block-heading\"><em><strong>Este vino \u00abinstitucional\u00bb, del cual se produjeron 200 botellas, es fruto de un trabajo de 15 a\u00f1os entre los t\u00e9cnicos de la delegaci\u00f3n local del organismo nacional en conjunto con los de Bodega Bodem. As\u00ed, los t\u00e9cnicos agr\u00f3nomos y en\u00f3logos mediterr\u00e1nos se suman a la tendencia de elaborar vinos experimentales -que luego por su calidad se convirtieron en comerciales- dentro del Instituto Nacional de Tecnolog\u00eda Agropecuaria, iniciada en Argentina hace m\u00e1s de 20 por el INTA Mendoza, con la marca Cavas del INTA producida en su bodega de Luj\u00e1n de Cuyo. <\/strong><\/em><a href=\"https:\/\/www.lavoz.com.ar\/autor\/corresponsaliaLaVoz\/\"><\/a><\/h4>\n\n\n\n<p><a href=\"https:\/\/www.lavoz.com.ar\/espectaculos\/tv\/yanina-latorre-aseguro-que-icardi-quiere-divorciarse-en-turquia-que-significa-para-wanda\/\"><\/a><\/p>\n\n\n\n<div style=\"height:35px\" aria-hidden=\"true\" class=\"wp-block-spacer\"><\/div>\n\n\n\n\n\n<div style=\"height:45px\" aria-hidden=\"true\" class=\"wp-block-spacer\"><\/div>\n\n\n\n<p>El <strong>Centro Regional C\u00f3rdoba<\/strong> del <strong>Instituto Nacional de Tecnolog\u00eda Agropecuaria (INTA)<\/strong>, celebr\u00f3 la creaci\u00f3n del primer <strong>\u201cvino institucional\u201d<\/strong> que fue dise\u00f1ado por <strong>Bodega Bodem SRL<\/strong>, despu\u00e9s de casi una d\u00e9cada y media de trabajo conjunto.<\/p>\n\n\n\n<div style=\"height:30px\" aria-hidden=\"true\" class=\"wp-block-spacer\"><\/div>\n\n\n<div class=\"wp-block-image\">\n<figure class=\"aligncenter size-full\"><a href=\"https:\/\/enolife.com.ar\/es\/wp-content\/uploads\/2024\/11\/bodegas-bodem.jpg\" data-rel=\"penci-gallery-image-content\" ><img loading=\"lazy\" decoding=\"async\" width=\"611\" height=\"327\" src=\"https:\/\/enolife.com.ar\/es\/wp-content\/uploads\/2024\/11\/bodegas-bodem.jpg\" alt=\"\" class=\"wp-image-130931\" srcset=\"https:\/\/enolife.com.ar\/es\/wp-content\/uploads\/2024\/11\/bodegas-bodem.jpg 611w, https:\/\/enolife.com.ar\/es\/wp-content\/uploads\/2024\/11\/bodegas-bodem-300x161.jpg 300w, https:\/\/enolife.com.ar\/es\/wp-content\/uploads\/2024\/11\/bodegas-bodem-585x313.jpg 585w\" sizes=\"auto, (max-width: 611px) 100vw, 611px\" \/><\/a><\/figure><\/div>\n\n\n<div style=\"height:30px\" aria-hidden=\"true\" class=\"wp-block-spacer\"><\/div>\n\n\n\n<p>As\u00ed lo defini\u00f3 el ingeniero <strong>Adolfo Gri\u00f3n<\/strong>, del INTA de <strong>Jes\u00fas Mar\u00eda<\/strong>, que es uno de los asesores de un grupo de productores que le vienen dando un nuevo giro a la vitivinicultura de la provincia argentina de C\u00f3rdoba.<\/p>\n\n\n\n<p>\u201c<strong>Vi\u00f1a Tinta\u201d <\/strong>es un varietal malbec que resume en su alquimia una labor constante para mejorar una actividad que estaba casi extinta en la provincia de C\u00f3rdoba pero que las en las \u00faltimas d\u00e9cadas resurgi\u00f3 con fuerza.<\/p>\n\n\n\n<div style=\"height:30px\" aria-hidden=\"true\" class=\"wp-block-spacer\"><\/div>\n\n\n<div class=\"wp-block-image\">\n<figure class=\"aligncenter size-full is-resized\"><a href=\"https:\/\/enolife.com.ar\/es\/wp-content\/uploads\/2024\/11\/Malbec-vino-vina-tinta-1536x1023-1-1080x675-1.jpeg\" data-rel=\"penci-gallery-image-content\" ><img loading=\"lazy\" decoding=\"async\" src=\"https:\/\/enolife.com.ar\/es\/wp-content\/uploads\/2024\/11\/Malbec-vino-vina-tinta-1536x1023-1-1080x675-1.jpeg\" alt=\"\" class=\"wp-image-130933\" width=\"599\" height=\"360\" srcset=\"https:\/\/enolife.com.ar\/es\/wp-content\/uploads\/2024\/11\/Malbec-vino-vina-tinta-1536x1023-1-1080x675-1.jpeg 790w, https:\/\/enolife.com.ar\/es\/wp-content\/uploads\/2024\/11\/Malbec-vino-vina-tinta-1536x1023-1-1080x675-1-300x181.jpeg 300w, https:\/\/enolife.com.ar\/es\/wp-content\/uploads\/2024\/11\/Malbec-vino-vina-tinta-1536x1023-1-1080x675-1-768x463.jpeg 768w, https:\/\/enolife.com.ar\/es\/wp-content\/uploads\/2024\/11\/Malbec-vino-vina-tinta-1536x1023-1-1080x675-1-585x352.jpeg 585w\" sizes=\"auto, (max-width: 599px) 100vw, 599px\" \/><\/a><\/figure><\/div>\n\n\n<div style=\"height:30px\" aria-hidden=\"true\" class=\"wp-block-spacer\"><\/div>\n\n\n\n<p>Desde el a\u00f1o pasado, con el denominado <strong>\u201cProyecto Local\u201d<\/strong>, el INTA viene asesorando a unos 200 productores y vi\u00f1ateros que implantaron vides y bodegas en <strong>Colonia Caroya, el Valle de Calamuchita y Traslasierra<\/strong>, donde la mirada est\u00e1 m\u00e1s orientada al enoturismo y las bodegas boutique.<\/p>\n\n\n\n<p>S\u00f3lo en 2024 se realizaron m\u00e1s de 10 capacitaciones con t\u00e9cnicos especializados, con la firme convicci\u00f3n de agregarle valor a la producci\u00f3n de vinos cordobeses, que va adquiriendo un gran reconocimiento nacional e internacional.<\/p>\n\n\n\n<div style=\"height:30px\" aria-hidden=\"true\" class=\"wp-block-spacer\"><\/div>\n\n\n<div class=\"wp-block-image\">\n<figure class=\"aligncenter size-full is-resized\"><a href=\"https:\/\/enolife.com.ar\/es\/wp-content\/uploads\/2024\/11\/Imagen1-38.jpg\" data-rel=\"penci-gallery-image-content\" ><img loading=\"lazy\" decoding=\"async\" src=\"https:\/\/enolife.com.ar\/es\/wp-content\/uploads\/2024\/11\/Imagen1-38.jpg\" alt=\"\" class=\"wp-image-130926\" width=\"609\" height=\"381\" srcset=\"https:\/\/enolife.com.ar\/es\/wp-content\/uploads\/2024\/11\/Imagen1-38.jpg 801w, https:\/\/enolife.com.ar\/es\/wp-content\/uploads\/2024\/11\/Imagen1-38-300x187.jpg 300w, https:\/\/enolife.com.ar\/es\/wp-content\/uploads\/2024\/11\/Imagen1-38-768x479.jpg 768w, https:\/\/enolife.com.ar\/es\/wp-content\/uploads\/2024\/11\/Imagen1-38-585x365.jpg 585w\" sizes=\"auto, (max-width: 609px) 100vw, 609px\" \/><\/a><figcaption class=\"wp-element-caption\"><em><strong>A la derecha, Adolfo Gri\u00f3n (INTA Jes\u00fas Mar\u00eda). A la izquierda, Aquiles Salinas (director del Centro Regional C\u00f3rdoba de INTA).<\/strong><\/em><\/figcaption><\/figure><\/div>\n\n\n<div style=\"height:30px\" aria-hidden=\"true\" class=\"wp-block-spacer\"><\/div>\n\n\n\n<p><em>\u201cCon una de las bodegas que m\u00e1s trabajamos es Bodem SRL, empezamos a asesorarlos desde el momento cero, desde la plantaci\u00f3n de vi\u00f1edos\u201d<\/em>, afirm\u00f3 Gri\u00f3n.<\/p>\n\n\n\n<p>Por eso, el \u201cVi\u00f1a Tinta\u201d es el resumen de esa confluencia entre tecnolog\u00eda, impronta artesanal y una tradici\u00f3n recuperada, que en la actualidad cuenta con una gran movida de j\u00f3venes inversores que ven un futuro en este incipiente mercado.<\/p>\n\n\n\n<div style=\"height:30px\" aria-hidden=\"true\" class=\"wp-block-spacer\"><\/div>\n\n\n<div class=\"wp-block-image\">\n<figure class=\"aligncenter size-full is-resized\"><a href=\"https:\/\/enolife.com.ar\/es\/wp-content\/uploads\/2024\/11\/vina-tinta.3-1536x1152-768x576-1.jpg\" data-rel=\"penci-gallery-image-content\" ><img loading=\"lazy\" decoding=\"async\" src=\"https:\/\/enolife.com.ar\/es\/wp-content\/uploads\/2024\/11\/vina-tinta.3-1536x1152-768x576-1.jpg\" alt=\"\" class=\"wp-image-130927\" width=\"555\" height=\"419\" srcset=\"https:\/\/enolife.com.ar\/es\/wp-content\/uploads\/2024\/11\/vina-tinta.3-1536x1152-768x576-1.jpg 728w, https:\/\/enolife.com.ar\/es\/wp-content\/uploads\/2024\/11\/vina-tinta.3-1536x1152-768x576-1-300x227.jpg 300w, https:\/\/enolife.com.ar\/es\/wp-content\/uploads\/2024\/11\/vina-tinta.3-1536x1152-768x576-1-585x442.jpg 585w\" sizes=\"auto, (max-width: 555px) 100vw, 555px\" \/><\/a><\/figure><\/div>\n\n\n<div style=\"height:30px\" aria-hidden=\"true\" class=\"wp-block-spacer\"><\/div>\n\n\n\n<p>Gri\u00f3n reconoci\u00f3 la labor del director del Centro Regional C\u00f3rdoba del INTA, <strong>Aquiles Salinas<\/strong>, quien fue el impulsor de esta iniciativa, a pesar de la crisis que vive el organismo.<\/p>\n\n\n\n<p>En esta primera etapa se etiquetaron 200 botellas que permitir\u00e1n que todos los que forman parte de esta gran red puedan degustar parte del trabajo que se viene realizando incansablemente.<\/p>\n\n\n\n<p>Para el 2025, est\u00e1 previsto que <strong>Bodega La Caroyense, de Colonia Caroya<\/strong>, tambi\u00e9n saque un vino relacionado con el INTA, ya que es la mayor productora de la provincia, instalada en la \u00fanica localidad cordobesa que a\u00fan tiene cultivos extensivos de vides.<\/p>\n\n\n\n<div style=\"height:23px\" aria-hidden=\"true\" class=\"wp-block-spacer\"><\/div>\n\n\n\n<p class=\"has-small-font-size\"><em><strong>Fuente: www.lavoz.com.ar<\/strong><\/em><\/p>\n\n\n\n<div style=\"height:23px\" aria-hidden=\"true\" class=\"wp-block-spacer\"><\/div>\n","protected":false},"excerpt":{"rendered":"<p>Este vino \u00abinstitucional\u00bb, del cual se produjeron 200 botellas, es fruto de un trabajo de&hellip;<\/p>\n","protected":false},"author":3,"featured_media":130934,"comment_status":"open","ping_status":"open","sticky":false,"template":"","format":"standard","meta":{"footnotes":""},"categories":[56,14],"tags":[],"class_list":["post-130903","post","type-post","status-publish","format-standard","has-post-thumbnail","hentry","category-destacado","category-news"],"_links":{"self":[{"href":"https:\/\/enolife.com.ar\/es\/wp-json\/wp\/v2\/posts\/130903","targetHints":{"allow":["GET"]}}],"collection":[{"href":"https:\/\/enolife.com.ar\/es\/wp-json\/wp\/v2\/posts"}],"about":[{"href":"https:\/\/enolife.com.ar\/es\/wp-json\/wp\/v2\/types\/post"}],"author":[{"embeddable":true,"href":"https:\/\/enolife.com.ar\/es\/wp-json\/wp\/v2\/users\/3"}],"replies":[{"embeddable":true,"href":"https:\/\/enolife.com.ar\/es\/wp-json\/wp\/v2\/comments?post=130903"}],"version-history":[{"count":0,"href":"https:\/\/enolife.com.ar\/es\/wp-json\/wp\/v2\/posts\/130903\/revisions"}],"wp:featuredmedia":[{"embeddable":true,"href":"https:\/\/enolife.com.ar\/es\/wp-json\/wp\/v2\/media\/130934"}],"wp:attachment":[{"href":"https:\/\/enolife.com.ar\/es\/wp-json\/wp\/v2\/media?parent=130903"}],"wp:term":[{"taxonomy":"category","embeddable":true,"href":"https:\/\/enolife.com.ar\/es\/wp-json\/wp\/v2\/categories?post=130903"},{"taxonomy":"post_tag","embeddable":true,"href":"https:\/\/enolife.com.ar\/es\/wp-json\/wp\/v2\/tags?post=130903"}],"curies":[{"name":"wp","href":"https:\/\/api.w.org\/{rel}","templated":true}]}}