{"id":130849,"date":"2024-11-28T22:00:43","date_gmt":"2024-11-28T22:00:43","guid":{"rendered":"https:\/\/enolife.com.ar\/es\/?p=130849"},"modified":"2024-11-29T11:26:38","modified_gmt":"2024-11-29T11:26:38","slug":"iscamen-alerta-a-vinateros-del-2-al-20-12-hay-que-aplicar-los-fitosanitarios-contra-la-polilla-de-la-vid","status":"publish","type":"post","link":"https:\/\/enolife.com.ar\/es\/iscamen-alerta-a-vinateros-del-2-al-20-12-hay-que-aplicar-los-fitosanitarios-contra-la-polilla-de-la-vid\/","title":{"rendered":"Iscamen alerta a vi\u00f1ateros: del 2 al 20\/12 hay que aplicar los fitosanitarios contra la polilla de la vid"},"content":{"rendered":"\n<h4 class=\"wp-block-heading\"><em><strong>El Instituto de Sanidad y Calidad Agropecuaria Mendoza emiti\u00f3 el denominado \u00absegundo alerta sanitario\u00bb, advirtiendo las fechas correctas en que se tienen que pulverizar los productos fitosanitarios sobre los cultivos. Esta etapa es la continuidad de la distribuci\u00f3n de difusores de feromonas y previa a la aplicaci\u00f3n a\u00e9rea de fitosanitarios. <\/strong><\/em><\/h4>\n\n\n\n<div style=\"height:35px\" aria-hidden=\"true\" class=\"wp-block-spacer\"><\/div>\n\n\n\n\n\n<div style=\"height:45px\" aria-hidden=\"true\" class=\"wp-block-spacer\"><\/div>\n\n\n\n<p>Los productores vitivin\u00edcolas mendocinos deber\u00e1n iniciar los tratamientos con productos autorizados por el <strong>Servicio Nacional de Sanidad y Calidad Agroalimentaria (Senasa)<\/strong> en los momentos oportunos para cada zona provincial. Esto permitir\u00e1 realizar aplicaciones eficientes desde el punto de vista econ\u00f3mico, t\u00e9cnico y ambiental.<\/p>\n\n\n\n<p>El <strong>Instituto de Sanidad y Calidad Agropecuaria Mendoza (Iscamen)<\/strong> inform\u00f3 que las fincas ubicadas en los departamentos de los oasis <strong>Norte y Este de Mendoza<\/strong> deber\u00e1n comenzar las aplicaciones qu\u00edmicas correspondientes desde el <strong>2 hasta el 12 de diciembre.<\/strong> Por su parte, para los establecimientos que se encuentren en el <strong>Valle de Uco <\/strong>el per\u00edodo del tratamiento tendr\u00e1 lugar desde el <strong>8 hasta el 20 de diciembre.<\/strong><\/p>\n\n\n\n<p>En estas fechas se establece el inicio de la <strong>segunda alerta fitosanitaria <\/strong>para el control qu\u00edmico\/biol\u00f3gico de la Lobesia botrana o polilla de la vid, plaga que afecta los cultivos de uva en la regi\u00f3n.<\/p>\n\n\n\n<div style=\"height:21px\" aria-hidden=\"true\" class=\"wp-block-spacer\"><\/div>\n\n\n\n<h3 class=\"wp-block-heading has-vivid-red-color has-text-color\">El objetivo de las alertas es determinar el momento oportuno para realizar los tratamientos, por lo cual es fundamental cumplir con las aplicaciones dentro del per\u00edodo establecido para garantizar la efectividad del procedimiento, y lograr as\u00ed suprimir las poblaciones de la plaga y minimizar su impacto en la producci\u00f3n.<\/h3>\n\n\n\n<div style=\"height:26px\" aria-hidden=\"true\" class=\"wp-block-spacer\"><\/div>\n\n\n\n<p>Se recomienda efectuar las aplicaciones habi\u00e9ndose realizado<strong> previamente una calibraci\u00f3n de la maquinaria<\/strong> que permita la <strong>dosificaci\u00f3n adecuada del caldo de pulverizaci\u00f3n<\/strong>, debiendo orientarse este tipo de aplicaciones a lograr numerosos impactos de tama\u00f1o peque\u00f1o sobre los hollejos de los frutos inmaduros. Resulta recomendable el empleo de productos tensioactivos y adhesivos para este tratamiento en particular.<\/p>\n\n\n\n<p>En caso de efectuarse aplicaciones mixtas (funguicidas junto con insecticidas y otros productos), se recomienda previamente verificar la compatibilidad de las mezclas en el caldo de pulverizaci\u00f3n.<\/p>\n\n\n\n<p>Por otro lado, se aconseja consultar el pron\u00f3stico del tiempo y utilizar el equipo de protecci\u00f3n personal al emplear fitosanitarios.<\/p>\n\n\n\n<div style=\"height:30px\" aria-hidden=\"true\" class=\"wp-block-spacer\"><\/div>\n","protected":false},"excerpt":{"rendered":"<p>El Instituto de Sanidad y Calidad Agropecuaria Mendoza emiti\u00f3 el denominado \u00absegundo alerta sanitario\u00bb, advirtiendo&hellip;<\/p>\n","protected":false},"author":3,"featured_media":130854,"comment_status":"open","ping_status":"open","sticky":false,"template":"","format":"standard","meta":{"footnotes":""},"categories":[14],"tags":[],"class_list":["post-130849","post","type-post","status-publish","format-standard","has-post-thumbnail","hentry","category-news"],"_links":{"self":[{"href":"https:\/\/enolife.com.ar\/es\/wp-json\/wp\/v2\/posts\/130849","targetHints":{"allow":["GET"]}}],"collection":[{"href":"https:\/\/enolife.com.ar\/es\/wp-json\/wp\/v2\/posts"}],"about":[{"href":"https:\/\/enolife.com.ar\/es\/wp-json\/wp\/v2\/types\/post"}],"author":[{"embeddable":true,"href":"https:\/\/enolife.com.ar\/es\/wp-json\/wp\/v2\/users\/3"}],"replies":[{"embeddable":true,"href":"https:\/\/enolife.com.ar\/es\/wp-json\/wp\/v2\/comments?post=130849"}],"version-history":[{"count":0,"href":"https:\/\/enolife.com.ar\/es\/wp-json\/wp\/v2\/posts\/130849\/revisions"}],"wp:featuredmedia":[{"embeddable":true,"href":"https:\/\/enolife.com.ar\/es\/wp-json\/wp\/v2\/media\/130854"}],"wp:attachment":[{"href":"https:\/\/enolife.com.ar\/es\/wp-json\/wp\/v2\/media?parent=130849"}],"wp:term":[{"taxonomy":"category","embeddable":true,"href":"https:\/\/enolife.com.ar\/es\/wp-json\/wp\/v2\/categories?post=130849"},{"taxonomy":"post_tag","embeddable":true,"href":"https:\/\/enolife.com.ar\/es\/wp-json\/wp\/v2\/tags?post=130849"}],"curies":[{"name":"wp","href":"https:\/\/api.w.org\/{rel}","templated":true}]}}