{"id":13050,"date":"2020-05-20T18:09:46","date_gmt":"2020-05-20T18:09:46","guid":{"rendered":"http:\/\/enolife.com.ar\/es\/?p=13050"},"modified":"2020-05-22T00:40:20","modified_gmt":"2020-05-22T00:40:20","slug":"referentes-de-la-olivicultura-expondran-la-situacion-del-negocio-de-la-aceituna-de-mesa","status":"publish","type":"post","link":"https:\/\/enolife.com.ar\/es\/referentes-de-la-olivicultura-expondran-la-situacion-del-negocio-de-la-aceituna-de-mesa\/","title":{"rendered":"Referentes de la olivicultura expondr\u00e1n la situaci\u00f3n del negocio de la aceituna de mesa"},"content":{"rendered":"\n<h4 class=\"wp-block-heading\"><em><strong>El ciclo \u00abCharlas en casa\u00bb organizado por el C<\/strong><\/em><em><strong>onsorcio Regional de Experimentaci\u00f3n Agr\u00edcola<\/strong><\/em> (C<em><strong>REA) abordar\u00e1 esta semana la tem\u00e1tica de la olivicultura. La cita es el jueves 21 de mayo a las 17.30 hs, a trav\u00e9s del aula virtual de CREA, con participaci\u00f3n libre y gratuita.<\/strong><\/em><\/h4>\n\n\n\n<div style=\"height:20px\" aria-hidden=\"true\" class=\"wp-block-spacer\"><\/div>\n\n\n\n<p class=\"has-background has-medium-font-size has-very-light-gray-background-color\"><strong>Exponentes:<\/strong><\/p>\n\n\n\n<div style=\"height:20px\" aria-hidden=\"true\" class=\"wp-block-spacer\"><\/div>\n\n\n\n<p><strong>Javier Dufourquet<\/strong>: Agregado Agr\u00edcola en la Rep\u00fablica Federativa de Brasil del Ministerio de Agricultura, Ganader\u00eda y Pesca de la Naci\u00f3n Argentina.  Ingeniero agr\u00f3nomo con especializaci\u00f3n en agronegocios y negociaciones internacionales, con destacada experiencia en la promoci\u00f3n comercial y en el abordaje internacional para productos con&nbsp;diferenciaci\u00f3n y valor agregado.&nbsp; <\/p>\n\n\n\n<p><strong>Ricardo M\u00e1rquez:<\/strong> Ingeniero agr\u00f3nomo, gerente de una firma de la industria del olivo y miembro del grupo CREA Vichigasta, de La Rioja. Form\u00f3 parte de la creaci\u00f3n de un consorcio de exportaci\u00f3n de aceites \u00abArgentina Olive Group (AOG)\u00bb conformado por&nbsp;6 grandes empresas productoras de aceite de oliva virgen, con m\u00e1s de 7.000 hect\u00e1reas de olivares propios.<\/p>\n\n\n\n<p><strong>Rafael Pleite<\/strong>: Consultor internacional, gerente de Global Olive Consulting, Sevilla, Espa\u00f1a. Doctor en Biolog\u00eda por la Universidad de Sevilla, experto en aceituna de mesa. Con una trayectoria enfocada en mejorar los procesos productivos de la agroindustria aceitunera aplicando las nuevas tecnolog\u00edas. Desarrollador de varias herramientas TIC que actualmente se utilizan en algunas de las principales empresas productoras de aceituna de mesa de todo el mundo.  <\/p>\n\n\n\n<p><strong>Gast\u00f3n Pironi<\/strong>:  Gerente de Pirimpex International Trading Argentina, una empresa de representaci\u00f3n comercial de productos agroalimenticios a nivel nacional e internacional que ofrece entre otros servicios  asesoramiento en comercio exterior, estrategias de promoci\u00f3n y difusi\u00f3n de productos. <\/p>\n\n\n\n<div style=\"height:20px\" aria-hidden=\"true\" class=\"wp-block-spacer\"><\/div>\n\n\n\n<p class=\"has-background has-luminous-vivid-amber-background-color\"><strong>Consultas: <a href=\"mailto:vallescordilleranos@crea.org.ar\">vallescordilleranos@crea.org.ar<\/a><\/strong><\/p>\n\n\n\n<div style=\"height:20px\" aria-hidden=\"true\" class=\"wp-block-spacer\"><\/div>\n\n\n\n<figure class=\"wp-block-image size-large\"><img loading=\"lazy\" decoding=\"async\" width=\"1024\" height=\"939\" src=\"https:\/\/enolife.com.ar\/es\/wp-content\/uploads\/2020\/05\/44f93b4d-4e1f-4f07-ab56-489b220fefe3-1024x939.jpg\" alt=\"\" class=\"wp-image-13051\" srcset=\"https:\/\/enolife.com.ar\/es\/wp-content\/uploads\/2020\/05\/44f93b4d-4e1f-4f07-ab56-489b220fefe3-1024x939.jpg 1024w, https:\/\/enolife.com.ar\/es\/wp-content\/uploads\/2020\/05\/44f93b4d-4e1f-4f07-ab56-489b220fefe3-300x275.jpg 300w, https:\/\/enolife.com.ar\/es\/wp-content\/uploads\/2020\/05\/44f93b4d-4e1f-4f07-ab56-489b220fefe3-768x704.jpg 768w, https:\/\/enolife.com.ar\/es\/wp-content\/uploads\/2020\/05\/44f93b4d-4e1f-4f07-ab56-489b220fefe3-1170x1073.jpg 1170w, https:\/\/enolife.com.ar\/es\/wp-content\/uploads\/2020\/05\/44f93b4d-4e1f-4f07-ab56-489b220fefe3-585x537.jpg 585w, https:\/\/enolife.com.ar\/es\/wp-content\/uploads\/2020\/05\/44f93b4d-4e1f-4f07-ab56-489b220fefe3.jpg 1280w\" sizes=\"auto, (max-width: 1024px) 100vw, 1024px\" \/><\/figure>\n\n\n\n<p class=\"has-small-font-size\"><strong><em>Fuente: CREA<\/em><\/strong><\/p>\n","protected":false},"excerpt":{"rendered":"<p>El ciclo \u00abCharlas en casa\u00bb organizado por el Consorcio Regional de Experimentaci\u00f3n Agr\u00edcola (CREA) abordar\u00e1&hellip;<\/p>\n","protected":false},"author":3,"featured_media":13077,"comment_status":"open","ping_status":"open","sticky":false,"template":"","format":"standard","meta":{"footnotes":""},"categories":[47],"tags":[],"class_list":["post-13050","post","type-post","status-publish","format-standard","has-post-thumbnail","hentry","category-agenda"],"_links":{"self":[{"href":"https:\/\/enolife.com.ar\/es\/wp-json\/wp\/v2\/posts\/13050","targetHints":{"allow":["GET"]}}],"collection":[{"href":"https:\/\/enolife.com.ar\/es\/wp-json\/wp\/v2\/posts"}],"about":[{"href":"https:\/\/enolife.com.ar\/es\/wp-json\/wp\/v2\/types\/post"}],"author":[{"embeddable":true,"href":"https:\/\/enolife.com.ar\/es\/wp-json\/wp\/v2\/users\/3"}],"replies":[{"embeddable":true,"href":"https:\/\/enolife.com.ar\/es\/wp-json\/wp\/v2\/comments?post=13050"}],"version-history":[{"count":0,"href":"https:\/\/enolife.com.ar\/es\/wp-json\/wp\/v2\/posts\/13050\/revisions"}],"wp:featuredmedia":[{"embeddable":true,"href":"https:\/\/enolife.com.ar\/es\/wp-json\/wp\/v2\/media\/13077"}],"wp:attachment":[{"href":"https:\/\/enolife.com.ar\/es\/wp-json\/wp\/v2\/media?parent=13050"}],"wp:term":[{"taxonomy":"category","embeddable":true,"href":"https:\/\/enolife.com.ar\/es\/wp-json\/wp\/v2\/categories?post=13050"},{"taxonomy":"post_tag","embeddable":true,"href":"https:\/\/enolife.com.ar\/es\/wp-json\/wp\/v2\/tags?post=13050"}],"curies":[{"name":"wp","href":"https:\/\/api.w.org\/{rel}","templated":true}]}}