{"id":13047,"date":"2020-05-20T22:04:40","date_gmt":"2020-05-20T22:04:40","guid":{"rendered":"http:\/\/enolife.com.ar\/es\/?p=13047"},"modified":"2020-05-22T17:23:58","modified_gmt":"2020-05-22T17:23:58","slug":"que-le-preguntarias-a-ramon-righi-y-difonso-el-22-de-mayo-responden-online","status":"publish","type":"post","link":"https:\/\/enolife.com.ar\/es\/que-le-preguntarias-a-ramon-righi-y-difonso-el-22-de-mayo-responden-online\/","title":{"rendered":"\u00bfQu\u00e9 le preguntar\u00edas a Ram\u00f3n, Righi y Difonso? El 22 de mayo responden online"},"content":{"rendered":"\n<h4 class=\"wp-block-heading\"><em><strong>En la continuidad del ciclo de charlas \u00abTres miradas pol\u00edticas, la misma realidad\u00bb, organizado por el Grupo Olascoaga de Mendoza, el viernes 22 de mayo, a las 18 hs v\u00eda Zoom, se presentar\u00e1n Roberto Righi, intendente de Lavalle; Jos\u00e9 Luis Ram\u00f3n, diputado nacional por Unidad y Equidad Nacional y Jorge Difonso, diputado provincial por Frente Cambia Mendoza. Los tres intercambiar\u00e1n ideas y responder\u00e1n preguntas sobre una posible reforma del Estado.<\/strong><\/em><\/h4>\n\n\n\n<div style=\"height:20px\" aria-hidden=\"true\" class=\"wp-block-spacer\"><\/div>\n\n\n\n<p class=\"has-background has-very-light-gray-background-color\"><strong>Los ejes tem\u00e1ticos de la presentaci\u00f3n ser\u00e1n:<\/strong><\/p>\n\n\n\n<p>Temas prioritarios ante una posible reforma de estado; las herramientas para llevarlas a cabo, y la forma de distinguir si se trata de una propuesta de reforma del Estado o una reforma pol\u00edtica.<\/p>\n\n\n\n<div class=\"wp-block-image\"><figure class=\"aligncenter size-large is-resized\"><img loading=\"lazy\" decoding=\"async\" src=\"https:\/\/enolife.com.ar\/es\/wp-content\/uploads\/2020\/05\/841431ce-81ce-4b79-abd6-cf970c5ad930-579x1024.jpg\" alt=\"\" class=\"wp-image-13048\" width=\"435\" height=\"770\" srcset=\"https:\/\/enolife.com.ar\/es\/wp-content\/uploads\/2020\/05\/841431ce-81ce-4b79-abd6-cf970c5ad930-579x1024.jpg 579w, https:\/\/enolife.com.ar\/es\/wp-content\/uploads\/2020\/05\/841431ce-81ce-4b79-abd6-cf970c5ad930-170x300.jpg 170w, https:\/\/enolife.com.ar\/es\/wp-content\/uploads\/2020\/05\/841431ce-81ce-4b79-abd6-cf970c5ad930-585x1034.jpg 585w, https:\/\/enolife.com.ar\/es\/wp-content\/uploads\/2020\/05\/841431ce-81ce-4b79-abd6-cf970c5ad930.jpg 724w\" sizes=\"auto, (max-width: 435px) 100vw, 435px\" \/><\/figure><\/div>\n\n\n\n<div style=\"height:20px\" aria-hidden=\"true\" class=\"wp-block-spacer\"><\/div>\n\n\n\n<p class=\"has-background has-very-light-gray-background-color\"><strong>Para participar y obtener mayor informaci\u00f3n se debe enviar un mensaje directo (DM) v\u00eda Twitter a&nbsp;<a href=\"https:\/\/twitter.com\/EquipoOlascoaga\">https:\/\/twitter.com\/EquipoOlascoaga<\/a><\/strong> <\/p>\n\n\n\n<div style=\"height:67px\" aria-hidden=\"true\" class=\"wp-block-spacer\"><\/div>\n","protected":false},"excerpt":{"rendered":"<p>En la continuidad del ciclo de charlas \u00abTres miradas pol\u00edticas, la misma realidad\u00bb, organizado por&hellip;<\/p>\n","protected":false},"author":3,"featured_media":13089,"comment_status":"open","ping_status":"open","sticky":false,"template":"","format":"standard","meta":{"footnotes":""},"categories":[47],"tags":[],"class_list":["post-13047","post","type-post","status-publish","format-standard","has-post-thumbnail","hentry","category-agenda"],"_links":{"self":[{"href":"https:\/\/enolife.com.ar\/es\/wp-json\/wp\/v2\/posts\/13047","targetHints":{"allow":["GET"]}}],"collection":[{"href":"https:\/\/enolife.com.ar\/es\/wp-json\/wp\/v2\/posts"}],"about":[{"href":"https:\/\/enolife.com.ar\/es\/wp-json\/wp\/v2\/types\/post"}],"author":[{"embeddable":true,"href":"https:\/\/enolife.com.ar\/es\/wp-json\/wp\/v2\/users\/3"}],"replies":[{"embeddable":true,"href":"https:\/\/enolife.com.ar\/es\/wp-json\/wp\/v2\/comments?post=13047"}],"version-history":[{"count":0,"href":"https:\/\/enolife.com.ar\/es\/wp-json\/wp\/v2\/posts\/13047\/revisions"}],"wp:featuredmedia":[{"embeddable":true,"href":"https:\/\/enolife.com.ar\/es\/wp-json\/wp\/v2\/media\/13089"}],"wp:attachment":[{"href":"https:\/\/enolife.com.ar\/es\/wp-json\/wp\/v2\/media?parent=13047"}],"wp:term":[{"taxonomy":"category","embeddable":true,"href":"https:\/\/enolife.com.ar\/es\/wp-json\/wp\/v2\/categories?post=13047"},{"taxonomy":"post_tag","embeddable":true,"href":"https:\/\/enolife.com.ar\/es\/wp-json\/wp\/v2\/tags?post=13047"}],"curies":[{"name":"wp","href":"https:\/\/api.w.org\/{rel}","templated":true}]}}