{"id":130139,"date":"2024-11-24T00:23:24","date_gmt":"2024-11-24T00:23:24","guid":{"rendered":"https:\/\/enolife.com.ar\/es\/?p=130139"},"modified":"2024-11-25T16:32:49","modified_gmt":"2024-11-25T16:32:49","slug":"que-ganas-de-tomar-vino-con-juntos-a-la-par-el-nuevo-video-de-la-bebida-nacional-argentina","status":"publish","type":"post","link":"https:\/\/enolife.com.ar\/es\/que-ganas-de-tomar-vino-con-juntos-a-la-par-el-nuevo-video-de-la-bebida-nacional-argentina\/","title":{"rendered":"\u00a1Qu\u00e9 ganas de tomar vino con Juntos a la Par, el nuevo video de la Bebida Nacional argentina!"},"content":{"rendered":"\n<h4 class=\"wp-block-heading\"><em><strong>Con la m\u00fasica como veh\u00edculo de uni\u00f3n, el reci\u00e9n lanzado spot publicitario del Vino Argentino -iniciativa del Fondo Vitivin\u00edcola, la Corporaci\u00f3n Vitivin\u00edcola Argentina, el Consejo Federal de Inversiones y el Gobierno de Mendoza- reuni\u00f3 a talentosos artistas de la escena mendocina y argentina para celebrar el d\u00eda de la Bebida Nacional, que se festeja ma\u00f1ana 24 de noviembre. Se trata de una versi\u00f3n enriquecida del conocido tema del rockero Pappo \u201cJuntos a la par\u201d. La canci\u00f3n est\u00e1 arreglada y producida por Lito Vitale y grabada en su estudio.<\/strong><\/em><\/h4>\n\n\n\n<div style=\"height:36px\" aria-hidden=\"true\" class=\"wp-block-spacer\"><\/div>\n\n\n<a href=\"https:\/\/ar.verallia.com\/\" aria-label=\"VERALLIA 1700 x 500\"><img loading=\"lazy\" decoding=\"async\" src=\"https:\/\/enolife.com.ar\/es\/wp-content\/uploads\/2021\/04\/VERALLIA-1700-x-500.jpg\" alt=\"\"  srcset=\"https:\/\/enolife.com.ar\/es\/wp-content\/uploads\/2021\/04\/VERALLIA-1700-x-500.jpg 1700w, https:\/\/enolife.com.ar\/es\/wp-content\/uploads\/2021\/04\/VERALLIA-1700-x-500-300x88.jpg 300w, https:\/\/enolife.com.ar\/es\/wp-content\/uploads\/2021\/04\/VERALLIA-1700-x-500-1024x301.jpg 1024w, https:\/\/enolife.com.ar\/es\/wp-content\/uploads\/2021\/04\/VERALLIA-1700-x-500-768x226.jpg 768w, https:\/\/enolife.com.ar\/es\/wp-content\/uploads\/2021\/04\/VERALLIA-1700-x-500-1536x452.jpg 1536w, https:\/\/enolife.com.ar\/es\/wp-content\/uploads\/2021\/04\/VERALLIA-1700-x-500-1170x344.jpg 1170w, https:\/\/enolife.com.ar\/es\/wp-content\/uploads\/2021\/04\/VERALLIA-1700-x-500-585x172.jpg 585w\" sizes=\"auto, (max-width: 1700px) 100vw, 1700px\" width=\"1700\" height=\"500\"   \/><\/a>\n\n\n<div style=\"height:47px\" aria-hidden=\"true\" class=\"wp-block-spacer\"><\/div>\n\n\n\n<p>Como cada 24 de noviembre, la celebraci\u00f3n del <strong>D\u00eda del Vino Argentino<\/strong> y de su declaraci\u00f3n como B<strong>ebida Nacional<\/strong> es un acontecimiento que re\u00fane en el festejo a toda la vitivinicultura del pa\u00eds. La fecha pone de relieve la importancia del vino en la cultura y la identidad del pa\u00eds, a la vez que genera actividades destinadas a los consumidores, el \u00faltimo eslab\u00f3n en una cadena virtuosa.<\/p>\n\n\n\n<p>Este a\u00f1o 2024, como en otros anteriores, el <strong>Fondo Vitivin\u00edcola<\/strong> volvi\u00f3 a apostar por la m\u00fasica como veh\u00edculo de uni\u00f3n y materialidad del acontecimiento. Eligi\u00f3 una canci\u00f3n que es ya un himno: <strong>\u00abJuntos a la par\u00bb<\/strong>, creada por el entra\u00f1able rockero Pappo Napolitano, una de esas composiciones que han trascendido generaciones y contin\u00faa vigente y emocion\u00e1ndonos. <\/p>\n\n\n\n<p>En la interpretaci\u00f3n&nbsp;confluyen la seductora voz de&nbsp;<strong>Daniela Herrero<\/strong>; el multifac\u00e9tico y talentoso&nbsp;<strong>Juli\u00e1n Kart\u00fan<\/strong>; la notable cantante mendocina <strong>Cecilia Salinas<\/strong>; el guitarrista \u00abenanito verde\u00bb y tambi\u00e9n productor de vinos&nbsp;<strong>Felipe Staiti<\/strong>; el virtuoso bajista&nbsp;<strong>Javier Malosetti<\/strong>;&nbsp;<strong>Sandra V\u00e1zquez<\/strong>, una referencia internacional como armoniquista; y la baterista<strong>&nbsp;Andrea \u00c1lvarez<\/strong>, ex integrante de la m\u00edtica banda de mujeres Viuda e Hijas de Roque Enroll. La cama\u00f1a Vino Argentino reuni\u00f3 a los artistas en una renovada, emotiva y amigable de \u00abJuntos a la par\u00bb, arreglada y producida por&nbsp;<strong>Lito Vitale<\/strong>&nbsp;y grabada en su estudio.<\/p>\n\n\n\n<div style=\"height:35px\" aria-hidden=\"true\" class=\"wp-block-spacer\"><\/div>\n\n\n\n<figure class=\"wp-block-embed aligncenter is-type-video is-provider-youtube wp-block-embed-youtube wp-embed-aspect-16-9 wp-has-aspect-ratio\"><div class=\"wp-block-embed__wrapper\">\n<iframe loading=\"lazy\" title=\"Juntos a la Par - D\u00eda del Vino Argentino Bebida Nacional\" width=\"1170\" height=\"658\" src=\"https:\/\/www.youtube.com\/embed\/ztMmif7WMio?feature=oembed\" frameborder=\"0\" allow=\"accelerometer; autoplay; clipboard-write; encrypted-media; gyroscope; picture-in-picture; web-share\" referrerpolicy=\"strict-origin-when-cross-origin\" allowfullscreen><\/iframe>\n<\/div><\/figure>\n\n\n\n<div style=\"height:35px\" aria-hidden=\"true\" class=\"wp-block-spacer\"><\/div>\n\n\n\n<p class=\"has-medium-font-size\"><strong>La m\u00fasica y el vino, artes complementarias<\/strong><\/p>\n\n\n\n<p>El video y la canci\u00f3n reafirman que la vitivinicultura y todos sus protagonistas, incluidos los consumidores, van juntos a la par y que, como en toda cadena, es la suma de los eslabones lo que la fortalece.<\/p>\n\n\n\n<p><strong>\u201cJuntos a la par\u201d<\/strong> juega integrando las im\u00e1genes de los paisajes y los elementos de trabajo de los m\u00fasicos, tales como las perillas de una consola con una estiba de vinos, la mariposa de un plato de la bater\u00eda con un sacacorchos y el chorro de un sif\u00f3n de soda y la gota que cae de una manguiera de riego por aspersi\u00f3n. Tambi\u00e9n recorre las vistas mendocinas m\u00e1s imponentes: la monta\u00f1a, los vi\u00f1edos, las bodegas. Y muestra esas ocasiones de consumo en las que el vino se destaca: en la mesa diaria, en los momentos especiales, con amigos y amigas. <\/p>\n\n\n\n<div style=\"height:13px\" aria-hidden=\"true\" class=\"wp-block-spacer\"><\/div>\n\n\n\n<blockquote class=\"wp-block-quote is-layout-flow wp-block-quote-is-layout-flow\">\n<p>La conexi\u00f3n entre el vino y la m\u00fasica es que ambas son artes, se mejoran juntos, se suman y se complementan\u201d.<\/p>\n<cite>Sandra V\u00e1zquez, la armoniquista<\/cite><\/blockquote>\n\n\n\n<div style=\"height:20px\" aria-hidden=\"true\" class=\"wp-block-spacer\"><\/div>\n\n\n\n<p>En la reuni\u00f3n de trabajo de los m\u00fasicos surgieron conceptos interesantes en torno a las relaciones entre vino y m\u00fasica. <strong>Juli\u00e1n Kart\u00fan<\/strong> resalt\u00f3 que <em>\u201clas sensaciones y sentimientos que me produce el vino son de uni\u00f3n, de encuentro entre las personas\u201d<\/em>.<\/p>\n\n\n\n<div style=\"height:16px\" aria-hidden=\"true\" class=\"wp-block-spacer\"><\/div>\n\n\n\n<blockquote class=\"wp-block-quote is-layout-flow wp-block-quote-is-layout-flow\">\n<p>El vino entibia sue\u00f1os al jadear&#8230; Con una buena dosis de vino nace linda m\u00fasica\u201d.<\/p>\n<cite>Javier Malosetti, bajista, citando una frase de una cancion del maestro Luis Alberto Spinetta<\/cite><\/blockquote>\n\n\n\n<div style=\"height:15px\" aria-hidden=\"true\" class=\"wp-block-spacer\"><\/div>\n\n\n\n<p><em>\u201cEn el hecho de hacer un vino hay una creaci\u00f3n como en el hecho de hacer una canci\u00f3n; son dos artesan\u00edas que palpitan en su propio mundo\u201d<\/em>, expres\u00f3<strong> <\/strong>por su parte el guitarrista mendocino Felipe Staiti, fundador de los Enanitos Verdes. \u00c9l conoce bien este universo pues elabora sus propios vinos en el Valle de Uco.<\/p>\n\n\n\n<div style=\"height:18px\" aria-hidden=\"true\" class=\"wp-block-spacer\"><\/div>\n\n\n\n<blockquote class=\"wp-block-quote is-layout-flow wp-block-quote-is-layout-flow\">\n<p>Me gustar\u00eda tomarme una copa de Malbec con Joni Mitchel\u201d.<\/p>\n<cite>Daniela Herrero, actriz y cantante<\/cite><\/blockquote>\n\n\n\n<div style=\"height:13px\" aria-hidden=\"true\" class=\"wp-block-spacer\"><\/div>\n\n\n\n<p><em>\u201cCreo que la m\u00fasica lo mejora todo y un buen vino tambi\u00e9n puede cambiar todo un panorama\u201d<\/em>, fue el concepto que dej\u00f3 sobre la mesa <strong>Cecilia Salinas,<\/strong> una de las voces m\u00e1s potentes del jazz mendocino. <\/p>\n\n\n\n<div style=\"height:20px\" aria-hidden=\"true\" class=\"wp-block-spacer\"><\/div>\n\n\n\n<blockquote class=\"wp-block-quote is-layout-flow wp-block-quote-is-layout-flow\">\n<p>Detr\u00e1s de una copa de vino hay encuentro, amistad, relax. \u00a1Invitar\u00eda a tomar una copa de vino a Jack White para que me invite a tocar en su banda!\u201d.<\/p>\n<cite><em>Andrea \u00c1lvarez, la baterista<\/em><\/cite><\/blockquote>\n\n\n\n<div style=\"height:19px\" aria-hidden=\"true\" class=\"wp-block-spacer\"><\/div>\n\n\n\n<p>La realizaci\u00f3n de \u201cJuntos a la par\u201d estuvo a cargo de la casa<strong> <\/strong>productora<strong> Cactus Cine,<\/strong> con la direcci\u00f3n de<strong> Agust\u00edn Vidal<\/strong> y la producci\u00f3n general de <strong>Ariel Hassan <\/strong>y el <strong>Fondo Vitivin\u00edcola<\/strong>. Se sum\u00f3 el <strong>Gobierno de Mendoza<\/strong>, el <strong>Consejo Federal de Inversiones<\/strong> y la <strong>Corporaci\u00f3n Vitivin\u00edcola Argentina (Coviar)<\/strong>. La pieza puede verse en el canal de YouTube <strong>@elvinonosune.<\/strong><\/p>\n\n\n\n<div style=\"height:35px\" aria-hidden=\"true\" class=\"wp-block-spacer\"><\/div>\n\n\n\n<p class=\"has-medium-font-size\"><strong>Sunset \u201cVino Argentino\u201d, para levantar las copas<\/strong><\/p>\n\n\n<div class=\"wp-block-image\">\n<figure class=\"alignleft size-full is-resized\"><a href=\"https:\/\/enolife.com.ar\/es\/wp-content\/uploads\/2024\/11\/WhatsApp-Image-2024-11-15-at-12.10.47-PM.jpeg\" data-rel=\"penci-gallery-image-content\" ><img loading=\"lazy\" decoding=\"async\" src=\"https:\/\/enolife.com.ar\/es\/wp-content\/uploads\/2024\/11\/WhatsApp-Image-2024-11-15-at-12.10.47-PM.jpeg\" alt=\"\" class=\"wp-image-130146\" width=\"331\" height=\"337\" srcset=\"https:\/\/enolife.com.ar\/es\/wp-content\/uploads\/2024\/11\/WhatsApp-Image-2024-11-15-at-12.10.47-PM.jpeg 393w, https:\/\/enolife.com.ar\/es\/wp-content\/uploads\/2024\/11\/WhatsApp-Image-2024-11-15-at-12.10.47-PM-295x300.jpeg 295w\" sizes=\"auto, (max-width: 331px) 100vw, 331px\" \/><\/a><\/figure><\/div>\n\n\n<p>El pr\u00f3ximo jueves 5 de diciembre, de 19 a 23 hs, la <strong>Plaza del Vino<\/strong>, ubicada junto a <strong>La Enoteca <\/strong>-en Peltier 611 de la capital mendocina- ser\u00e1 el punto de encuentro para celebrar el <strong>D\u00eda del Vino Argentino Bebida Nacional<\/strong>. La entrada se puede adquirir por Eventbrite.<\/p>\n\n\n\n<p>M\u00fasica en vivo, gastronom\u00eda y, por supuesto, la variedad de vinos ser\u00e1n los protagonistas en la celebraci\u00f3n. El atardecer se llenar\u00e1 de color en esta fiesta organizada por el Fondo Vitivin\u00edcola y La Enoteca.<\/p>\n\n\n\n<p>La m\u00fasica en vivo de <strong>Hidalgo y sus Gal\u00e1cticos<\/strong> y los sets de DJ Josse crear\u00e1n la atm\u00f3sfera ideal para pasar una noche \u00fanica. Las bodegas&nbsp;<strong>Familia Morcos, Ojo de Agua, Dilema y Bonfanti<\/strong>, entre otras ofrecer\u00e1n sus vinos en este encuentro directo entre hacedores y consumidores. Habr\u00e1 diferentes propuestas de sabores para acompa\u00f1ar las degustaciones de vinos destinadas a que la experiencia del maridaje sea completa y muy placentera.<\/p>\n\n\n\n<p class=\"has-background\" style=\"background-color:#abb7c259\"><strong>La venta de las entradas ya est\u00e1 habilitada a trav\u00e9s de la p\u00e1gina de&nbsp;<a href=\"https:\/\/www.eventbrite.com.ar\/e\/sunset-del-vino-argentino-tickets-1083009393249?aff=ebdssbdestsearch\">Eventbrite<\/a><\/strong>. El&nbsp;<strong>valor es de $18.000 para p\u00fablico general y $15.000 para los socios de La Enoteca Club e incluye tres degustaciones.<\/strong><\/p>\n\n\n\n<div style=\"height:35px\" aria-hidden=\"true\" class=\"wp-block-spacer\"><\/div>\n\n\n\n<p class=\"has-medium-font-size\"><strong>Usted preguntar\u00e1 por qu\u00e9 celebramos<\/strong><\/p>\n\n\n\n<p>Argentina fue el primer pa\u00eds vitivin\u00edcola en declarar al vino como su Bebida Nacional. Fue el 24 de noviembre de 2010, cuando se firm\u00f3 el decreto presidencial que le reconoce al vino su condici\u00f3n de alimento y de componente fundamental en la historia, la cultura y la identidad del pueblo argentino. Esta distinci\u00f3n para el vino argentino fue refrendada por la Ley N\u00b0 26.870, aprobada en 2011 por unanimidad en el Congreso de la Naci\u00f3n.<\/p>\n\n\n\n<div style=\"height:28px\" aria-hidden=\"true\" class=\"wp-block-spacer\"><\/div>\n","protected":false},"excerpt":{"rendered":"<p>Con la m\u00fasica como veh\u00edculo de uni\u00f3n, el reci\u00e9n lanzado spot publicitario del Vino Argentino&hellip;<\/p>\n","protected":false},"author":3,"featured_media":130145,"comment_status":"open","ping_status":"open","sticky":false,"template":"","format":"standard","meta":{"footnotes":""},"categories":[47,36,14],"tags":[],"class_list":["post-130139","post","type-post","status-publish","format-standard","has-post-thumbnail","hentry","category-agenda","category-el-pinguino","category-news"],"_links":{"self":[{"href":"https:\/\/enolife.com.ar\/es\/wp-json\/wp\/v2\/posts\/130139","targetHints":{"allow":["GET"]}}],"collection":[{"href":"https:\/\/enolife.com.ar\/es\/wp-json\/wp\/v2\/posts"}],"about":[{"href":"https:\/\/enolife.com.ar\/es\/wp-json\/wp\/v2\/types\/post"}],"author":[{"embeddable":true,"href":"https:\/\/enolife.com.ar\/es\/wp-json\/wp\/v2\/users\/3"}],"replies":[{"embeddable":true,"href":"https:\/\/enolife.com.ar\/es\/wp-json\/wp\/v2\/comments?post=130139"}],"version-history":[{"count":0,"href":"https:\/\/enolife.com.ar\/es\/wp-json\/wp\/v2\/posts\/130139\/revisions"}],"wp:featuredmedia":[{"embeddable":true,"href":"https:\/\/enolife.com.ar\/es\/wp-json\/wp\/v2\/media\/130145"}],"wp:attachment":[{"href":"https:\/\/enolife.com.ar\/es\/wp-json\/wp\/v2\/media?parent=130139"}],"wp:term":[{"taxonomy":"category","embeddable":true,"href":"https:\/\/enolife.com.ar\/es\/wp-json\/wp\/v2\/categories?post=130139"},{"taxonomy":"post_tag","embeddable":true,"href":"https:\/\/enolife.com.ar\/es\/wp-json\/wp\/v2\/tags?post=130139"}],"curies":[{"name":"wp","href":"https:\/\/api.w.org\/{rel}","templated":true}]}}