{"id":13008,"date":"2020-05-22T01:49:47","date_gmt":"2020-05-22T01:49:47","guid":{"rendered":"http:\/\/enolife.com.ar\/es\/?p=13008"},"modified":"2020-05-23T15:18:27","modified_gmt":"2020-05-23T15:18:27","slug":"promendoza-releva-pymes-en-los-municipios-que-busquen-sumar-ventas-o-exportar-por-1ra-vez","status":"publish","type":"post","link":"https:\/\/enolife.com.ar\/es\/promendoza-releva-pymes-en-los-municipios-que-busquen-sumar-ventas-o-exportar-por-1ra-vez\/","title":{"rendered":"ProMendoza releva pymes en los municipios que busquen sumar ventas o exportar por 1ra. vez"},"content":{"rendered":"\n<h4 class=\"wp-block-heading\"><em><strong>Mediante una ronda de encuentros virtuales, la entidad gubernamental que promueve las exportaciones mendocinas, convoc\u00f3, por intermedio de las comunas, a empresas que quieran integrarse a las acciones de promoci\u00f3n para hacer negocios en el exterior.<\/strong><\/em><\/h4>\n\n\n\n<div style=\"height:20px\" aria-hidden=\"true\" class=\"wp-block-spacer\"><\/div>\n\n\n\n<p>El gerente de ProMendoza, Mario L\u00e1zzaro, junto al equipo de Promoci\u00f3n Comercial de la Fundaci\u00f3n, se reuni\u00f3 el 14 de mayo pasado con los directores de Desarrollo Econ\u00f3mico de casi todas las comunas de la provincia de Mendoza, a fin de informarles los principales ejes de trabajo planeados para el resto de 2020 y las actividades de promoci\u00f3n comercial que se realizar\u00e1n durante la cuarentena.<\/p>\n\n\n\n<p>Mediante un encuentro virtual, los dirigentes de la agencia de promoci\u00f3n de exportaciones del gobierno provincial informaron las acciones que ser\u00e1n ejecutadas pr\u00f3ximamente, siempre adaptadas a las exigencias de seguridad sanitaria por el covid-19.<\/p>\n\n\n\n<div style=\"height:20px\" aria-hidden=\"true\" class=\"wp-block-spacer\"><\/div>\n\n\n\n<div class=\"wp-block-image\"><figure class=\"aligncenter size-large\"><img loading=\"lazy\" decoding=\"async\" width=\"820\" height=\"390\" src=\"https:\/\/enolife.com.ar\/es\/wp-content\/uploads\/2020\/05\/reunion-con-directores-4-820x390-1.png\" alt=\"\" class=\"wp-image-13169\" srcset=\"https:\/\/enolife.com.ar\/es\/wp-content\/uploads\/2020\/05\/reunion-con-directores-4-820x390-1.png 820w, https:\/\/enolife.com.ar\/es\/wp-content\/uploads\/2020\/05\/reunion-con-directores-4-820x390-1-300x143.png 300w, https:\/\/enolife.com.ar\/es\/wp-content\/uploads\/2020\/05\/reunion-con-directores-4-820x390-1-768x365.png 768w, https:\/\/enolife.com.ar\/es\/wp-content\/uploads\/2020\/05\/reunion-con-directores-4-820x390-1-585x278.png 585w\" sizes=\"auto, (max-width: 820px) 100vw, 820px\" \/><\/figure><\/div>\n\n\n\n<div style=\"height:20px\" aria-hidden=\"true\" class=\"wp-block-spacer\"><\/div>\n\n\n\n<p>\u201cDesde la virtualidad obligada, se busca recrear y generar las condiciones de una verdadera oportunidad de negociar con clientes del exterior y cerrar negocios\u201d, explic\u00f3 L\u00e1zzaro.<\/p>\n\n\n\n<p>\u201cA trav\u00e9s de los directores departamentales, se espera llegar a m\u00e1s empresas relacionadas con los municipios, y que pretendan incrementar sus negocios en el exterior o exportar por primera vez\u201d, agreg\u00f3 el gerente.<\/p>\n\n\n\n<p>En el encuentro virtual participaron directores y representantes de los municipios de Capital, Las Heras, Godoy Cruz, Guaymall\u00e9n, Luj\u00e1n de Cuyo, Maip\u00fa, Rivadavia, San Mart\u00edn, Santa Rosa, La Paz, Tunuy\u00e1n, San Carlos, Tupungato, San Rafael, General Alvear y Malarg\u00fce. Adem\u00e1s, estuvo presente el delegado del Ministerio de Econom\u00eda en el sur de la provincia, Edgar Rodr\u00edguez.<\/p>\n\n\n\n<p>Las pr\u00f3ximas actividades que desarrollar\u00e1 ProMendoza en el primer semestre est\u00e1n dirigidas a ampliar la convocatoria de empresas, con la participaci\u00f3n activa de los municipios:<\/p>\n\n\n\n<ul class=\"wp-block-list\"><li>Ronda de negocios con Brasil (junio)<\/li><\/ul>\n\n\n\n<ul class=\"wp-block-list\"><li>Ronda de vinos a granel (junio)<\/li><\/ul>\n\n\n\n<ul class=\"wp-block-list\"><li>Kroger\u00b4s importador de vinos y alimentos de EEUU (junio-julio)<\/li><\/ul>\n\n\n\n<ul class=\"wp-block-list\"><li>Chile: Hub Puente Andino en Los Andes (junio)<\/li><\/ul>\n\n\n\n<p>En la reuni\u00f3n se puso de relieve el protagonismo que tendr\u00e1n las oficinas regionales de ProMendoza, tanto en la vinculaci\u00f3n como en la coordinaci\u00f3n, para as\u00ed incluir en las acciones a la mayor cantidad de potenciales exportadores, de todos los rubros.<\/p>\n\n\n\n<div style=\"height:20px\" aria-hidden=\"true\" class=\"wp-block-spacer\"><\/div>\n\n\n\n<p class=\"has-small-font-size\"><strong><em>Fuente: ProMendoza<\/em><\/strong><\/p>\n","protected":false},"excerpt":{"rendered":"<p>Mediante una ronda de encuentros virtuales, la entidad gubernamental que promueve las exportaciones mendocinas, convoc\u00f3,&hellip;<\/p>\n","protected":false},"author":3,"featured_media":13171,"comment_status":"open","ping_status":"open","sticky":false,"template":"","format":"standard","meta":{"footnotes":""},"categories":[9],"tags":[],"class_list":["post-13008","post","type-post","status-publish","format-standard","has-post-thumbnail","hentry","category-negocios"],"_links":{"self":[{"href":"https:\/\/enolife.com.ar\/es\/wp-json\/wp\/v2\/posts\/13008","targetHints":{"allow":["GET"]}}],"collection":[{"href":"https:\/\/enolife.com.ar\/es\/wp-json\/wp\/v2\/posts"}],"about":[{"href":"https:\/\/enolife.com.ar\/es\/wp-json\/wp\/v2\/types\/post"}],"author":[{"embeddable":true,"href":"https:\/\/enolife.com.ar\/es\/wp-json\/wp\/v2\/users\/3"}],"replies":[{"embeddable":true,"href":"https:\/\/enolife.com.ar\/es\/wp-json\/wp\/v2\/comments?post=13008"}],"version-history":[{"count":0,"href":"https:\/\/enolife.com.ar\/es\/wp-json\/wp\/v2\/posts\/13008\/revisions"}],"wp:featuredmedia":[{"embeddable":true,"href":"https:\/\/enolife.com.ar\/es\/wp-json\/wp\/v2\/media\/13171"}],"wp:attachment":[{"href":"https:\/\/enolife.com.ar\/es\/wp-json\/wp\/v2\/media?parent=13008"}],"wp:term":[{"taxonomy":"category","embeddable":true,"href":"https:\/\/enolife.com.ar\/es\/wp-json\/wp\/v2\/categories?post=13008"},{"taxonomy":"post_tag","embeddable":true,"href":"https:\/\/enolife.com.ar\/es\/wp-json\/wp\/v2\/tags?post=13008"}],"curies":[{"name":"wp","href":"https:\/\/api.w.org\/{rel}","templated":true}]}}