{"id":130047,"date":"2024-11-22T14:33:42","date_gmt":"2024-11-22T14:33:42","guid":{"rendered":"https:\/\/enolife.com.ar\/es\/?p=130047"},"modified":"2024-11-23T12:04:48","modified_gmt":"2024-11-23T12:04:48","slug":"la-vitivinicultura-entrerriana-crece-y-muestra-su-produccion-en-una-fiesta-en-colon-el-22-y-23-11","status":"publish","type":"post","link":"https:\/\/enolife.com.ar\/es\/la-vitivinicultura-entrerriana-crece-y-muestra-su-produccion-en-una-fiesta-en-colon-el-22-y-23-11\/","title":{"rendered":"La vitivinicultura entrerriana crece y muestra su producci\u00f3n en una fiesta en Col\u00f3n el 22 y 23\/11"},"content":{"rendered":"\n<h4 class=\"wp-block-heading\"><em><strong>Hoy 22 de noviembre de 18 a 24 hs, y ma\u00f1ana 23 en el mismo horario, los productores de vino entrerrianos ofrecer\u00e1n degustaciones, comidas t\u00edpicas regionales y m\u00fasica en la 4\u00b0 edici\u00f3n del encuentro \u00abEntre R\u00edos Entre Vi\u00f1as\u00bb en la ciudad de Col\u00f3n. Este festival tiene como objetivo promover la creciente industria vitivin\u00edcola de la provincia mesopot\u00e1mica argentina, revalorizando el potencial del sector y destacando el rol de los vi\u00f1ateos, enologos y bodegueros que est\u00e1n consolidando sus vinos a nivel nacional e internacional. <\/strong><\/em><\/h4>\n\n\n\n<div style=\"height:35px\" aria-hidden=\"true\" class=\"wp-block-spacer\"><\/div>\n\n\n\n\n\n<div style=\"height:45px\" aria-hidden=\"true\" class=\"wp-block-spacer\"><\/div>\n\n\n\n<p>Organizado por el <strong>gobierno de Entre R\u00edos<\/strong> a trav\u00e9s del <strong>Ministerio de Desarrollo Econ\u00f3mico<\/strong>, la <strong>Casa de Entre R\u00edos<\/strong>, la <strong>Asociaci\u00f3n de Vitivinicultores de Entre R\u00edos (AVER)<\/strong> y el <strong>Consejo Federal de Inversiones (CFI)<\/strong>, el encuentro <strong>\u00abEntre R\u00edos Entre Vi\u00f1as\u00bb <\/strong>ofrece una buena oportunidad para conocer los productos de las bodegas de la regi\u00f3n.<\/p>\n\n\n<div class=\"wp-block-image\">\n<figure class=\"alignleft size-full\"><a href=\"https:\/\/enolife.com.ar\/es\/wp-content\/uploads\/2024\/11\/entre-rios-entre-vinas-326230-min.jpg\" data-rel=\"penci-gallery-image-content\" ><img loading=\"lazy\" decoding=\"async\" width=\"347\" height=\"347\" src=\"https:\/\/enolife.com.ar\/es\/wp-content\/uploads\/2024\/11\/entre-rios-entre-vinas-326230-min.jpg\" alt=\"\" class=\"wp-image-130063\" srcset=\"https:\/\/enolife.com.ar\/es\/wp-content\/uploads\/2024\/11\/entre-rios-entre-vinas-326230-min.jpg 347w, https:\/\/enolife.com.ar\/es\/wp-content\/uploads\/2024\/11\/entre-rios-entre-vinas-326230-min-300x300.jpg 300w, https:\/\/enolife.com.ar\/es\/wp-content\/uploads\/2024\/11\/entre-rios-entre-vinas-326230-min-150x150.jpg 150w\" sizes=\"auto, (max-width: 347px) 100vw, 347px\" \/><\/a><\/figure><\/div>\n\n\n<p>Se realiza los d\u00edas <strong>22 y 23 de noviembre, de 18 a 24 hs, en la explanada del Puerto de Col\u00f3n<\/strong> -Casa de Turismo de Col\u00f3n- (Avenida Gobernador Quir\u00f3s 99-149, Col\u00f3n, Entre R\u00edos), y la programaci\u00f3n incluye degustaciones de vinos entrerrianos, charlas sobre la historia de la vitivinicultura en la regi\u00f3n y exposiciones de etiquetas a cargo de bodegueros locales. Adem\u00e1s, habr\u00e1 shows musicales en vivo  a cargo de <strong>\u00abCapibara Jazz Club\u00bb<\/strong> y el <strong>\u00abD\u00fao Rossier Zuluaga\u00bb<\/strong> y una amplia oferta gastron\u00f3mica.<\/p>\n\n\n\n<p class=\"has-background\" style=\"background-color:#abb7c261\"><strong>Las entradas est\u00e1n disponibles <a href=\"https:\/\/www.passline.com\/eventos\/entre-rios-entre-vinas\" title=\"\">AQU\u00cd <\/a> (incluyen una copa para degustaci\u00f3n)<\/strong><\/p>\n\n\n\n<div style=\"height:19px\" aria-hidden=\"true\" class=\"wp-block-spacer\"><\/div>\n\n\n\n<p>Esta actividad busca promover la creciente industria vitivin\u00edcola de Entre R\u00edos, revalorizando el potencial del sector y destacando el rol de los productores que a\u00f1o tras a\u00f1o consolidan sus productos a nivel nacional e internacional. Ser\u00e1 tambi\u00e9n una oportunidad para aprender sobre los avances de la industria vitivin\u00edcola en la provincia, que sigue expandi\u00e9ndose a ambas costas de los r\u00edos Uruguay y Paran\u00e1.<\/p>\n\n\n\n<div style=\"height:20px\" aria-hidden=\"true\" class=\"wp-block-spacer\"><\/div>\n\n\n\n<p class=\"has-black-color has-text-color has-background\" style=\"background-color:#abb7c259\"><strong>Una joya arquitect\u00f3nica<\/strong><br><br>La Casa de Turismo de Col\u00f3n, donde se realizar\u00e1 el encuentro, tiene una espl\u00e9ndida arquitectura muy bien conservada. El sitio funcionaba como Estaci\u00f3n Fluvial y fue construido en 1927 debido a la gran demanda que llegaba a la zona por el puerto de Col\u00f3n. <br>El proceso de construcci\u00f3n fue gestionado por el entonces gobiernador Herminio J. Quir\u00f3. El conjunto se erige imponente, con una vista impactante hacia el R\u00edo Uruguay, y rodeado por la tranquilidad del puerto de la ciudad de Col\u00f3n. Este edificio forma parte del patrimonio hist\u00f3rico y arquitect\u00f3nico de Argentina y es un destino imperdible para los visitantes.<\/p>\n\n\n\n<div style=\"height:35px\" aria-hidden=\"true\" class=\"wp-block-spacer\"><\/div>\n\n\n\n<p class=\"has-medium-font-size\"><strong>El trabajo de la Asociaci\u00f3n de Vitivinicultores de Entre R\u00edos<\/strong><\/p>\n\n\n<div class=\"wp-block-image\">\n<figure class=\"alignleft size-full is-resized\"><a href=\"https:\/\/enolife.com.ar\/es\/wp-content\/uploads\/2024\/11\/ella.jpg\" data-rel=\"penci-gallery-image-content\" ><img loading=\"lazy\" decoding=\"async\" src=\"https:\/\/enolife.com.ar\/es\/wp-content\/uploads\/2024\/11\/ella.jpg\" alt=\"\" class=\"wp-image-130068\" width=\"198\" height=\"245\" srcset=\"https:\/\/enolife.com.ar\/es\/wp-content\/uploads\/2024\/11\/ella.jpg 284w, https:\/\/enolife.com.ar\/es\/wp-content\/uploads\/2024\/11\/ella-242x300.jpg 242w\" sizes=\"auto, (max-width: 198px) 100vw, 198px\" \/><\/a><\/figure><\/div>\n\n\n<p><strong>Mar\u00eda Jes\u00fas Vulliez, <\/strong>presidenta de la Asociaci\u00f3n de Vitivinicultores de Entre R\u00edos (AVER), expres\u00f3: <em>\u00abEstamos muy entusiasmados con esta nueva edici\u00f3n, que promete grandes novedades. Este a\u00f1o, los visitantes podr\u00e1n descubrir de primera mano todo lo que ofrece la vitivinicultura entrerriana, desde bodegas emergentes hasta proyectos consolidados, y disfrutar de la mejor gastronom\u00eda local en un entorno natural privilegiado\u00bb.<\/em><\/p>\n\n\n\n<p>La Asociaci\u00f3n de Vitivinicultores de Entre R\u00edos se conform\u00f3 en 2010, ante la necesidad de impulsar el conocimiento de la vitivinicultura y retomar la actividad productiva en la provincia que se reinici\u00f3 en 1998, despu\u00e9s de que la ley de Zonificaci\u00f3n de la producci\u00f3n prohibiera esta actividad en 1936.<\/p>\n\n\n\n<p>En este sentido, la dirigente destac\u00f3 el crecimiento sostenido de la vitivinicultura en la provincia gracias al esfuerzo conjunto del gobierno entrerriano, productores y empresarios, y con el apoyo t\u00e9cnico y financiero del Consejo Federal de Inversiones (CFI).<\/p>\n\n\n\n<p><em>\u00abEstamos viviendo un momento clave para el desarrollo de la vitivinicultura en Entre R\u00edos. Este a\u00f1o, el Plan Integral en Viticultura y Enolog\u00eda nos permiti\u00f3 fortalecer nuestras pr\u00e1cticas, conocer nuevas tendencias en Mendoza y proyectar iniciativas que beneficien al sector\u00bb,<\/em> agreg\u00f3 la tambi\u00e9n bodeguera.<\/p>\n\n\n\n<p>El reciente viaje t\u00e9cnico a Mendoza que menciona Vulliez fue organizado en el marco de este plan y permiti\u00f3 a los representantes entrerrianos interactuar con expertos nacionales e internacionales, adquirir conocimientos sobre manejo org\u00e1nico y sostenibilidad, y explorar estrategias de enoturismo adaptables a la regi\u00f3n. Entre las experiencias m\u00e1s destacadas se incluyeron visitas a bodegas emblem\u00e1ticas como <strong>Dominio del Plata, Cecchin y Zuccardi,<\/strong> as\u00ed como al <strong>Vivero Mercier,<\/strong> especializado en portainjertos y variedades certificadas.<\/p>\n\n\n\n<div style=\"height:30px\" aria-hidden=\"true\" class=\"wp-block-spacer\"><\/div>\n","protected":false},"excerpt":{"rendered":"<p>Hoy 22 de noviembre de 18 a 24 hs, y ma\u00f1ana 23 en el mismo&hellip;<\/p>\n","protected":false},"author":3,"featured_media":130070,"comment_status":"open","ping_status":"open","sticky":false,"template":"","format":"standard","meta":{"footnotes":""},"categories":[47],"tags":[],"class_list":["post-130047","post","type-post","status-publish","format-standard","has-post-thumbnail","hentry","category-agenda"],"_links":{"self":[{"href":"https:\/\/enolife.com.ar\/es\/wp-json\/wp\/v2\/posts\/130047","targetHints":{"allow":["GET"]}}],"collection":[{"href":"https:\/\/enolife.com.ar\/es\/wp-json\/wp\/v2\/posts"}],"about":[{"href":"https:\/\/enolife.com.ar\/es\/wp-json\/wp\/v2\/types\/post"}],"author":[{"embeddable":true,"href":"https:\/\/enolife.com.ar\/es\/wp-json\/wp\/v2\/users\/3"}],"replies":[{"embeddable":true,"href":"https:\/\/enolife.com.ar\/es\/wp-json\/wp\/v2\/comments?post=130047"}],"version-history":[{"count":0,"href":"https:\/\/enolife.com.ar\/es\/wp-json\/wp\/v2\/posts\/130047\/revisions"}],"wp:featuredmedia":[{"embeddable":true,"href":"https:\/\/enolife.com.ar\/es\/wp-json\/wp\/v2\/media\/130070"}],"wp:attachment":[{"href":"https:\/\/enolife.com.ar\/es\/wp-json\/wp\/v2\/media?parent=130047"}],"wp:term":[{"taxonomy":"category","embeddable":true,"href":"https:\/\/enolife.com.ar\/es\/wp-json\/wp\/v2\/categories?post=130047"},{"taxonomy":"post_tag","embeddable":true,"href":"https:\/\/enolife.com.ar\/es\/wp-json\/wp\/v2\/tags?post=130047"}],"curies":[{"name":"wp","href":"https:\/\/api.w.org\/{rel}","templated":true}]}}