{"id":129451,"date":"2024-11-17T12:29:48","date_gmt":"2024-11-17T12:29:48","guid":{"rendered":"https:\/\/enolife.com.ar\/es\/?p=129451"},"modified":"2024-11-18T11:17:02","modified_gmt":"2024-11-18T11:17:02","slug":"vivian-levinson-expone-pinturas-objetos-e-instalaciones-en-el-museo-carlos-alonso-desde-el-22-11","status":"publish","type":"post","link":"https:\/\/enolife.com.ar\/es\/vivian-levinson-expone-pinturas-objetos-e-instalaciones-en-el-museo-carlos-alonso-desde-el-22-11\/","title":{"rendered":"Vivian Levinson expone pinturas, objetos e instalaciones en el museo Carlos Alonso desde el 22\/11"},"content":{"rendered":"\n<h4 class=\"wp-block-heading\"><em><strong>La artista pl\u00e1stica mendocina, reconocida en todo el pa\u00eds y el exterior por su calidad y trayectoria, experta en cajas lum\u00ednicas y escenograf\u00edas para la Fiesta Nacional de la Vendimia de Mendoza, inaugura su muestra \u201cLas formas que me habitan\u201d, el pr\u00f3ximo viernes 22 de noviembre de 2024 a las 20 hs en el museo Carlos Alonso de la Capital provincial, ubicado en Emilio Civit 348. La entrada es libre y gratuita.<\/strong><\/em><\/h4>\n\n\n\n<div style=\"height:35px\" aria-hidden=\"true\" class=\"wp-block-spacer\"><\/div>\n\n\n<a href=\"https:\/\/estanciamendoza.com.ar\/es\/\" aria-label=\"Copia de BEM &#8211; Banner adaptaciones diario digital_BEM &#8211; Banner Enolife &#8211; 1700&#215;500\"><img loading=\"lazy\" decoding=\"async\" src=\"https:\/\/enolife.com.ar\/es\/wp-content\/uploads\/2019\/07\/Copia-de-BEM-Banner-adaptaciones-diario-digital_BEM-Banner-Enolife-1700x500-1.jpg\" alt=\"\"  srcset=\"https:\/\/enolife.com.ar\/es\/wp-content\/uploads\/2019\/07\/Copia-de-BEM-Banner-adaptaciones-diario-digital_BEM-Banner-Enolife-1700x500-1.jpg 1700w, https:\/\/enolife.com.ar\/es\/wp-content\/uploads\/2019\/07\/Copia-de-BEM-Banner-adaptaciones-diario-digital_BEM-Banner-Enolife-1700x500-1-300x88.jpg 300w, https:\/\/enolife.com.ar\/es\/wp-content\/uploads\/2019\/07\/Copia-de-BEM-Banner-adaptaciones-diario-digital_BEM-Banner-Enolife-1700x500-1-1024x301.jpg 1024w, https:\/\/enolife.com.ar\/es\/wp-content\/uploads\/2019\/07\/Copia-de-BEM-Banner-adaptaciones-diario-digital_BEM-Banner-Enolife-1700x500-1-768x226.jpg 768w, https:\/\/enolife.com.ar\/es\/wp-content\/uploads\/2019\/07\/Copia-de-BEM-Banner-adaptaciones-diario-digital_BEM-Banner-Enolife-1700x500-1-1536x452.jpg 1536w, https:\/\/enolife.com.ar\/es\/wp-content\/uploads\/2019\/07\/Copia-de-BEM-Banner-adaptaciones-diario-digital_BEM-Banner-Enolife-1700x500-1-1170x344.jpg 1170w, https:\/\/enolife.com.ar\/es\/wp-content\/uploads\/2019\/07\/Copia-de-BEM-Banner-adaptaciones-diario-digital_BEM-Banner-Enolife-1700x500-1-585x172.jpg 585w\" sizes=\"auto, (max-width: 1700px) 100vw, 1700px\" width=\"1700\" height=\"500\"   \/><\/a>\n\n\n<div style=\"height:45px\" aria-hidden=\"true\" class=\"wp-block-spacer\"><\/div>\n\n\n\n<p>La artista pl\u00e1stica mendocina <strong>Vivian Levinson<\/strong> es reconocida por participar en innumerables obras individuales y colectivas, y por su trabajo como experta en cajas lum\u00ednicas y supervisora en la Fiesta Nacional de la Vendimia de Mendoza. En esta ocasi\u00f3n, expondr\u00e1 parte de sus obras en t\u00e9cnica de punto. <\/p>\n\n\n\n<p>Seg\u00fan cuenta la artista, <em>\u201cllevo un tiempo observando im\u00e1genes de un cuerpo interior y explorando la belleza intr\u00ednseca de la biolog\u00eda humana, desvelando formas que habitan o habitaron el cuerpo humano. \u00c9stas contienen un conocimiento sensible, existen y no se pueden percibir, interact\u00faan, conviven antes de cualquier percepci\u00f3n, pueden ser vistas como una forma de rendir homenaje a la complejidad y a la maravilla del cuerpo humano a nivel celular\u201d.<\/em><\/p>\n\n\n\n<p>Y agrega: <em>\u201cEn este proceso de desocultamiento se revelan la interconexi\u00f3n de todas las formas de vida y la importancia de cada peque\u00f1a parte en el todo. La esencia de las cosas invita a cuestionar percepciones, buscar una comprensi\u00f3n de la realidad en este camino de procesos continuos de descubrimiento y revelaci\u00f3n\u201d.<\/em> <\/p>\n\n\n\n<div style=\"height:30px\" aria-hidden=\"true\" class=\"wp-block-spacer\"><\/div>\n\n\n\n<figure class=\"wp-block-gallery has-nested-images columns-default is-cropped wp-block-gallery-1 is-layout-flex wp-block-gallery-is-layout-flex\">\n<figure class=\"wp-block-image size-full\"><a href=\"https:\/\/enolife.com.ar\/es\/wp-content\/uploads\/2024\/11\/Las-formas-que-me-habitan-VI-pintura-bicapa-sobre-madera-acrilico-3D-100-cm-de-diametro-2024jpg-700x641-1.jpg\" data-rel=\"penci-gallery-image-content\" ><img loading=\"lazy\" decoding=\"async\" width=\"394\" height=\"386\" data-id=\"129464\" src=\"https:\/\/enolife.com.ar\/es\/wp-content\/uploads\/2024\/11\/Las-formas-que-me-habitan-VI-pintura-bicapa-sobre-madera-acrilico-3D-100-cm-de-diametro-2024jpg-700x641-1.jpg\" alt=\"\" class=\"wp-image-129464\" srcset=\"https:\/\/enolife.com.ar\/es\/wp-content\/uploads\/2024\/11\/Las-formas-que-me-habitan-VI-pintura-bicapa-sobre-madera-acrilico-3D-100-cm-de-diametro-2024jpg-700x641-1.jpg 394w, https:\/\/enolife.com.ar\/es\/wp-content\/uploads\/2024\/11\/Las-formas-que-me-habitan-VI-pintura-bicapa-sobre-madera-acrilico-3D-100-cm-de-diametro-2024jpg-700x641-1-300x294.jpg 300w\" sizes=\"auto, (max-width: 394px) 100vw, 394px\" \/><\/a><\/figure>\n\n\n\n<figure class=\"wp-block-image size-full\"><a href=\"https:\/\/enolife.com.ar\/es\/wp-content\/uploads\/2024\/11\/Serie-Las-formas-que-me-habitan-pintura-bicapa-sobre-maderaacrilico-3D-y-oleo-100-cm-de-diametro-2024-700x666-1.jpeg\" data-rel=\"penci-gallery-image-content\" ><img loading=\"lazy\" decoding=\"async\" width=\"400\" height=\"401\" data-id=\"129465\" src=\"https:\/\/enolife.com.ar\/es\/wp-content\/uploads\/2024\/11\/Serie-Las-formas-que-me-habitan-pintura-bicapa-sobre-maderaacrilico-3D-y-oleo-100-cm-de-diametro-2024-700x666-1.jpeg\" alt=\"\" class=\"wp-image-129465\" srcset=\"https:\/\/enolife.com.ar\/es\/wp-content\/uploads\/2024\/11\/Serie-Las-formas-que-me-habitan-pintura-bicapa-sobre-maderaacrilico-3D-y-oleo-100-cm-de-diametro-2024-700x666-1.jpeg 400w, https:\/\/enolife.com.ar\/es\/wp-content\/uploads\/2024\/11\/Serie-Las-formas-que-me-habitan-pintura-bicapa-sobre-maderaacrilico-3D-y-oleo-100-cm-de-diametro-2024-700x666-1-300x300.jpeg 300w, https:\/\/enolife.com.ar\/es\/wp-content\/uploads\/2024\/11\/Serie-Las-formas-que-me-habitan-pintura-bicapa-sobre-maderaacrilico-3D-y-oleo-100-cm-de-diametro-2024-700x666-1-150x150.jpeg 150w\" sizes=\"auto, (max-width: 400px) 100vw, 400px\" \/><\/a><\/figure>\n<\/figure>\n\n\n\n<div style=\"height:30px\" aria-hidden=\"true\" class=\"wp-block-spacer\"><\/div>\n\n\n\n<p>Esta muestra cuenta con el aporte del\u00a0especialista <strong>Hugo Albrieu<\/strong> en el texto curatorial, donde se puede leer: \u201c<em>A Vivian le gusta mirar el cielo y la naturaleza, no le alcanza con el s\u00f3lo disfrute de contemplar, necesita ir m\u00e1s all\u00e1 (o m\u00e1s ac\u00e1). Usar un microscopio imaginario para explorar el universo y descubrir nuevos mundos, acercarse a misteriosos microcosmos. Y con la paciencia y la pasi\u00f3n de un bot\u00e1nico que registra, lo representa en diferentes dimensiones\u201d.<\/em><\/p>\n\n\n\n<div style=\"height:14px\" aria-hidden=\"true\" class=\"wp-block-spacer\"><\/div>\n\n\n\n<p class=\"has-background\" style=\"background-color:#e6c5cd\">La cita para encontrarse con la artista y sus obras es el<strong> viernes 22 de noviembre de 2024 desde las 20 horas, con entrada gratuita,<\/strong> en el <strong>Museo Carlos Alonso, Emilio Civit 348 de la Ciudad de Mendoza.<\/strong><\/p>\n\n\n\n<div style=\"height:35px\" aria-hidden=\"true\" class=\"wp-block-spacer\"><\/div>\n\n\n\n<p class=\"has-medium-font-size\"><strong>Sobre Vivian Levinson<\/strong><\/p>\n\n\n<div class=\"wp-block-image\">\n<figure class=\"alignleft size-full is-resized\"><a href=\"https:\/\/enolife.com.ar\/es\/wp-content\/uploads\/2024\/11\/Imagen1-19.jpg\" data-rel=\"penci-gallery-image-content\" ><img loading=\"lazy\" decoding=\"async\" src=\"https:\/\/enolife.com.ar\/es\/wp-content\/uploads\/2024\/11\/Imagen1-19.jpg\" alt=\"\" class=\"wp-image-129461\" width=\"306\" height=\"358\" srcset=\"https:\/\/enolife.com.ar\/es\/wp-content\/uploads\/2024\/11\/Imagen1-19.jpg 334w, https:\/\/enolife.com.ar\/es\/wp-content\/uploads\/2024\/11\/Imagen1-19-256x300.jpg 256w\" sizes=\"auto, (max-width: 306px) 100vw, 306px\" \/><\/a><\/figure><\/div>\n\n\n<p>Muralista, montajista, educadora y amante del dise\u00f1o. Desde 1992 trabaja en la realizaci\u00f3n de escenarios y cajas lum\u00ednicas en fiestas de la Vendimia. Expuso en ferias internacionales y en numerosas exposiciones individuales y colectivas en Argentina, Chile, EEUU, Espa\u00f1a, entre otros pa\u00edses. Algunas de sus muestras fueron\u00a0<strong>Trayectos Surgentes<\/strong><em>\u00a0<\/em>en el Palais de Glace y\u00a0<strong>La l\u00ednea piensa<\/strong><em>,\u00a0<\/em>que se present\u00f3 en el Centro Cultural Borges, ambas en 2011 en Buenos Aires.<\/p>\n\n\n\n<p>Recibi\u00f3 importantes premios y menciones en distintas disciplinas como dibujo, pintura y arte textil, destac\u00e1ndose el Primer Premio del Sal\u00f3n Cordillerano en el Museo Rawson, San Juan en 2017; Menci\u00f3n Especial del Jurado en el Sal\u00f3n de Artes Visuales de la Provincia de La Pampa y entre otras selecciones, la del Sal\u00f3n Nacional de Artes Visuales Mumbat en Tandil, provincia de Buenos Aires, estas \u00faltimas ambas en 2019; Sal\u00f3n Nacional Banco de C\u00f3rdoba 2012, Sal\u00f3n Nacional 2011 y 2012. En reiteradas ediciones recibi\u00f3 menciones en Dibujo y Pintura en el Sal\u00f3n Regional de Artes Visuales Vendimia en Mendoza. Seleccionada intervenci\u00f3n sobre un bloque del Muro de Berl\u00edn 2024-Colecci\u00f3n Pampa. Trabaj\u00f3 como curadora en el Espacio Contempor\u00e1neo de Arte (ECA) Mendoza.<\/p>\n\n\n\n<div style=\"height:30px\" aria-hidden=\"true\" class=\"wp-block-spacer\"><\/div>\n","protected":false},"excerpt":{"rendered":"<p>La artista pl\u00e1stica mendocina, reconocida en todo el pa\u00eds y el exterior por su calidad&hellip;<\/p>\n","protected":false},"author":3,"featured_media":129460,"comment_status":"open","ping_status":"open","sticky":false,"template":"","format":"standard","meta":{"footnotes":""},"categories":[47],"tags":[],"class_list":["post-129451","post","type-post","status-publish","format-standard","has-post-thumbnail","hentry","category-agenda"],"_links":{"self":[{"href":"https:\/\/enolife.com.ar\/es\/wp-json\/wp\/v2\/posts\/129451","targetHints":{"allow":["GET"]}}],"collection":[{"href":"https:\/\/enolife.com.ar\/es\/wp-json\/wp\/v2\/posts"}],"about":[{"href":"https:\/\/enolife.com.ar\/es\/wp-json\/wp\/v2\/types\/post"}],"author":[{"embeddable":true,"href":"https:\/\/enolife.com.ar\/es\/wp-json\/wp\/v2\/users\/3"}],"replies":[{"embeddable":true,"href":"https:\/\/enolife.com.ar\/es\/wp-json\/wp\/v2\/comments?post=129451"}],"version-history":[{"count":0,"href":"https:\/\/enolife.com.ar\/es\/wp-json\/wp\/v2\/posts\/129451\/revisions"}],"wp:featuredmedia":[{"embeddable":true,"href":"https:\/\/enolife.com.ar\/es\/wp-json\/wp\/v2\/media\/129460"}],"wp:attachment":[{"href":"https:\/\/enolife.com.ar\/es\/wp-json\/wp\/v2\/media?parent=129451"}],"wp:term":[{"taxonomy":"category","embeddable":true,"href":"https:\/\/enolife.com.ar\/es\/wp-json\/wp\/v2\/categories?post=129451"},{"taxonomy":"post_tag","embeddable":true,"href":"https:\/\/enolife.com.ar\/es\/wp-json\/wp\/v2\/tags?post=129451"}],"curies":[{"name":"wp","href":"https:\/\/api.w.org\/{rel}","templated":true}]}}