{"id":129425,"date":"2024-11-17T20:19:25","date_gmt":"2024-11-17T20:19:25","guid":{"rendered":"https:\/\/enolife.com.ar\/es\/?p=129425"},"modified":"2024-11-19T00:48:04","modified_gmt":"2024-11-19T00:48:04","slug":"la-familia-de-ciencias-agrarias-uncuyo-despide-el-ano-a-pura-musica-sorteos-y-catering-el-29-11","status":"publish","type":"post","link":"https:\/\/enolife.com.ar\/es\/la-familia-de-ciencias-agrarias-uncuyo-despide-el-ano-a-pura-musica-sorteos-y-catering-el-29-11\/","title":{"rendered":"La familia de Ciencias Agrarias UNCuyo despide el a\u00f1o a pura m\u00fasica, sorteos y c\u00e1tering el 29\/11"},"content":{"rendered":"\n<h4 class=\"wp-block-heading\"><em><strong>El viernes 29 de noviembre a las 20 horas, los jardines de la Facultad de Ciencias Agrarias (FCA) de la Universidad Nacional de Cuyo (UNCuyo) se convertir\u00e1n en el escenario de un encuentro especial al atardecer que reunir\u00e1 a todo el personal, empresas e instituciones que colaboran con la Facultad. El plan es disfrutar de m\u00fasica, sorteos, catering y bebidas, con el prop\u00f3sito de despedir el a\u00f1o y pasarla bien. La venta de entradas estar\u00e1 disponible hasta el jueves 28 de noviembre a las 12.30 horas. <\/strong><\/em><\/h4>\n\n\n\n<div style=\"height:35px\" aria-hidden=\"true\" class=\"wp-block-spacer\"><\/div>\n\n\n\n\n\n<div style=\"height:47px\" aria-hidden=\"true\" class=\"wp-block-spacer\"><\/div>\n\n\n<div class=\"wp-block-image\">\n<figure class=\"alignleft size-full is-resized\"><a href=\"https:\/\/enolife.com.ar\/es\/wp-content\/uploads\/2024\/11\/c4f2ad5ed04f7d90024b3ed0a77f295c_546_966.png\" data-rel=\"penci-gallery-image-content\" ><img loading=\"lazy\" decoding=\"async\" src=\"https:\/\/enolife.com.ar\/es\/wp-content\/uploads\/2024\/11\/c4f2ad5ed04f7d90024b3ed0a77f295c_546_966.png\" alt=\"\" class=\"wp-image-129427\" width=\"314\" height=\"238\" srcset=\"https:\/\/enolife.com.ar\/es\/wp-content\/uploads\/2024\/11\/c4f2ad5ed04f7d90024b3ed0a77f295c_546_966.png 529w, https:\/\/enolife.com.ar\/es\/wp-content\/uploads\/2024\/11\/c4f2ad5ed04f7d90024b3ed0a77f295c_546_966-300x227.png 300w\" sizes=\"auto, (max-width: 314px) 100vw, 314px\" \/><\/a><\/figure><\/div>\n\n\n<p>Los organizadores del encuentro invitan a todos los docentes&nbsp;de los distintos Departamentos de la Facultad, al&nbsp;personal de Apoyo Acad\u00e9mico&nbsp;y a las&nbsp;empresas e Instituciones&nbsp;que trabajan con la casa de estudios, para celebrar todos juntos el cierre de este 2024.<\/p>\n\n\n\n<p>El encuentro tendr\u00e1 lugar el&nbsp;<strong>viernes 29 de noviembre a las 20 horas<\/strong>&nbsp;en los jardines de la Facultad, en Luj\u00e1n de Cuyo, donde se celebrar\u00e1 la finalizaci\u00f3n de un a\u00f1o de intenso trabajo.&nbsp;<\/p>\n\n\n\n<p>Ser\u00e1 tambi\u00e9n una ocasi\u00f3n para reconocer a quienes cumplen&nbsp;30 a\u00f1os de servicio en la Universidad, as\u00ed como a los nuevos&nbsp;\u00ab\u00bbjubilados\u00bb&nbsp;de este a\u00f1o que concluyen su ciclo laboral.<\/p>\n\n\n\n<div style=\"height:35px\" aria-hidden=\"true\" class=\"wp-block-spacer\"><\/div>\n\n\n\n<p class=\"has-medium-font-size\"><strong>Reconocimiento por los 30 A\u00f1os de servicio en la UNCuyo<\/strong><\/p>\n\n\n\n<ul class=\"wp-block-list\">\n<li>ALTURRIA, Laura Viviana (C\u00e1tedra de Administraci\u00f3n Rural)<\/li>\n\n\n\n<li>STOCCO, Alicia Nilda (C\u00e1tedra de Qu\u00edmica Anal\u00edtica)<\/li>\n<\/ul>\n\n\n\n<div style=\"height:17px\" aria-hidden=\"true\" class=\"wp-block-spacer\"><\/div>\n\n\n\n<p class=\"has-medium-font-size\"><strong>Reconocimiento a los jubilados 2024<\/strong><\/p>\n\n\n\n<ul class=\"wp-block-list\">\n<li>ARANITI, Elena Ver\u00f3nica (C\u00e1tedra de Industrias Agrarias)<\/li>\n\n\n\n<li>CERESA, Alejandro Mario (C\u00e1tedra de Administraci\u00f3n Rural)<\/li>\n\n\n\n<li>DIAZ, Oscar Eduardo (Servicios Generales)<\/li>\n\n\n\n<li>FRATTE, Jos\u00e9 Daniel (Direcci\u00f3n Alumnos)<\/li>\n\n\n\n<li>HOLGADO, Miriam Gladys (C\u00e1tedra de Zoolog\u00eda Agr\u00edcola)<\/li>\n\n\n\n<li>JURICICH, Juan Marcos (C\u00e1tedra de Zootecnia y Granja)&nbsp;<\/li>\n\n\n\n<li>LOPEZ, Liliana Laura (Recursos Humanos)<\/li>\n\n\n\n<li>MARIN,&nbsp; Mar\u00eda Susana (C\u00e1tedra de Zoolog\u00eda Agr\u00edcola)<\/li>\n\n\n\n<li>NAVARRO, Armando Jos\u00e9 (C\u00e1tedra de Qu\u00edmica General e Inorg\u00e1nica)<\/li>\n\n\n\n<li>PICCOLI, Patricia Noem\u00ed (Catedra de Qu\u00edmica Org\u00e1nica y Biol\u00f3gica)<\/li>\n\n\n\n<li>RAIMONDO, Emilia Elizabeth (C\u00e1tedra de Industrias Agrarias)<\/li>\n\n\n\n<li>RODRIGUEZ, Jos\u00e9 Guillermo (C\u00e1tedra de Viticultura)<\/li>\n\n\n\n<li>VENTRERA, Nancy Beatr\u00edz (C\u00e1tedra de Bromatolog\u00eda)<\/li>\n\n\n\n<li>ZABALA, Juan Carlos (Parcela de Zootecnia y Granja)<\/li>\n\n\n\n<li>ZULUAGA, Jos\u00e9 Mar\u00eda (C\u00e1tedra de Hidrolog\u00eda Agr\u00edcola)<\/li>\n<\/ul>\n\n\n\n<div style=\"height:27px\" aria-hidden=\"true\" class=\"wp-block-spacer\"><\/div>\n\n\n\n<p class=\"has-background\" style=\"background-color:#abb7c254\"><strong>La entrada<\/strong> incluye un catering de primera calidad. Tambi\u00e9n habr\u00e1 bebidas sin alcohol, cerveza, vinos y espumantes de la misma Facultad de Ciencias Agrarias. Un DJ animar\u00e1 la fiesta, que tendr\u00e1 tambi\u00e9n sorteos especiales con sorpresas.<\/p>\n\n\n\n<div style=\"height:30px\" aria-hidden=\"true\" class=\"wp-block-spacer\"><\/div>\n\n\n\n<p class=\"has-medium-font-size\"><strong>Men\u00fa<\/strong><\/p>\n\n\n\n<p><strong>Tradicional<\/strong>:<br>-Pan de campo con jam\u00f3n crudo, r\u00facula y oliva<br>-Pancitos lactreaos con pollo a la mostaza<br>-Empanadas vegetarianas<br>-S\u00e1nguches de pernil con salsas<br>-Shot de flan con dulce de leche y crema chantilly<\/p>\n\n\n\n<div style=\"height:20px\" aria-hidden=\"true\" class=\"wp-block-spacer\"><\/div>\n\n\n\n<p><strong>Vegetariano:<\/strong><br>-Brioches de palta, queso y tomates confitados<br>-Verduras asadas al aceite de oliva con especias<br>-Ensalada de verdes con cherry, escamas de parmesano y orejones de durazno<br>-Shot de flan con dulce leche y crema chantilly<\/p>\n\n\n\n<div style=\"height:20px\" aria-hidden=\"true\" class=\"wp-block-spacer\"><\/div>\n\n\n\n<p><strong>En la trasnoche:<\/strong><br>-Mini Petit (variedad frutal, lemon pie, cabsha, banana split, rogel y brownie)<br>-Pizzetas<\/p>\n\n\n\n<div style=\"height:15px\" aria-hidden=\"true\" class=\"wp-block-spacer\"><\/div>\n\n\n\n<p><strong>Las entradas tienen un costo de\u00a0$20.000 por persona.<\/strong>\u00a0Podr\u00e1n adquirirse desde\u00a0el martes 19 hasta el jueves 28 de noviembre de 2024 (hasta las 12.30 horas). Se pueden abonar por\u00a0transferencbancaria\u00a0con el\u00a0alias <strong>fcauncuyopesos<\/strong>, enviando el comprobante de pago, al correo electr\u00f3nico de la\u00a0Secretar\u00eda de Asuntos Estudiantiles y Bienestar de la Comunidad:\u00a0<a href=\"mailto:aestudiantiles@fca.uncu.edu.ar\"><strong>aestudiantiles@fca.uncu.edu.ar<\/strong><\/a>, indicando\u00a0nombre y apellido,\u00a0cantidad de tarjetas y tipo de men\u00fa\u00a0(tradicional, vegetariano o cel\u00edaco).<\/p>\n\n\n\n<p>Una vez que la Secretar\u00eda&nbsp;confirme el pago, podr\u00e1n retirar los precintos en la oficina de la&nbsp;Sra. Susana Savina&nbsp;(1\u00b0 Piso, frente a&nbsp;Decanato),&nbsp;de lunes a viernes de 9&nbsp;a 14&nbsp;horas. Si el pago lo realizan&nbsp;s\u00f3lo en efectivo, tambi\u00e9n podr\u00e1n adquirirse&nbsp;en la misma oficina.&nbsp;<\/p>\n\n\n\n<div style=\"height:39px\" aria-hidden=\"true\" class=\"wp-block-spacer\"><\/div>\n","protected":false},"excerpt":{"rendered":"<p>El viernes 29 de noviembre a las 20 horas, los jardines de la Facultad de&hellip;<\/p>\n","protected":false},"author":3,"featured_media":129429,"comment_status":"open","ping_status":"open","sticky":false,"template":"","format":"standard","meta":{"footnotes":""},"categories":[47],"tags":[],"class_list":["post-129425","post","type-post","status-publish","format-standard","has-post-thumbnail","hentry","category-agenda"],"_links":{"self":[{"href":"https:\/\/enolife.com.ar\/es\/wp-json\/wp\/v2\/posts\/129425","targetHints":{"allow":["GET"]}}],"collection":[{"href":"https:\/\/enolife.com.ar\/es\/wp-json\/wp\/v2\/posts"}],"about":[{"href":"https:\/\/enolife.com.ar\/es\/wp-json\/wp\/v2\/types\/post"}],"author":[{"embeddable":true,"href":"https:\/\/enolife.com.ar\/es\/wp-json\/wp\/v2\/users\/3"}],"replies":[{"embeddable":true,"href":"https:\/\/enolife.com.ar\/es\/wp-json\/wp\/v2\/comments?post=129425"}],"version-history":[{"count":0,"href":"https:\/\/enolife.com.ar\/es\/wp-json\/wp\/v2\/posts\/129425\/revisions"}],"wp:featuredmedia":[{"embeddable":true,"href":"https:\/\/enolife.com.ar\/es\/wp-json\/wp\/v2\/media\/129429"}],"wp:attachment":[{"href":"https:\/\/enolife.com.ar\/es\/wp-json\/wp\/v2\/media?parent=129425"}],"wp:term":[{"taxonomy":"category","embeddable":true,"href":"https:\/\/enolife.com.ar\/es\/wp-json\/wp\/v2\/categories?post=129425"},{"taxonomy":"post_tag","embeddable":true,"href":"https:\/\/enolife.com.ar\/es\/wp-json\/wp\/v2\/tags?post=129425"}],"curies":[{"name":"wp","href":"https:\/\/api.w.org\/{rel}","templated":true}]}}