{"id":129362,"date":"2024-11-15T21:45:43","date_gmt":"2024-11-15T21:45:43","guid":{"rendered":"https:\/\/enolife.com.ar\/es\/?p=129362"},"modified":"2024-11-16T20:23:31","modified_gmt":"2024-11-16T20:23:31","slug":"el-consulado-de-italia-en-mendoza-invita-a-conocer-las-raices-italianas-del-vino-argentino","status":"publish","type":"post","link":"https:\/\/enolife.com.ar\/es\/el-consulado-de-italia-en-mendoza-invita-a-conocer-las-raices-italianas-del-vino-argentino\/","title":{"rendered":"El Consulado de Italia en Mendoza invita a conocer las ra\u00edces italianas del vino argentino"},"content":{"rendered":"\n<h4 class=\"wp-block-heading\"><em><strong>El 19 de noviembre de 2024, de 19 a 20.30 hs, en la Sala Roja de la Nave Universitaria del Parque Central de la capital de Mendoza, se realizar\u00e1 la conferencia \u00abItaliArgentina: Las ra\u00edces del vino, nuestras ra\u00edces\u00bb, organizada por el Consulado General de Italia en Mendoza, con entrada libre y gratuita. Se presentar\u00e1 el libro \u00abTras las huellas de Italia en Am\u00e9rica\u00bb, de Julieta Gargiulo. Y Roberto Cipresso -en\u00f3logo y reconocido escritor italiano- disertar\u00e1 sobre las ra\u00edces de la vitivinicultura en la regi\u00f3n de Cuyo y su relaci\u00f3n con Italia.<\/strong><\/em><\/h4>\n\n\n\n<div style=\"height:35px\" aria-hidden=\"true\" class=\"wp-block-spacer\"><\/div>\n\n\n<a href=\"https:\/\/www.parsecsrl.net\/es\/extraccion-selectiva-tintos\/\" aria-label=\"banner1700x500-rev-9\"><img loading=\"lazy\" decoding=\"async\" src=\"https:\/\/enolife.com.ar\/es\/wp-content\/uploads\/2022\/04\/banner1700x500-rev-9.gif\" alt=\"\"  width=\"1700\" height=\"500\"   \/><\/a>\n\n\n<div style=\"height:45px\" aria-hidden=\"true\" class=\"wp-block-spacer\"><\/div>\n\n\n<div class=\"wp-block-image\">\n<figure class=\"alignleft size-full is-resized\"><a href=\"https:\/\/enolife.com.ar\/es\/wp-content\/uploads\/2024\/11\/image004.jpg\" data-rel=\"penci-gallery-image-content\" ><img loading=\"lazy\" decoding=\"async\" src=\"https:\/\/enolife.com.ar\/es\/wp-content\/uploads\/2024\/11\/image004.jpg\" alt=\"\" class=\"wp-image-129380\" width=\"306\" height=\"306\" srcset=\"https:\/\/enolife.com.ar\/es\/wp-content\/uploads\/2024\/11\/image004.jpg 400w, https:\/\/enolife.com.ar\/es\/wp-content\/uploads\/2024\/11\/image004-300x300.jpg 300w, https:\/\/enolife.com.ar\/es\/wp-content\/uploads\/2024\/11\/image004-150x150.jpg 150w\" sizes=\"auto, (max-width: 306px) 100vw, 306px\" \/><\/a><\/figure><\/div>\n\n\n<p>Con la finalidad de celebrar las ra\u00edces italianas del vino y la tradici\u00f3n vitivin\u00edcola en Argentina, el Consulado General de Italia en Mendoza organiz\u00f3 una conferencia con entrada libre y gratuita el <strong>19\/11\/24 de 19 a 20.30 horas<\/strong>. La actividad que se realizar\u00e1 bajo el t\u00edtulo <strong>\u00abItaliArgentina: Las ra\u00edces del vino, nuestras ra\u00edces\u00bb<\/strong>, se desarrollar\u00e1 en la <strong>Sala Roja de la Nave Universitaria UNCuyo<\/strong>, de la ciudad de Mendoza.<strong><em><br>\u2063<\/em><\/strong><br>Durante el evento, el <strong>C\u00f3nsul General Giuseppe D&#8217;Agosto<\/strong> dar\u00e1 la bienvenida para dejar paso a la escritora mendocina especialista en temas de inmigraci\u00f3n, <strong>Julieta Gargiulo<\/strong>, quien presentar\u00e1 su libro <strong>\u00abTras las huellas de Italia en Am\u00e9rica\u201d<\/strong>. Una obra que ofrece una mirada profunda sobre las conexiones culturales e hist\u00f3ricas entre Italia y los pa\u00edses de Am\u00e9rica, especialmente aquellos que recibieron una gran ola de inmigrantes italianos en los siglos XIX y XX, como Argentina, Brasil, Estados Unidos y Uruguay. Una exploraci\u00f3n de c\u00f3mo las comunidades italianas han influido significativamente en las tradiciones, la gastronom\u00eda, el arte y hasta en las estructuras sociales de los pa\u00edses donde se asentaron. <\/p>\n\n\n\n<p>Adem\u00e1s, el reconocido <strong>en\u00f3logo y escritor italiano Roberto Cipresso<\/strong>, disertar\u00e1 sobre las ra\u00edces de la vitivinicultura en la regi\u00f3n y su relaci\u00f3n con Italia. Cipresso naci\u00f3 a 50 kil\u00f3metros de Venecia, estudi\u00f3 Agronom\u00eda en la Universidad de Padova y en el Instituto Agrario di San Michele all Adige, donde se especializ\u00f3 en enolog\u00eda. Es socio fundador de la bodega&nbsp;Achaval Ferrer, motivo por el cual se radica en Mendoza en cada vendimia desde 1999. Produjo <strong>dos vinos elaborados para los Papas Juan Pablo II y Francisco<\/strong>, un <strong>Cuv\u00e9e especial<\/strong> en el a\u00f1o 2000 y el vino <strong>\u201cAbraccio\u201d<\/strong> en 2018.<\/p>\n\n\n\n<p>Al finalizar las presentaciones, se llevar\u00e1 a cabo un&nbsp;<strong>vino de honor<\/strong>, donde se podr\u00e1 compartir un espacio de conversaci\u00f3n e intercambiar experiencias. Este evento es una excelente oportunidad para profundizar en las ra\u00edces culturales y vin\u00edcolas que nos unen, as\u00ed como para disfrutar de un espacio enriquecedor y ameno.<\/p>\n\n\n\n<div style=\"height:30px\" aria-hidden=\"true\" class=\"wp-block-spacer\"><\/div>\n","protected":false},"excerpt":{"rendered":"<p>El 19 de noviembre de 2024, de 19 a 20.30 hs, en la Sala Roja&hellip;<\/p>\n","protected":false},"author":3,"featured_media":129383,"comment_status":"open","ping_status":"open","sticky":false,"template":"","format":"standard","meta":{"footnotes":""},"categories":[47],"tags":[],"class_list":["post-129362","post","type-post","status-publish","format-standard","has-post-thumbnail","hentry","category-agenda"],"_links":{"self":[{"href":"https:\/\/enolife.com.ar\/es\/wp-json\/wp\/v2\/posts\/129362","targetHints":{"allow":["GET"]}}],"collection":[{"href":"https:\/\/enolife.com.ar\/es\/wp-json\/wp\/v2\/posts"}],"about":[{"href":"https:\/\/enolife.com.ar\/es\/wp-json\/wp\/v2\/types\/post"}],"author":[{"embeddable":true,"href":"https:\/\/enolife.com.ar\/es\/wp-json\/wp\/v2\/users\/3"}],"replies":[{"embeddable":true,"href":"https:\/\/enolife.com.ar\/es\/wp-json\/wp\/v2\/comments?post=129362"}],"version-history":[{"count":0,"href":"https:\/\/enolife.com.ar\/es\/wp-json\/wp\/v2\/posts\/129362\/revisions"}],"wp:featuredmedia":[{"embeddable":true,"href":"https:\/\/enolife.com.ar\/es\/wp-json\/wp\/v2\/media\/129383"}],"wp:attachment":[{"href":"https:\/\/enolife.com.ar\/es\/wp-json\/wp\/v2\/media?parent=129362"}],"wp:term":[{"taxonomy":"category","embeddable":true,"href":"https:\/\/enolife.com.ar\/es\/wp-json\/wp\/v2\/categories?post=129362"},{"taxonomy":"post_tag","embeddable":true,"href":"https:\/\/enolife.com.ar\/es\/wp-json\/wp\/v2\/tags?post=129362"}],"curies":[{"name":"wp","href":"https:\/\/api.w.org\/{rel}","templated":true}]}}