{"id":129155,"date":"2024-11-17T08:04:03","date_gmt":"2024-11-17T08:04:03","guid":{"rendered":"https:\/\/enolife.com.ar\/es\/?p=129155"},"modified":"2024-11-19T00:46:29","modified_gmt":"2024-11-19T00:46:29","slug":"con-el-torrontes-riojano-y-las-pasas-como-bandera-la-rioja-es-la-3-provincia-vitivinicola-de-argentina","status":"publish","type":"post","link":"https:\/\/enolife.com.ar\/es\/con-el-torrontes-riojano-y-las-pasas-como-bandera-la-rioja-es-la-3-provincia-vitivinicola-de-argentina\/","title":{"rendered":"Con el Torront\u00e9s Riojano y las pasas como bandera, La Rioja es la 3\u00b0 provincia vitivin\u00edcola de Argentina"},"content":{"rendered":"\n<h4 class=\"wp-block-heading\"><em><strong>La Rioja es la tercera provincia vitivin\u00edcola de Argentina, precedida por Mendoza y San Juan. Concentra el 3,6% del total de la superficie de vid y el 5% del total de vi\u00f1edos. Tiene 7.210 hect\u00e1reas (ha) implantadas de vid, distribuidas en 1.125 vi\u00f1edos, siendo Chilecito el departamento con mayor presencia vitivin\u00edcola. El tama\u00f1o medio del vi\u00f1edo en la provincia es de 6,4 ha, inferior a la media del pa\u00eds, que se ubica en 9 ha. En un informe recientemente elaborado y publicado por el Instituto Nacional de Vitivinicultura, que aqu\u00ed replicamos, se detallan todas las cifras actualizadas de cosecha, producci\u00f3n, ventas al mercado interno y exportaciones<\/strong>.<\/em><\/h4>\n\n\n\n<div style=\"height:35px\" aria-hidden=\"true\" class=\"wp-block-spacer\"><\/div>\n\n\n\n\n\n<div style=\"height:45px\" aria-hidden=\"true\" class=\"wp-block-spacer\"><\/div>\n\n\n\n<p><strong>La Rioja<\/strong> tiene diversificada su matriz productiva con superficie de uvas aptas para elaboraci\u00f3n de vino y mosto (82,1%) y uvas para elaborar pasas (16,6%). La tendencia indica que hay una disminuci\u00f3n en la superficie de variedades aptas para elaboraci\u00f3n y aumento de las uvas aptas para pasas. En los \u00faltimos 10 a\u00f1os, <strong>Flame Seedless<\/strong> y <strong>Fiesta<\/strong> (ambas aptas para pasas) son las dos variedades que m\u00e1s crecieron en superficie.<\/p>\n\n\n\n<p>La Rioja es la segunda provincia exportadora de pasa de uva, luego de San Juan, participando en el total pa\u00eds con el 8,6% y 9,3% en el volumen y valor FOB respectivamente. El precio medio por kilo de pasa de uva exportada es mayor al precio medio del total pa\u00eds.<\/p>\n\n\n\n<div style=\"height:35px\" aria-hidden=\"true\" class=\"wp-block-spacer\"><\/div>\n\n\n\n<p class=\"has-medium-font-size\"><strong>Superficie de vid<\/strong><\/p>\n\n\n\n<p>La provincia de La Rioja tiene una superficie de vid de<strong> 7.210 hect\u00e1reas<\/strong> distribuidas en <strong>8 departamentos<\/strong>. El de mayor superficie es Chilecito (76,7%), seguido por Coronel Felipe Varela (10,5%) y Famatina (6,5%). La Rioja ha disminuido su \u00e1rea cultivada un 3,2% (-239 ha) respecto al a\u00f1o 2015 (10 a\u00f1os), mientras que la superficie total pa\u00eds baj\u00f3 un 10,5% (-23.612 ha) en el mismo per\u00edodo. Se observa una recuperaci\u00f3n de la superficie cultivada en el \u00faltimo a\u00f1o, aumentando 30 ha el total de vid de la provincia. La evoluci\u00f3n de la superficie cultivada en los \u00faltimos 10 a\u00f1os indica una disminuci\u00f3n de superficie en Chilecito, mientras que el resto de los departamentos han crecido.<\/p>\n\n\n\n<div style=\"height:30px\" aria-hidden=\"true\" class=\"wp-block-spacer\"><\/div>\n\n\n<div class=\"wp-block-image\">\n<figure class=\"aligncenter size-full is-resized\"><a href=\"https:\/\/enolife.com.ar\/es\/wp-content\/uploads\/2024\/11\/image-41.png\" data-rel=\"penci-gallery-image-content\" ><img loading=\"lazy\" decoding=\"async\" src=\"https:\/\/enolife.com.ar\/es\/wp-content\/uploads\/2024\/11\/image-41.png\" alt=\"\" class=\"wp-image-129184\" width=\"678\" height=\"370\" srcset=\"https:\/\/enolife.com.ar\/es\/wp-content\/uploads\/2024\/11\/image-41.png 1012w, https:\/\/enolife.com.ar\/es\/wp-content\/uploads\/2024\/11\/image-41-300x164.png 300w, https:\/\/enolife.com.ar\/es\/wp-content\/uploads\/2024\/11\/image-41-768x419.png 768w, https:\/\/enolife.com.ar\/es\/wp-content\/uploads\/2024\/11\/image-41-585x319.png 585w\" sizes=\"auto, (max-width: 678px) 100vw, 678px\" \/><\/a><\/figure><\/div>\n\n\n<div style=\"height:10px\" aria-hidden=\"true\" class=\"wp-block-spacer\"><\/div>\n\n\n\n<figure class=\"wp-block-gallery aligncenter has-nested-images columns-default is-cropped wp-block-gallery-1 is-layout-flex wp-block-gallery-is-layout-flex\">\n<figure class=\"wp-block-image size-full\"><a href=\"https:\/\/enolife.com.ar\/es\/wp-content\/uploads\/2024\/11\/image-42.png\" data-rel=\"penci-gallery-image-content\" ><img loading=\"lazy\" decoding=\"async\" width=\"754\" height=\"465\" data-id=\"129185\" src=\"https:\/\/enolife.com.ar\/es\/wp-content\/uploads\/2024\/11\/image-42.png\" alt=\"\" class=\"wp-image-129185\" srcset=\"https:\/\/enolife.com.ar\/es\/wp-content\/uploads\/2024\/11\/image-42.png 754w, https:\/\/enolife.com.ar\/es\/wp-content\/uploads\/2024\/11\/image-42-300x185.png 300w, https:\/\/enolife.com.ar\/es\/wp-content\/uploads\/2024\/11\/image-42-585x361.png 585w\" sizes=\"auto, (max-width: 754px) 100vw, 754px\" \/><\/a><\/figure>\n\n\n\n<figure class=\"wp-block-image size-full\"><a href=\"https:\/\/enolife.com.ar\/es\/wp-content\/uploads\/2024\/11\/image-43.png\" data-rel=\"penci-gallery-image-content\" ><img loading=\"lazy\" decoding=\"async\" width=\"728\" height=\"462\" data-id=\"129186\" src=\"https:\/\/enolife.com.ar\/es\/wp-content\/uploads\/2024\/11\/image-43.png\" alt=\"\" class=\"wp-image-129186\" srcset=\"https:\/\/enolife.com.ar\/es\/wp-content\/uploads\/2024\/11\/image-43.png 728w, https:\/\/enolife.com.ar\/es\/wp-content\/uploads\/2024\/11\/image-43-300x190.png 300w, https:\/\/enolife.com.ar\/es\/wp-content\/uploads\/2024\/11\/image-43-585x371.png 585w\" sizes=\"auto, (max-width: 728px) 100vw, 728px\" \/><\/a><\/figure>\n<\/figure>\n\n\n\n<div style=\"height:35px\" aria-hidden=\"true\" class=\"wp-block-spacer\"><\/div>\n\n\n\n<p class=\"has-medium-font-size\"><strong>Cantidad y tama\u00f1o de vi\u00f1edos<\/strong><\/p>\n\n\n\n<p>Las 7.210 ha cultivadas de vid en La Rioja se encuentran distribuidas en <strong>1.125 vi\u00f1edos<\/strong>. El <strong>tama\u00f1o medio de vi\u00f1edo (tmv)<\/strong> de la provincia es de 6,4 ha, por debajo del <strong>tmv<\/strong> pa\u00eds que es de 9 ha. Hay disparidad de tmv entre las distintas localidades. El departamento Castro Barros es el que posee el tmv mayor (17,1 h), seguido por Chilecito y San Blas de los Sauces (tmv 12 ha).<\/p>\n\n\n\n<div style=\"height:30px\" aria-hidden=\"true\" class=\"wp-block-spacer\"><\/div>\n\n\n<div class=\"wp-block-image\">\n<figure class=\"aligncenter size-full is-resized\"><a href=\"https:\/\/enolife.com.ar\/es\/wp-content\/uploads\/2024\/11\/image-44.png\" data-rel=\"penci-gallery-image-content\" ><img loading=\"lazy\" decoding=\"async\" src=\"https:\/\/enolife.com.ar\/es\/wp-content\/uploads\/2024\/11\/image-44.png\" alt=\"\" class=\"wp-image-129188\" width=\"620\" height=\"295\" srcset=\"https:\/\/enolife.com.ar\/es\/wp-content\/uploads\/2024\/11\/image-44.png 967w, https:\/\/enolife.com.ar\/es\/wp-content\/uploads\/2024\/11\/image-44-300x143.png 300w, https:\/\/enolife.com.ar\/es\/wp-content\/uploads\/2024\/11\/image-44-768x366.png 768w, https:\/\/enolife.com.ar\/es\/wp-content\/uploads\/2024\/11\/image-44-585x279.png 585w\" sizes=\"auto, (max-width: 620px) 100vw, 620px\" \/><\/a><\/figure><\/div>\n\n\n<div style=\"height:10px\" aria-hidden=\"true\" class=\"wp-block-spacer\"><\/div>\n\n\n<div class=\"wp-block-image\">\n<figure class=\"aligncenter size-full is-resized\"><a href=\"https:\/\/enolife.com.ar\/es\/wp-content\/uploads\/2024\/11\/image-45.png\" data-rel=\"penci-gallery-image-content\" ><img loading=\"lazy\" decoding=\"async\" src=\"https:\/\/enolife.com.ar\/es\/wp-content\/uploads\/2024\/11\/image-45.png\" alt=\"\" class=\"wp-image-129190\" width=\"465\" height=\"327\" srcset=\"https:\/\/enolife.com.ar\/es\/wp-content\/uploads\/2024\/11\/image-45.png 654w, https:\/\/enolife.com.ar\/es\/wp-content\/uploads\/2024\/11\/image-45-300x211.png 300w, https:\/\/enolife.com.ar\/es\/wp-content\/uploads\/2024\/11\/image-45-585x411.png 585w\" sizes=\"auto, (max-width: 465px) 100vw, 465px\" \/><\/a><\/figure><\/div>\n\n\n<div style=\"height:35px\" aria-hidden=\"true\" class=\"wp-block-spacer\"><\/div>\n\n\n\n<p class=\"has-medium-font-size\"><strong>Aptitud y color de la uva<\/strong><\/p>\n\n\n\n<p>La Rioja tiene en su matriz vit\u00edcola el 82,1% de la superficie con variedades aptas para elaboraci\u00f3n, y de ellas, el 88,3% son de alto valor enol\u00f3gico (s\/Res INV 30\/24). Entre las variedades aptas para elaboraci\u00f3n, se registra un 55,4% de uvas tintas, 36,4% blancas y 8,2% rosadas. En el segmento de variedades aptas para pasas que concentra el 16,6% de la superficie total de la provincia, predominan las variedades blancas con el 64,2%, seguida por las rosadas con el restante 35,8%. Dentro de las variedades con aptitud para consumo en fresco (1,3% del total) predominan las blancas (48,8%), luego las rosadas (38,4%) y por \u00faltimo las tintas (12,9%).<\/p>\n\n\n\n<p>En la \u00faltima d\u00e9cada se registra disminuci\u00f3n en las uvas aptas para elaboraci\u00f3n en los tres colores, mientras que las variedades aptas para pasas, tanto blancas como rosadas crecieron. En el \u00faltimo a\u00f1o respecto a 2023 se observa un aumento de superficie de tintas aptas para elaborar y contin\u00faa el crecimiento de las variedades aptas para pasas.<\/p>\n\n\n\n<div style=\"height:30px\" aria-hidden=\"true\" class=\"wp-block-spacer\"><\/div>\n\n\n<div class=\"wp-block-image\">\n<figure class=\"aligncenter size-full is-resized\"><a href=\"https:\/\/enolife.com.ar\/es\/wp-content\/uploads\/2024\/11\/image-46.png\" data-rel=\"penci-gallery-image-content\" ><img loading=\"lazy\" decoding=\"async\" src=\"https:\/\/enolife.com.ar\/es\/wp-content\/uploads\/2024\/11\/image-46.png\" alt=\"\" class=\"wp-image-129191\" width=\"559\" height=\"283\" srcset=\"https:\/\/enolife.com.ar\/es\/wp-content\/uploads\/2024\/11\/image-46.png 1005w, https:\/\/enolife.com.ar\/es\/wp-content\/uploads\/2024\/11\/image-46-300x152.png 300w, https:\/\/enolife.com.ar\/es\/wp-content\/uploads\/2024\/11\/image-46-768x389.png 768w, https:\/\/enolife.com.ar\/es\/wp-content\/uploads\/2024\/11\/image-46-585x296.png 585w\" sizes=\"auto, (max-width: 559px) 100vw, 559px\" \/><\/a><\/figure><\/div>\n\n\n<div style=\"height:10px\" aria-hidden=\"true\" class=\"wp-block-spacer\"><\/div>\n\n\n<div class=\"wp-block-image\">\n<figure class=\"aligncenter size-full is-resized\"><a href=\"https:\/\/enolife.com.ar\/es\/wp-content\/uploads\/2024\/11\/image-47.png\" data-rel=\"penci-gallery-image-content\" ><img loading=\"lazy\" decoding=\"async\" src=\"https:\/\/enolife.com.ar\/es\/wp-content\/uploads\/2024\/11\/image-47.png\" alt=\"\" class=\"wp-image-129192\" width=\"541\" height=\"292\" srcset=\"https:\/\/enolife.com.ar\/es\/wp-content\/uploads\/2024\/11\/image-47.png 721w, https:\/\/enolife.com.ar\/es\/wp-content\/uploads\/2024\/11\/image-47-300x162.png 300w, https:\/\/enolife.com.ar\/es\/wp-content\/uploads\/2024\/11\/image-47-585x316.png 585w\" sizes=\"auto, (max-width: 541px) 100vw, 541px\" \/><\/a><\/figure><\/div>\n\n\n<div style=\"height:10px\" aria-hidden=\"true\" class=\"wp-block-spacer\"><\/div>\n\n\n<div class=\"wp-block-image\">\n<figure class=\"aligncenter size-full is-resized\"><a href=\"https:\/\/enolife.com.ar\/es\/wp-content\/uploads\/2024\/11\/image-48.png\" data-rel=\"penci-gallery-image-content\" ><img loading=\"lazy\" decoding=\"async\" src=\"https:\/\/enolife.com.ar\/es\/wp-content\/uploads\/2024\/11\/image-48.png\" alt=\"\" class=\"wp-image-129193\" width=\"345\" height=\"236\" srcset=\"https:\/\/enolife.com.ar\/es\/wp-content\/uploads\/2024\/11\/image-48.png 548w, https:\/\/enolife.com.ar\/es\/wp-content\/uploads\/2024\/11\/image-48-300x205.png 300w\" sizes=\"auto, (max-width: 345px) 100vw, 345px\" \/><\/a><\/figure><\/div>\n\n\n<div style=\"height:10px\" aria-hidden=\"true\" class=\"wp-block-spacer\"><\/div>\n\n\n<div class=\"wp-block-image\">\n<figure class=\"aligncenter size-full is-resized\"><a href=\"https:\/\/enolife.com.ar\/es\/wp-content\/uploads\/2024\/11\/image-49.png\" data-rel=\"penci-gallery-image-content\" ><img loading=\"lazy\" decoding=\"async\" src=\"https:\/\/enolife.com.ar\/es\/wp-content\/uploads\/2024\/11\/image-49.png\" alt=\"\" class=\"wp-image-129194\" width=\"668\" height=\"336\" srcset=\"https:\/\/enolife.com.ar\/es\/wp-content\/uploads\/2024\/11\/image-49.png 885w, https:\/\/enolife.com.ar\/es\/wp-content\/uploads\/2024\/11\/image-49-300x151.png 300w, https:\/\/enolife.com.ar\/es\/wp-content\/uploads\/2024\/11\/image-49-768x386.png 768w, https:\/\/enolife.com.ar\/es\/wp-content\/uploads\/2024\/11\/image-49-585x294.png 585w\" sizes=\"auto, (max-width: 668px) 100vw, 668px\" \/><\/a><\/figure><\/div>\n\n\n<div style=\"height:35px\" aria-hidden=\"true\" class=\"wp-block-spacer\"><\/div>\n\n\n\n<p class=\"has-medium-font-size\"><strong>A\u00f1o de plantaci\u00f3n<\/strong><\/p>\n\n\n\n<p>El 46,8% de la superficie actual de la provincia de La Rioja ha sido implantada luego del a\u00f1o 2000, de las cuales el 70% son variedades aptas para elaboraci\u00f3n, 28% para pasas y 2% para consumo en fresco.<br>De las plantaciones realizadas luego del a\u00f1o 2000, el 75% se implantaron en Chilecito, el 10% en Famatina y el resto en los otros departamentos.<\/p>\n\n\n\n<div style=\"height:30px\" aria-hidden=\"true\" class=\"wp-block-spacer\"><\/div>\n\n\n<div class=\"wp-block-image\">\n<figure class=\"aligncenter size-full is-resized\"><a href=\"https:\/\/enolife.com.ar\/es\/wp-content\/uploads\/2024\/11\/image-77.png\" data-rel=\"penci-gallery-image-content\" ><img loading=\"lazy\" decoding=\"async\" src=\"https:\/\/enolife.com.ar\/es\/wp-content\/uploads\/2024\/11\/image-77.png\" alt=\"\" class=\"wp-image-129230\" width=\"766\" height=\"210\" srcset=\"https:\/\/enolife.com.ar\/es\/wp-content\/uploads\/2024\/11\/image-77.png 1018w, https:\/\/enolife.com.ar\/es\/wp-content\/uploads\/2024\/11\/image-77-300x82.png 300w, https:\/\/enolife.com.ar\/es\/wp-content\/uploads\/2024\/11\/image-77-768x210.png 768w, https:\/\/enolife.com.ar\/es\/wp-content\/uploads\/2024\/11\/image-77-585x160.png 585w\" sizes=\"auto, (max-width: 766px) 100vw, 766px\" \/><\/a><\/figure><\/div>\n\n\n<div style=\"height:10px\" aria-hidden=\"true\" class=\"wp-block-spacer\"><\/div>\n\n\n<div class=\"wp-block-image\">\n<figure class=\"aligncenter size-full is-resized\"><a href=\"https:\/\/enolife.com.ar\/es\/wp-content\/uploads\/2024\/11\/image-50.png\" data-rel=\"penci-gallery-image-content\" ><img loading=\"lazy\" decoding=\"async\" src=\"https:\/\/enolife.com.ar\/es\/wp-content\/uploads\/2024\/11\/image-50.png\" alt=\"\" class=\"wp-image-129195\" width=\"308\" height=\"322\" srcset=\"https:\/\/enolife.com.ar\/es\/wp-content\/uploads\/2024\/11\/image-50.png 424w, https:\/\/enolife.com.ar\/es\/wp-content\/uploads\/2024\/11\/image-50-287x300.png 287w\" sizes=\"auto, (max-width: 308px) 100vw, 308px\" \/><\/a><\/figure><\/div>\n\n\n<div style=\"height:35px\" aria-hidden=\"true\" class=\"wp-block-spacer\"><\/div>\n\n\n\n<p class=\"has-medium-font-size\"><strong>Variedades<\/strong><\/p>\n\n\n\n<p>En el a\u00f1o 2024 La Rioja registra implantadas un total de <strong>64 variedades<\/strong>, de las 174 que hay en el pa\u00eds. Las variedades con mayor superficie cultivada en esta provincia son <strong>Torront\u00e9s Riojano (24,6%)<\/strong>, <strong>Malbec (12,9%)<\/strong> y <strong>Cabernet Sauvignon (8,6%)<\/strong>. Al analizar la evoluci\u00f3n de las hect\u00e1reas cultivadas en el per\u00edodo 2015-2024 (10 a\u00f1os), se observa que las variedades que m\u00e1s aumentaron son aptas para pasas: Flame Seedless (+264 ha) y Fiesta (+245 ha). En tercer lugar se encuentra Malbec (+219 ha). Las variedades que m\u00e1s disminuyeron respecto al a\u00f1o 2015 fueron Torront\u00e9s Riojano (-391 ha), Cabernet Sauvignon (-151 ha) y Syrah (-119 ha).<\/p>\n\n\n\n<div style=\"height:30px\" aria-hidden=\"true\" class=\"wp-block-spacer\"><\/div>\n\n\n\n<figure class=\"wp-block-gallery aligncenter has-nested-images columns-default is-cropped wp-block-gallery-2 is-layout-flex wp-block-gallery-is-layout-flex\">\n<figure class=\"wp-block-image size-full\"><a href=\"https:\/\/enolife.com.ar\/es\/wp-content\/uploads\/2024\/11\/image-51.png\" data-rel=\"penci-gallery-image-content\" ><img loading=\"lazy\" decoding=\"async\" width=\"563\" height=\"582\" data-id=\"129196\" src=\"https:\/\/enolife.com.ar\/es\/wp-content\/uploads\/2024\/11\/image-51.png\" alt=\"\" class=\"wp-image-129196\" srcset=\"https:\/\/enolife.com.ar\/es\/wp-content\/uploads\/2024\/11\/image-51.png 563w, https:\/\/enolife.com.ar\/es\/wp-content\/uploads\/2024\/11\/image-51-290x300.png 290w\" sizes=\"auto, (max-width: 563px) 100vw, 563px\" \/><\/a><\/figure>\n\n\n\n<figure class=\"wp-block-image size-full\"><a href=\"https:\/\/enolife.com.ar\/es\/wp-content\/uploads\/2024\/11\/image-52.png\" data-rel=\"penci-gallery-image-content\" ><img loading=\"lazy\" decoding=\"async\" width=\"653\" height=\"464\" data-id=\"129197\" src=\"https:\/\/enolife.com.ar\/es\/wp-content\/uploads\/2024\/11\/image-52.png\" alt=\"\" class=\"wp-image-129197\" srcset=\"https:\/\/enolife.com.ar\/es\/wp-content\/uploads\/2024\/11\/image-52.png 653w, https:\/\/enolife.com.ar\/es\/wp-content\/uploads\/2024\/11\/image-52-300x213.png 300w, https:\/\/enolife.com.ar\/es\/wp-content\/uploads\/2024\/11\/image-52-585x416.png 585w\" sizes=\"auto, (max-width: 653px) 100vw, 653px\" \/><\/a><\/figure>\n<\/figure>\n\n\n\n<div style=\"height:35px\" aria-hidden=\"true\" class=\"wp-block-spacer\"><\/div>\n\n\n\n<p class=\"has-medium-font-size\"><strong>Producci\u00f3n de uva<\/strong><\/p>\n\n\n\n<p>En el a\u00f1o 2024, la cosecha de uva de La Rioja fue de <strong>648.967 quintales<\/strong>, de los cuales el 85,3% corresponde al departamento de Chilecito. Con respecto al a\u00f1o 2023, la producci\u00f3n de la provincia <strong>aument\u00f3 un 6,9%<\/strong>, mientras que el aumento del total pa\u00eds fue de 31,9%. Si se tiene en cuenta el per\u00edodo 2015-2024 (10 a\u00f1os) la producci\u00f3n de uva en La Rioja disminuy\u00f3 un 24,9%, mientras en el pa\u00eds la disminuci\u00f3n fue del 20,6%.<\/p>\n\n\n\n<p>La <strong>producci\u00f3n de uva org\u00e1nica <\/strong>de La Rioja alcanz\u00f3 en 2024 el 20,6% del total cosechado. La producci\u00f3n org\u00e1nica va aumentando en los \u00faltimos a\u00f1os, en 2018 su participaci\u00f3n fue del 18,2%. La variedad con mayor presencia en la cosecha org\u00e1nica 2024 fue Torront\u00e9s Riojano (41%), seguida por Bonarda (13%).<\/p>\n\n\n\n<p>La <strong>mecanizaci\u00f3n de cosecha <\/strong>en La Rioja va aumentando a\u00f1o a a\u00f1o, alcanzando en 2024 el 17% del total de uvas con destino a elaboraci\u00f3n. Esa participaci\u00f3n en 2017 era del 9,1%.<\/p>\n\n\n\n<div style=\"height:30px\" aria-hidden=\"true\" class=\"wp-block-spacer\"><\/div>\n\n\n<div class=\"wp-block-image\">\n<figure class=\"aligncenter size-full is-resized\"><a href=\"https:\/\/enolife.com.ar\/es\/wp-content\/uploads\/2024\/11\/image-53.png\" data-rel=\"penci-gallery-image-content\" ><img loading=\"lazy\" decoding=\"async\" src=\"https:\/\/enolife.com.ar\/es\/wp-content\/uploads\/2024\/11\/image-53.png\" alt=\"\" class=\"wp-image-129198\" width=\"810\" height=\"232\" srcset=\"https:\/\/enolife.com.ar\/es\/wp-content\/uploads\/2024\/11\/image-53.png 1012w, https:\/\/enolife.com.ar\/es\/wp-content\/uploads\/2024\/11\/image-53-300x86.png 300w, https:\/\/enolife.com.ar\/es\/wp-content\/uploads\/2024\/11\/image-53-768x221.png 768w, https:\/\/enolife.com.ar\/es\/wp-content\/uploads\/2024\/11\/image-53-585x168.png 585w\" sizes=\"auto, (max-width: 810px) 100vw, 810px\" \/><\/a><\/figure><\/div>\n\n\n<div style=\"height:10px\" aria-hidden=\"true\" class=\"wp-block-spacer\"><\/div>\n\n\n<div class=\"wp-block-image\">\n<figure class=\"aligncenter size-full is-resized\"><a href=\"https:\/\/enolife.com.ar\/es\/wp-content\/uploads\/2024\/11\/image-54.png\" data-rel=\"penci-gallery-image-content\" ><img loading=\"lazy\" decoding=\"async\" src=\"https:\/\/enolife.com.ar\/es\/wp-content\/uploads\/2024\/11\/image-54.png\" alt=\"\" class=\"wp-image-129199\" width=\"502\" height=\"322\" srcset=\"https:\/\/enolife.com.ar\/es\/wp-content\/uploads\/2024\/11\/image-54.png 622w, https:\/\/enolife.com.ar\/es\/wp-content\/uploads\/2024\/11\/image-54-300x192.png 300w, https:\/\/enolife.com.ar\/es\/wp-content\/uploads\/2024\/11\/image-54-585x375.png 585w\" sizes=\"auto, (max-width: 502px) 100vw, 502px\" \/><\/a><\/figure><\/div>\n\n<div class=\"wp-block-image\">\n<figure class=\"aligncenter size-full is-resized\"><a href=\"https:\/\/enolife.com.ar\/es\/wp-content\/uploads\/2024\/11\/image-55.png\" data-rel=\"penci-gallery-image-content\" ><img loading=\"lazy\" decoding=\"async\" src=\"https:\/\/enolife.com.ar\/es\/wp-content\/uploads\/2024\/11\/image-55.png\" alt=\"\" class=\"wp-image-129200\" width=\"676\" height=\"318\" srcset=\"https:\/\/enolife.com.ar\/es\/wp-content\/uploads\/2024\/11\/image-55.png 956w, https:\/\/enolife.com.ar\/es\/wp-content\/uploads\/2024\/11\/image-55-300x141.png 300w, https:\/\/enolife.com.ar\/es\/wp-content\/uploads\/2024\/11\/image-55-768x362.png 768w, https:\/\/enolife.com.ar\/es\/wp-content\/uploads\/2024\/11\/image-55-585x275.png 585w\" sizes=\"auto, (max-width: 676px) 100vw, 676px\" \/><\/a><\/figure><\/div>\n\n\n<div style=\"height:35px\" aria-hidden=\"true\" class=\"wp-block-spacer\"><\/div>\n\n\n\n<p class=\"has-medium-font-size\"><strong>Elaboraci\u00f3n de vino<\/strong><\/p>\n\n\n\n<p>En el a\u00f1o 2024 el volumen total de elaboraci\u00f3n en La Rioja fue de<strong> 418.098 hl<\/strong>, de los cuales el 93,5% fue vino, el 6,4% mosto y 0,1% jugo de uva. Elaboraron <strong>18 bodegas<\/strong> en la \u00faltima campa\u00f1a. La elaboraci\u00f3n se concentra principalmente en Chilecito (86,6%), seguida por Castro Barros (4,8%) y Cnel. Felipe Varela (4,5%). En el a\u00f1o 2024 la elaboraci\u00f3n total en la provincia aument\u00f3 un 8,1% respecto al a\u00f1o 2023. La elaboraci\u00f3n de vino creci\u00f3 un 3,2% y la de mosto un 237,9%. El departamento Famatina si bien concentra solo el 4,4% de la elaboraci\u00f3n de vino provincial, manifiesta una tendencia de crecimiento positiva a lo largo de los a\u00f1os.<\/p>\n\n\n\n<div style=\"height:30px\" aria-hidden=\"true\" class=\"wp-block-spacer\"><\/div>\n\n\n<div class=\"wp-block-image\">\n<figure class=\"aligncenter size-full is-resized\"><a href=\"https:\/\/enolife.com.ar\/es\/wp-content\/uploads\/2024\/11\/image-56.png\" data-rel=\"penci-gallery-image-content\" ><img loading=\"lazy\" decoding=\"async\" src=\"https:\/\/enolife.com.ar\/es\/wp-content\/uploads\/2024\/11\/image-56.png\" alt=\"\" class=\"wp-image-129201\" width=\"802\" height=\"277\" srcset=\"https:\/\/enolife.com.ar\/es\/wp-content\/uploads\/2024\/11\/image-56.png 1010w, https:\/\/enolife.com.ar\/es\/wp-content\/uploads\/2024\/11\/image-56-300x104.png 300w, https:\/\/enolife.com.ar\/es\/wp-content\/uploads\/2024\/11\/image-56-768x265.png 768w, https:\/\/enolife.com.ar\/es\/wp-content\/uploads\/2024\/11\/image-56-585x202.png 585w\" sizes=\"auto, (max-width: 802px) 100vw, 802px\" \/><\/a><\/figure><\/div>\n\n\n<div style=\"height:10px\" aria-hidden=\"true\" class=\"wp-block-spacer\"><\/div>\n\n\n<div class=\"wp-block-image\">\n<figure class=\"aligncenter size-full is-resized\"><a href=\"https:\/\/enolife.com.ar\/es\/wp-content\/uploads\/2024\/11\/image-57.png\" data-rel=\"penci-gallery-image-content\" ><img loading=\"lazy\" decoding=\"async\" src=\"https:\/\/enolife.com.ar\/es\/wp-content\/uploads\/2024\/11\/image-57.png\" alt=\"\" class=\"wp-image-129203\" width=\"458\" height=\"297\" srcset=\"https:\/\/enolife.com.ar\/es\/wp-content\/uploads\/2024\/11\/image-57.png 588w, https:\/\/enolife.com.ar\/es\/wp-content\/uploads\/2024\/11\/image-57-300x194.png 300w, https:\/\/enolife.com.ar\/es\/wp-content\/uploads\/2024\/11\/image-57-585x379.png 585w\" sizes=\"auto, (max-width: 458px) 100vw, 458px\" \/><\/a><\/figure><\/div>\n\n\n<div style=\"height:30px\" aria-hidden=\"true\" class=\"wp-block-spacer\"><\/div>\n\n\n\n<p>En 2024 el 53,1% de la elaboraci\u00f3n de vino de La Rioja fue tinto, 44,8% de blanco y 2,1% rosado. La tendencia indica que aumenta la elaboraci\u00f3n de vino blanco y disminuye principalmente la de tintos. En comparaci\u00f3n con el a\u00f1o 2015 (10 a\u00f1os), la elaboraci\u00f3n de vino blanco en La Rioja aument\u00f3 5,1%, mientras que los tintos y rosados disminuyeron un 27% y 23,2% respectivamente.<\/p>\n\n\n\n<div style=\"height:30px\" aria-hidden=\"true\" class=\"wp-block-spacer\"><\/div>\n\n\n<div class=\"wp-block-image\">\n<figure class=\"aligncenter size-full is-resized\"><a href=\"https:\/\/enolife.com.ar\/es\/wp-content\/uploads\/2024\/11\/image-58.png\" data-rel=\"penci-gallery-image-content\" ><img loading=\"lazy\" decoding=\"async\" src=\"https:\/\/enolife.com.ar\/es\/wp-content\/uploads\/2024\/11\/image-58.png\" alt=\"\" class=\"wp-image-129204\" width=\"744\" height=\"143\" srcset=\"https:\/\/enolife.com.ar\/es\/wp-content\/uploads\/2024\/11\/image-58.png 1013w, https:\/\/enolife.com.ar\/es\/wp-content\/uploads\/2024\/11\/image-58-300x58.png 300w, https:\/\/enolife.com.ar\/es\/wp-content\/uploads\/2024\/11\/image-58-768x149.png 768w, https:\/\/enolife.com.ar\/es\/wp-content\/uploads\/2024\/11\/image-58-585x113.png 585w\" sizes=\"auto, (max-width: 744px) 100vw, 744px\" \/><\/a><\/figure><\/div>\n\n\n<div style=\"height:10px\" aria-hidden=\"true\" class=\"wp-block-spacer\"><\/div>\n\n\n\n<figure class=\"wp-block-gallery has-nested-images columns-default is-cropped wp-block-gallery-3 is-layout-flex wp-block-gallery-is-layout-flex\">\n<figure class=\"wp-block-image size-full\"><a href=\"https:\/\/enolife.com.ar\/es\/wp-content\/uploads\/2024\/11\/image-59.png\" data-rel=\"penci-gallery-image-content\" ><img loading=\"lazy\" decoding=\"async\" width=\"690\" height=\"431\" data-id=\"129206\" src=\"https:\/\/enolife.com.ar\/es\/wp-content\/uploads\/2024\/11\/image-59.png\" alt=\"\" class=\"wp-image-129206\" srcset=\"https:\/\/enolife.com.ar\/es\/wp-content\/uploads\/2024\/11\/image-59.png 690w, https:\/\/enolife.com.ar\/es\/wp-content\/uploads\/2024\/11\/image-59-300x187.png 300w, https:\/\/enolife.com.ar\/es\/wp-content\/uploads\/2024\/11\/image-59-585x365.png 585w\" sizes=\"auto, (max-width: 690px) 100vw, 690px\" \/><\/a><\/figure>\n\n\n\n<figure class=\"wp-block-image size-full\"><a href=\"https:\/\/enolife.com.ar\/es\/wp-content\/uploads\/2024\/11\/image-60.png\" data-rel=\"penci-gallery-image-content\" ><img loading=\"lazy\" decoding=\"async\" width=\"678\" height=\"386\" data-id=\"129207\" src=\"https:\/\/enolife.com.ar\/es\/wp-content\/uploads\/2024\/11\/image-60.png\" alt=\"\" class=\"wp-image-129207\" srcset=\"https:\/\/enolife.com.ar\/es\/wp-content\/uploads\/2024\/11\/image-60.png 678w, https:\/\/enolife.com.ar\/es\/wp-content\/uploads\/2024\/11\/image-60-300x171.png 300w, https:\/\/enolife.com.ar\/es\/wp-content\/uploads\/2024\/11\/image-60-585x333.png 585w\" sizes=\"auto, (max-width: 678px) 100vw, 678px\" \/><\/a><\/figure>\n<\/figure>\n\n\n\n<div style=\"height:30px\" aria-hidden=\"true\" class=\"wp-block-spacer\"><\/div>\n\n\n\n<p>En el a\u00f1o 2024 La Rioja registra <strong>26 bodegas inscriptas<\/strong>, de las cuales elaboraron 18 en la \u00faltima campa\u00f1a. Tambi\u00e9n figuran inscriptos <strong>95 elaboradores de vino casero\/artesanal<\/strong>, 35 distribuidores de uva en fresco y 34 secaderos de uva entre otros.<\/p>\n\n\n\n<div style=\"height:30px\" aria-hidden=\"true\" class=\"wp-block-spacer\"><\/div>\n\n\n<div class=\"wp-block-image\">\n<figure class=\"aligncenter size-full is-resized\"><a href=\"https:\/\/enolife.com.ar\/es\/wp-content\/uploads\/2024\/11\/image-61.png\" data-rel=\"penci-gallery-image-content\" ><img loading=\"lazy\" decoding=\"async\" src=\"https:\/\/enolife.com.ar\/es\/wp-content\/uploads\/2024\/11\/image-61.png\" alt=\"\" class=\"wp-image-129209\" width=\"466\" height=\"210\" srcset=\"https:\/\/enolife.com.ar\/es\/wp-content\/uploads\/2024\/11\/image-61.png 524w, https:\/\/enolife.com.ar\/es\/wp-content\/uploads\/2024\/11\/image-61-300x135.png 300w\" sizes=\"auto, (max-width: 466px) 100vw, 466px\" \/><\/a><\/figure><\/div>\n\n\n<div style=\"height:35px\" aria-hidden=\"true\" class=\"wp-block-spacer\"><\/div>\n\n\n\n<p class=\"has-medium-font-size\"><strong>Comercializaci\u00f3n total de vinos<\/strong><\/p>\n\n\n\n<p>En el a\u00f1o 2023, se comercializaron <strong>210.484 hl <\/strong>de vino desde La Rioja. De ese volumen el&nbsp;80,6% se destin\u00f3 al mercado interno y 19,4% se export\u00f3. En 2023 se comercializ\u00f3 un 5,9% menos vino que el a\u00f1o anterior. La ca\u00edda se produjo principalmente en el mercado externo .<\/p>\n\n\n\n<p>La tendencia indica que la comercializaci\u00f3n total de vino desde La Rioja va en disminuci\u00f3n en los \u00faltimos a\u00f1os. Se comercializa menos volumen de vino del que se elabora, lo cual indica que gran parte de lo elaborado se traslada a otras regiones.<\/p>\n\n\n\n<div style=\"height:30px\" aria-hidden=\"true\" class=\"wp-block-spacer\"><\/div>\n\n\n<div class=\"wp-block-image\">\n<figure class=\"aligncenter size-full is-resized\"><a href=\"https:\/\/enolife.com.ar\/es\/wp-content\/uploads\/2024\/11\/image-62.png\" data-rel=\"penci-gallery-image-content\" ><img loading=\"lazy\" decoding=\"async\" src=\"https:\/\/enolife.com.ar\/es\/wp-content\/uploads\/2024\/11\/image-62.png\" alt=\"\" class=\"wp-image-129210\" width=\"393\" height=\"273\" srcset=\"https:\/\/enolife.com.ar\/es\/wp-content\/uploads\/2024\/11\/image-62.png 525w, https:\/\/enolife.com.ar\/es\/wp-content\/uploads\/2024\/11\/image-62-300x209.png 300w\" sizes=\"auto, (max-width: 393px) 100vw, 393px\" \/><\/a><\/figure><\/div>\n\n\n<div style=\"height:10px\" aria-hidden=\"true\" class=\"wp-block-spacer\"><\/div>\n\n\n<div class=\"wp-block-image\">\n<figure class=\"aligncenter size-full is-resized\"><a href=\"https:\/\/enolife.com.ar\/es\/wp-content\/uploads\/2024\/11\/image-65.png\" data-rel=\"penci-gallery-image-content\" ><img loading=\"lazy\" decoding=\"async\" src=\"https:\/\/enolife.com.ar\/es\/wp-content\/uploads\/2024\/11\/image-65.png\" alt=\"\" class=\"wp-image-129214\" width=\"684\" height=\"265\" srcset=\"https:\/\/enolife.com.ar\/es\/wp-content\/uploads\/2024\/11\/image-65.png 941w, https:\/\/enolife.com.ar\/es\/wp-content\/uploads\/2024\/11\/image-65-300x117.png 300w, https:\/\/enolife.com.ar\/es\/wp-content\/uploads\/2024\/11\/image-65-768x299.png 768w, https:\/\/enolife.com.ar\/es\/wp-content\/uploads\/2024\/11\/image-65-585x228.png 585w\" sizes=\"auto, (max-width: 684px) 100vw, 684px\" \/><\/a><\/figure><\/div>\n\n\n<div style=\"height:10px\" aria-hidden=\"true\" class=\"wp-block-spacer\"><\/div>\n\n\n<div class=\"wp-block-image\">\n<figure class=\"aligncenter size-full is-resized\"><a href=\"https:\/\/enolife.com.ar\/es\/wp-content\/uploads\/2024\/11\/image-64.png\" data-rel=\"penci-gallery-image-content\" ><img loading=\"lazy\" decoding=\"async\" src=\"https:\/\/enolife.com.ar\/es\/wp-content\/uploads\/2024\/11\/image-64.png\" alt=\"\" class=\"wp-image-129212\" width=\"475\" height=\"282\" srcset=\"https:\/\/enolife.com.ar\/es\/wp-content\/uploads\/2024\/11\/image-64.png 645w, https:\/\/enolife.com.ar\/es\/wp-content\/uploads\/2024\/11\/image-64-300x178.png 300w, https:\/\/enolife.com.ar\/es\/wp-content\/uploads\/2024\/11\/image-64-585x347.png 585w\" sizes=\"auto, (max-width: 475px) 100vw, 475px\" \/><\/a><\/figure><\/div>\n\n\n<div style=\"height:35px\" aria-hidden=\"true\" class=\"wp-block-spacer\"><\/div>\n\n\n\n<p class=\"has-medium-font-size\"><strong>Mercado interno de vinos<\/strong><\/p>\n\n\n\n<p>En el a\u00f1o 2023 se despacharon <strong>169.685 hl <\/strong>de vino al mercado interno desde La Rioja, el 2,2% del total pa\u00eds. En el \u00faltimo a\u00f1o los despachos fueron levemente superiores al a\u00f1o anterior (+0,3%), a diferencia de lo que ocurri\u00f3 en el volumen total pa\u00eds que registr\u00f3 una disminuci\u00f3n del 6,3%.<\/p>\n\n\n\n<p>El principal tipo de vino despachado por La Rioja al mercado interno es vino sin menci\u00f3n varietal (79,2%) y 20,8% es vino varietal. En el \u00faltimo a\u00f1o se registra el despacho de un peque\u00f1o volumen de vino espumoso. Dentro de los vinos varietales, el mayor volumen en los despachos 2023 es de Malbec (26,9%), seguido por Cabernet Sauvignon (14,2%) y Torront\u00e9s Riojano (11,4%). En el per\u00edodo de 10 a\u00f1os, desde 2014, los despachos de vino desde La Rioja manifiestan una leve tendencia decreciente, aunque con alguna recuperaci\u00f3n en los vinos sin menci\u00f3n varietal.<\/p>\n\n\n\n<div style=\"height:30px\" aria-hidden=\"true\" class=\"wp-block-spacer\"><\/div>\n\n\n<div class=\"wp-block-image\">\n<figure class=\"aligncenter size-full is-resized\"><a href=\"https:\/\/enolife.com.ar\/es\/wp-content\/uploads\/2024\/11\/image-66.png\" data-rel=\"penci-gallery-image-content\" ><img loading=\"lazy\" decoding=\"async\" src=\"https:\/\/enolife.com.ar\/es\/wp-content\/uploads\/2024\/11\/image-66.png\" alt=\"\" class=\"wp-image-129216\" width=\"768\" height=\"181\" srcset=\"https:\/\/enolife.com.ar\/es\/wp-content\/uploads\/2024\/11\/image-66.png 1009w, https:\/\/enolife.com.ar\/es\/wp-content\/uploads\/2024\/11\/image-66-300x71.png 300w, https:\/\/enolife.com.ar\/es\/wp-content\/uploads\/2024\/11\/image-66-768x182.png 768w, https:\/\/enolife.com.ar\/es\/wp-content\/uploads\/2024\/11\/image-66-585x139.png 585w\" sizes=\"auto, (max-width: 768px) 100vw, 768px\" \/><\/a><\/figure><\/div>\n\n\n<div style=\"height:10px\" aria-hidden=\"true\" class=\"wp-block-spacer\"><\/div>\n\n\n<div class=\"wp-block-image\">\n<figure class=\"aligncenter size-full is-resized\"><a href=\"https:\/\/enolife.com.ar\/es\/wp-content\/uploads\/2024\/11\/image-67.png\" data-rel=\"penci-gallery-image-content\" ><img loading=\"lazy\" decoding=\"async\" src=\"https:\/\/enolife.com.ar\/es\/wp-content\/uploads\/2024\/11\/image-67.png\" alt=\"\" class=\"wp-image-129217\" width=\"534\" height=\"324\" srcset=\"https:\/\/enolife.com.ar\/es\/wp-content\/uploads\/2024\/11\/image-67.png 632w, https:\/\/enolife.com.ar\/es\/wp-content\/uploads\/2024\/11\/image-67-300x182.png 300w, https:\/\/enolife.com.ar\/es\/wp-content\/uploads\/2024\/11\/image-67-585x355.png 585w\" sizes=\"auto, (max-width: 534px) 100vw, 534px\" \/><\/a><\/figure><\/div>\n\n\n<div style=\"height:10px\" aria-hidden=\"true\" class=\"wp-block-spacer\"><\/div>\n\n\n<div class=\"wp-block-image\">\n<figure class=\"aligncenter size-full is-resized\"><a href=\"https:\/\/enolife.com.ar\/es\/wp-content\/uploads\/2024\/11\/image-68.png\" data-rel=\"penci-gallery-image-content\" ><img loading=\"lazy\" decoding=\"async\" src=\"https:\/\/enolife.com.ar\/es\/wp-content\/uploads\/2024\/11\/image-68.png\" alt=\"\" class=\"wp-image-129218\" width=\"332\" height=\"321\" srcset=\"https:\/\/enolife.com.ar\/es\/wp-content\/uploads\/2024\/11\/image-68.png 464w, https:\/\/enolife.com.ar\/es\/wp-content\/uploads\/2024\/11\/image-68-300x290.png 300w\" sizes=\"auto, (max-width: 332px) 100vw, 332px\" \/><\/a><\/figure><\/div>\n\n\n<div style=\"height:35px\" aria-hidden=\"true\" class=\"wp-block-spacer\"><\/div>\n\n\n\n<p class=\"has-medium-font-size\"><strong>Mercado externo<\/strong><\/p>\n\n\n\n<p>En el a\u00f1o 2023 se export\u00f3 vino y pasas de uva desde La Rioja por un valor FOB total de 12 millones de d\u00f3lares. El 65,3% de ese total corresponde a vino y el 34,7% a pasas de uva. No se export\u00f3 mosto. La Rioja est\u00e1 en un proceso de reconversi\u00f3n varietal con aumento de la superficie de variedades aptas para pasas. Se posiciona como la segunda provincia exportadora de este producto, luego de San Juan. El volumen de vino exportado por La Rioja en 2023 fue de 40.799 hl por un valor de 7.840.000 d\u00f3lares. El volumen exportado de pasas de uva fue 2.207 toneladas por un total de 4.159.000 d\u00f3lares.<\/p>\n\n\n\n<div style=\"height:30px\" aria-hidden=\"true\" class=\"wp-block-spacer\"><\/div>\n\n\n<div class=\"wp-block-image\">\n<figure class=\"aligncenter size-full is-resized\"><a href=\"https:\/\/enolife.com.ar\/es\/wp-content\/uploads\/2024\/11\/image-69.png\" data-rel=\"penci-gallery-image-content\" ><img loading=\"lazy\" decoding=\"async\" src=\"https:\/\/enolife.com.ar\/es\/wp-content\/uploads\/2024\/11\/image-69.png\" alt=\"\" class=\"wp-image-129219\" width=\"495\" height=\"150\" srcset=\"https:\/\/enolife.com.ar\/es\/wp-content\/uploads\/2024\/11\/image-69.png 627w, https:\/\/enolife.com.ar\/es\/wp-content\/uploads\/2024\/11\/image-69-300x91.png 300w, https:\/\/enolife.com.ar\/es\/wp-content\/uploads\/2024\/11\/image-69-585x177.png 585w\" sizes=\"auto, (max-width: 495px) 100vw, 495px\" \/><\/a><\/figure><\/div>\n\n\n<div style=\"height:10px\" aria-hidden=\"true\" class=\"wp-block-spacer\"><\/div>\n\n\n<div class=\"wp-block-image\">\n<figure class=\"aligncenter size-full is-resized\"><a href=\"https:\/\/enolife.com.ar\/es\/wp-content\/uploads\/2024\/11\/image-70.png\" data-rel=\"penci-gallery-image-content\" ><img loading=\"lazy\" decoding=\"async\" src=\"https:\/\/enolife.com.ar\/es\/wp-content\/uploads\/2024\/11\/image-70.png\" alt=\"\" class=\"wp-image-129220\" width=\"524\" height=\"280\" srcset=\"https:\/\/enolife.com.ar\/es\/wp-content\/uploads\/2024\/11\/image-70.png 625w, https:\/\/enolife.com.ar\/es\/wp-content\/uploads\/2024\/11\/image-70-300x160.png 300w, https:\/\/enolife.com.ar\/es\/wp-content\/uploads\/2024\/11\/image-70-585x313.png 585w\" sizes=\"auto, (max-width: 524px) 100vw, 524px\" \/><\/a><\/figure><\/div>\n\n\n<div style=\"height:35px\" aria-hidden=\"true\" class=\"wp-block-spacer\"><\/div>\n\n\n\n<p class=\"has-medium-font-size\"><strong>Exportaciones de vino<\/strong><\/p>\n\n\n\n<p>Las exportaciones de vino desde La Rioja van en disminuci\u00f3n en los \u00faltimos 10 a\u00f1os. En 2023 se export\u00f3 un 25,2% menos que el a\u00f1o anterior y un 47,3% menos que en 2014 (\u00faltima d\u00e9cada). El precio medio del vino exportado en 2023 fue de 1,9 U$S\/litro, muy por debajo del precio medio de todo el pa\u00eds que se ubic\u00f3 en los 3,5 U$S\/litro.<\/p>\n\n\n\n<p>La Rioja exporta principalmente vino varietal, aunque la tendencia indica que aumentan las exportaciones de vino sin menci\u00f3n varietal. En el a\u00f1o 2023, el 82,1% del volumen y 77,7% del valor FOB del vino exportado fue varietal. Los varietales m\u00e1s exportados fueron el corte Torront\u00e9s Riojano-Chardonnay (23,8%), Malbec (23,6%) y Torront\u00e9s Riojano (17,6%).<\/p>\n\n\n\n<p>Son importantes las exportaciones de vino con IG que alcanzan el 51,4% del volumen total. La IG utilizada por La Rioja en 2023 es Valle de Famatina. Se exporta el 64,1% del volumen y 85% del valor FOB bajo la modalidad fraccionado. La tendencia indica que esta modalidad va creciendo respeto al granel. El principal destino de las exportaciones de vino de La Rioja en 2023 fue Reino Unido (54,6%), seguido por Dinamarca (18,2%) y Suecia (17,6%). Estos tres pa\u00edses totalizan m\u00e1s del 90% del volumen exportado.<\/p>\n\n\n\n<div style=\"height:30px\" aria-hidden=\"true\" class=\"wp-block-spacer\"><\/div>\n\n\n<div class=\"wp-block-image\">\n<figure class=\"aligncenter size-full is-resized\"><a href=\"https:\/\/enolife.com.ar\/es\/wp-content\/uploads\/2024\/11\/image-71.png\" data-rel=\"penci-gallery-image-content\" ><img loading=\"lazy\" decoding=\"async\" src=\"https:\/\/enolife.com.ar\/es\/wp-content\/uploads\/2024\/11\/image-71.png\" alt=\"\" class=\"wp-image-129222\" width=\"777\" height=\"325\" srcset=\"https:\/\/enolife.com.ar\/es\/wp-content\/uploads\/2024\/11\/image-71.png 1001w, https:\/\/enolife.com.ar\/es\/wp-content\/uploads\/2024\/11\/image-71-300x126.png 300w, https:\/\/enolife.com.ar\/es\/wp-content\/uploads\/2024\/11\/image-71-768x321.png 768w, https:\/\/enolife.com.ar\/es\/wp-content\/uploads\/2024\/11\/image-71-585x245.png 585w\" sizes=\"auto, (max-width: 777px) 100vw, 777px\" \/><\/a><\/figure><\/div>\n\n\n<div style=\"height:10px\" aria-hidden=\"true\" class=\"wp-block-spacer\"><\/div>\n\n\n<div class=\"wp-block-image\">\n<figure class=\"aligncenter size-full is-resized\"><a href=\"https:\/\/enolife.com.ar\/es\/wp-content\/uploads\/2024\/11\/image-72.png\" data-rel=\"penci-gallery-image-content\" ><img loading=\"lazy\" decoding=\"async\" src=\"https:\/\/enolife.com.ar\/es\/wp-content\/uploads\/2024\/11\/image-72.png\" alt=\"\" class=\"wp-image-129223\" width=\"543\" height=\"315\" srcset=\"https:\/\/enolife.com.ar\/es\/wp-content\/uploads\/2024\/11\/image-72.png 666w, https:\/\/enolife.com.ar\/es\/wp-content\/uploads\/2024\/11\/image-72-300x174.png 300w, https:\/\/enolife.com.ar\/es\/wp-content\/uploads\/2024\/11\/image-72-585x339.png 585w\" sizes=\"auto, (max-width: 543px) 100vw, 543px\" \/><\/a><\/figure><\/div>\n\n\n<div style=\"height:10px\" aria-hidden=\"true\" class=\"wp-block-spacer\"><\/div>\n\n\n<div class=\"wp-block-image\">\n<figure class=\"aligncenter size-large is-resized\"><a href=\"https:\/\/enolife.com.ar\/es\/wp-content\/uploads\/2024\/11\/image-73.png\" data-rel=\"penci-gallery-image-content\" ><img loading=\"lazy\" decoding=\"async\" src=\"https:\/\/enolife.com.ar\/es\/wp-content\/uploads\/2024\/11\/image-73-1024x432.png\" alt=\"\" class=\"wp-image-129225\" width=\"814\" height=\"343\" srcset=\"https:\/\/enolife.com.ar\/es\/wp-content\/uploads\/2024\/11\/image-73-1024x432.png 1024w, https:\/\/enolife.com.ar\/es\/wp-content\/uploads\/2024\/11\/image-73-300x127.png 300w, https:\/\/enolife.com.ar\/es\/wp-content\/uploads\/2024\/11\/image-73-768x324.png 768w, https:\/\/enolife.com.ar\/es\/wp-content\/uploads\/2024\/11\/image-73-585x247.png 585w, https:\/\/enolife.com.ar\/es\/wp-content\/uploads\/2024\/11\/image-73.png 1061w\" sizes=\"auto, (max-width: 814px) 100vw, 814px\" \/><\/a><\/figure><\/div>\n\n\n<div style=\"height:10px\" aria-hidden=\"true\" class=\"wp-block-spacer\"><\/div>\n\n\n<div class=\"wp-block-image\">\n<figure class=\"aligncenter size-full is-resized\"><a href=\"https:\/\/enolife.com.ar\/es\/wp-content\/uploads\/2024\/11\/image-74.png\" data-rel=\"penci-gallery-image-content\" ><img loading=\"lazy\" decoding=\"async\" src=\"https:\/\/enolife.com.ar\/es\/wp-content\/uploads\/2024\/11\/image-74.png\" alt=\"\" class=\"wp-image-129226\" width=\"770\" height=\"337\" srcset=\"https:\/\/enolife.com.ar\/es\/wp-content\/uploads\/2024\/11\/image-74.png 1021w, https:\/\/enolife.com.ar\/es\/wp-content\/uploads\/2024\/11\/image-74-300x132.png 300w, https:\/\/enolife.com.ar\/es\/wp-content\/uploads\/2024\/11\/image-74-768x337.png 768w, https:\/\/enolife.com.ar\/es\/wp-content\/uploads\/2024\/11\/image-74-585x257.png 585w\" sizes=\"auto, (max-width: 770px) 100vw, 770px\" \/><\/a><\/figure><\/div>\n\n\n<div style=\"height:35px\" aria-hidden=\"true\" class=\"wp-block-spacer\"><\/div>\n\n\n\n<p class=\"has-medium-font-size\"><strong>Exportaciones de pasas de uva<\/strong><\/p>\n\n\n\n<p>La Rioja es la segunda provincia exportadora de pasas de uva del pa\u00eds, participando con el 8,6% del volumen exportado y el 9,3% de las divisas ingresadas por este producto. En 2023 esta provincia export\u00f3 <strong>2.207 toneladas de pasas de uva por un total de 4.159.000 d\u00f3lares.<\/strong> El precio medio obtenido fue de 1,88 U$S\/kg, superior al promedio pa\u00eds de 1,75 U$S\/kg.<\/p>\n\n\n\n<div style=\"height:30px\" aria-hidden=\"true\" class=\"wp-block-spacer\"><\/div>\n\n\n<div class=\"wp-block-image\">\n<figure class=\"aligncenter size-full is-resized\"><a href=\"https:\/\/enolife.com.ar\/es\/wp-content\/uploads\/2024\/11\/image-75.png\" data-rel=\"penci-gallery-image-content\" ><img loading=\"lazy\" decoding=\"async\" src=\"https:\/\/enolife.com.ar\/es\/wp-content\/uploads\/2024\/11\/image-75.png\" alt=\"\" class=\"wp-image-129227\" width=\"723\" height=\"154\" srcset=\"https:\/\/enolife.com.ar\/es\/wp-content\/uploads\/2024\/11\/image-75.png 895w, https:\/\/enolife.com.ar\/es\/wp-content\/uploads\/2024\/11\/image-75-300x64.png 300w, https:\/\/enolife.com.ar\/es\/wp-content\/uploads\/2024\/11\/image-75-768x164.png 768w, https:\/\/enolife.com.ar\/es\/wp-content\/uploads\/2024\/11\/image-75-585x125.png 585w\" sizes=\"auto, (max-width: 723px) 100vw, 723px\" \/><\/a><\/figure><\/div>\n\n\n<div style=\"height:10px\" aria-hidden=\"true\" class=\"wp-block-spacer\"><\/div>\n\n\n<div class=\"wp-block-image\">\n<figure class=\"aligncenter size-full is-resized\"><a href=\"https:\/\/enolife.com.ar\/es\/wp-content\/uploads\/2024\/11\/image-76.png\" data-rel=\"penci-gallery-image-content\" ><img loading=\"lazy\" decoding=\"async\" src=\"https:\/\/enolife.com.ar\/es\/wp-content\/uploads\/2024\/11\/image-76.png\" alt=\"\" class=\"wp-image-129228\" width=\"489\" height=\"334\" srcset=\"https:\/\/enolife.com.ar\/es\/wp-content\/uploads\/2024\/11\/image-76.png 605w, https:\/\/enolife.com.ar\/es\/wp-content\/uploads\/2024\/11\/image-76-300x205.png 300w, https:\/\/enolife.com.ar\/es\/wp-content\/uploads\/2024\/11\/image-76-585x399.png 585w\" sizes=\"auto, (max-width: 489px) 100vw, 489px\" \/><\/a><\/figure><\/div>\n\n\n<div style=\"height:30px\" aria-hidden=\"true\" class=\"wp-block-spacer\"><\/div>\n","protected":false},"excerpt":{"rendered":"<p>La Rioja es la tercera provincia vitivin\u00edcola de Argentina, precedida por Mendoza y San Juan.&hellip;<\/p>\n","protected":false},"author":3,"featured_media":129254,"comment_status":"open","ping_status":"open","sticky":false,"template":"","format":"standard","meta":{"footnotes":""},"categories":[9],"tags":[],"class_list":["post-129155","post","type-post","status-publish","format-standard","has-post-thumbnail","hentry","category-negocios"],"_links":{"self":[{"href":"https:\/\/enolife.com.ar\/es\/wp-json\/wp\/v2\/posts\/129155","targetHints":{"allow":["GET"]}}],"collection":[{"href":"https:\/\/enolife.com.ar\/es\/wp-json\/wp\/v2\/posts"}],"about":[{"href":"https:\/\/enolife.com.ar\/es\/wp-json\/wp\/v2\/types\/post"}],"author":[{"embeddable":true,"href":"https:\/\/enolife.com.ar\/es\/wp-json\/wp\/v2\/users\/3"}],"replies":[{"embeddable":true,"href":"https:\/\/enolife.com.ar\/es\/wp-json\/wp\/v2\/comments?post=129155"}],"version-history":[{"count":0,"href":"https:\/\/enolife.com.ar\/es\/wp-json\/wp\/v2\/posts\/129155\/revisions"}],"wp:featuredmedia":[{"embeddable":true,"href":"https:\/\/enolife.com.ar\/es\/wp-json\/wp\/v2\/media\/129254"}],"wp:attachment":[{"href":"https:\/\/enolife.com.ar\/es\/wp-json\/wp\/v2\/media?parent=129155"}],"wp:term":[{"taxonomy":"category","embeddable":true,"href":"https:\/\/enolife.com.ar\/es\/wp-json\/wp\/v2\/categories?post=129155"},{"taxonomy":"post_tag","embeddable":true,"href":"https:\/\/enolife.com.ar\/es\/wp-json\/wp\/v2\/tags?post=129155"}],"curies":[{"name":"wp","href":"https:\/\/api.w.org\/{rel}","templated":true}]}}