{"id":129096,"date":"2024-11-16T14:58:48","date_gmt":"2024-11-16T14:58:48","guid":{"rendered":"https:\/\/enolife.com.ar\/es\/?p=129096"},"modified":"2024-11-17T12:30:32","modified_gmt":"2024-11-17T12:30:32","slug":"el-22-11-el-vino-argentino-se-festeja-con-la-noche-de-las-vinotecas-shows-gastronomia-y-promos","status":"publish","type":"post","link":"https:\/\/enolife.com.ar\/es\/el-22-11-el-vino-argentino-se-festeja-con-la-noche-de-las-vinotecas-shows-gastronomia-y-promos\/","title":{"rendered":"El 22\/11 el vino argentino se festeja con la \u00abNoche de las Vinotecas\u00bb, shows, gastronom\u00eda y promos"},"content":{"rendered":"\n<h4 class=\"wp-block-heading\"><em><strong>Para celebrar el d\u00eda del Vino Argentino como Bebida Nacional (24\/11), la C\u00e1mara Argentina de Vinotecas y A\ufb01nes (CAVA), con el apoyo de la Corporaci\u00f3n Vitivin\u00edcola Argentina (Coviar) y el Fondo Vitivin\u00edcola Mendoza invitan a recorrer durante la noche del 22\/11, vinotecas de todo el pa\u00eds, de 20 a 00 hs, y aprovechar descuentos de hasta el 50%, degustaciones, m\u00fasica, shows y gastronom\u00eda. <\/strong><\/em><\/h4>\n\n\n\n<div style=\"height:35px\" aria-hidden=\"true\" class=\"wp-block-spacer\"><\/div>\n\n\n<a href=\"https:\/\/instagram.com\/labelsolutions?igshid=YmMyMTA2M2Y=\" aria-label=\"Banner Palero 1700&#215;500\"><img loading=\"lazy\" decoding=\"async\" src=\"https:\/\/enolife.com.ar\/es\/wp-content\/uploads\/2021\/09\/Banner-Palero-1700x500-1.gif\" alt=\"\"  width=\"1700\" height=\"500\"   \/><\/a>\n\n\n<div style=\"height:45px\" aria-hidden=\"true\" class=\"wp-block-spacer\"><\/div>\n\n\n\n<p>La Noche de las Vinotecas es una acci\u00f3n que busca reunir a todas las vinotecas del pa\u00eds en una noche abierta (de <strong>20 a 00 hs<\/strong>) al vino, con diferentes eventos. Naci\u00f3 con la intenci\u00f3n de celebrar el D\u00eda del Malbec durante el mes de abril y a partir de su \u00e9xito se sum\u00f3 la fecha de noviembre que<strong> festeja el D\u00eda del Vino Argentino Bebida Nacional<\/strong>. Este a\u00f1o ser\u00e1 el <strong>viernes 22\/11<\/strong>.<\/p>\n\n\n\n<div style=\"height:30px\" aria-hidden=\"true\" class=\"wp-block-spacer\"><\/div>\n\n\n\n<figure class=\"wp-block-gallery has-nested-images columns-default is-cropped wp-block-gallery-1 is-layout-flex wp-block-gallery-is-layout-flex\">\n<figure class=\"wp-block-image size-full\"><a href=\"https:\/\/enolife.com.ar\/es\/wp-content\/uploads\/2024\/11\/Imagen2-9.jpg\" data-rel=\"penci-gallery-image-content\" ><img loading=\"lazy\" decoding=\"async\" width=\"400\" height=\"490\" data-id=\"129118\" src=\"https:\/\/enolife.com.ar\/es\/wp-content\/uploads\/2024\/11\/Imagen2-9.jpg\" alt=\"\" class=\"wp-image-129118\" srcset=\"https:\/\/enolife.com.ar\/es\/wp-content\/uploads\/2024\/11\/Imagen2-9.jpg 400w, https:\/\/enolife.com.ar\/es\/wp-content\/uploads\/2024\/11\/Imagen2-9-245x300.jpg 245w\" sizes=\"auto, (max-width: 400px) 100vw, 400px\" \/><\/a><\/figure>\n\n\n\n<figure class=\"wp-block-image size-full\"><a href=\"https:\/\/enolife.com.ar\/es\/wp-content\/uploads\/2024\/11\/Imagen5-2.jpg\" data-rel=\"penci-gallery-image-content\" ><img loading=\"lazy\" decoding=\"async\" width=\"400\" height=\"402\" data-id=\"129119\" src=\"https:\/\/enolife.com.ar\/es\/wp-content\/uploads\/2024\/11\/Imagen5-2.jpg\" alt=\"\" class=\"wp-image-129119\" srcset=\"https:\/\/enolife.com.ar\/es\/wp-content\/uploads\/2024\/11\/Imagen5-2.jpg 400w, https:\/\/enolife.com.ar\/es\/wp-content\/uploads\/2024\/11\/Imagen5-2-150x150.jpg 150w\" sizes=\"auto, (max-width: 400px) 100vw, 400px\" \/><\/a><\/figure>\n<\/figure>\n\n\n\n<div style=\"height:30px\" aria-hidden=\"true\" class=\"wp-block-spacer\"><\/div>\n\n\n\n<p>Esta acci\u00f3n pretende dar valor al canal vinotequero, que se especializa en la atenci\u00f3n personalizada, el conocimiento de los clientes, sus gustos y preferencias. De este modo, aprovechar esta cercan\u00eda con el consumidor para agradecerles con momentos para recordar y distraerse, para compartir alegr\u00eda y vino.<\/p>\n\n\n\n<div style=\"height:30px\" aria-hidden=\"true\" class=\"wp-block-spacer\"><\/div>\n\n\n<div class=\"wp-block-image\">\n<figure class=\"aligncenter size-full is-resized\"><a href=\"https:\/\/enolife.com.ar\/es\/wp-content\/uploads\/2024\/11\/Imagen3-2.jpg\" data-rel=\"penci-gallery-image-content\" ><img loading=\"lazy\" decoding=\"async\" src=\"https:\/\/enolife.com.ar\/es\/wp-content\/uploads\/2024\/11\/Imagen3-2.jpg\" alt=\"\" class=\"wp-image-129120\" width=\"536\" height=\"362\" srcset=\"https:\/\/enolife.com.ar\/es\/wp-content\/uploads\/2024\/11\/Imagen3-2.jpg 742w, https:\/\/enolife.com.ar\/es\/wp-content\/uploads\/2024\/11\/Imagen3-2-300x202.jpg 300w, https:\/\/enolife.com.ar\/es\/wp-content\/uploads\/2024\/11\/Imagen3-2-585x394.jpg 585w\" sizes=\"auto, (max-width: 536px) 100vw, 536px\" \/><\/a><\/figure><\/div>\n\n\n<div style=\"height:30px\" aria-hidden=\"true\" class=\"wp-block-spacer\"><\/div>\n\n\n\n<p>Se har\u00e1n <strong>promociones <\/strong>en conjunto con diferentes bodegas con <strong>descuentos de hasta el 50%<\/strong>, y cada vinoteca ofrecer\u00e1 diversas actividades, tales como mini ferias, degustaciones, charlas, presentaci\u00f3n de alguna etiqueta en especial, shows, m\u00fasica y gastronom\u00eda.<\/p>\n\n\n\n<p>La edici\u00f3n 2023 del D\u00eda del Malbec tuvo como resultado la participaci\u00f3n de 700 vinotecas y para este a\u00f1o el objetivo es llegar a las 1.000, a lo largo y a lo ancho del pa\u00eds. El crecimiento de \u00abLa Noche de las Vinotecas\u00bb se puede observar tambi\u00e9n con la cantidad de seguidores de Instagram, que de 2023 a 2024 pas\u00f3 de 12.000 a 18.500, se puede <strong>seguir en <a href=\"https:\/\/www.instagram.com\/nochedelasvinotecas\/?hl=es\" title=\"\">@lanochedelasvinotecas<\/a><\/strong><\/p>\n\n\n\n<div style=\"height:20px\" aria-hidden=\"true\" class=\"wp-block-spacer\"><\/div>\n\n\n<div class=\"wp-block-image\">\n<figure class=\"alignleft size-full is-resized\"><a href=\"https:\/\/enolife.com.ar\/es\/wp-content\/uploads\/2024\/11\/455700169_460153060316946_5466511339665639696_n.jpg\" data-rel=\"penci-gallery-image-content\" ><img loading=\"lazy\" decoding=\"async\" src=\"https:\/\/enolife.com.ar\/es\/wp-content\/uploads\/2024\/11\/455700169_460153060316946_5466511339665639696_n.jpg\" alt=\"\" class=\"wp-image-129123\" width=\"224\" height=\"224\" srcset=\"https:\/\/enolife.com.ar\/es\/wp-content\/uploads\/2024\/11\/455700169_460153060316946_5466511339665639696_n.jpg 400w, https:\/\/enolife.com.ar\/es\/wp-content\/uploads\/2024\/11\/455700169_460153060316946_5466511339665639696_n-300x300.jpg 300w, https:\/\/enolife.com.ar\/es\/wp-content\/uploads\/2024\/11\/455700169_460153060316946_5466511339665639696_n-150x150.jpg 150w\" sizes=\"auto, (max-width: 224px) 100vw, 224px\" \/><\/a><\/figure><\/div>\n\n\n<p class=\"has-background\" style=\"background-color:#abb7c226\">Participan vinotecas de la Provincia de Buenos Aires, CABA, C\u00f3rdoba, La Pampa, Santiago del Estero, Santa F\u00e9, Entre R\u00edos, Corrientes, Misiones, Catamarca, Salta, Jujuy, La Rioja, Tucum\u00e1n, San Juan, C\u00f3rdoba, Mendoza, Neuqu\u00e9n, R\u00edo Negro, Chubut, Santa Cruz y Tierra del Fuego. <\/p>\n\n\n\n<p class=\"has-background\" style=\"background-color:#abb7c226\"><strong>Eleg\u00ed tu circuito <a href=\"https:\/\/www.google.com\/maps\/d\/u\/0\/viewer?fbclid=PAZXh0bgNhZW0CMTEAAaYp8-E4SEHU2Da3HnJSrJiBAoJVVIzXX_pFooLkKG5HoO5VwQFJ_bDAfCU_aem_dhRznPC7NxZ4ZnK8PJppvg&amp;mid=1iLJkcGLQBIfmpPEwF-zun1cA2Drtouw&amp;ll=-34.6062473756519%2C-58.506694058154295&amp;z=11\" title=\"\">AQU\u00cd<\/a><\/strong><\/p>\n\n\n\n<div style=\"height:30px\" aria-hidden=\"true\" class=\"wp-block-spacer\"><\/div>\n","protected":false},"excerpt":{"rendered":"<p>Para celebrar el d\u00eda del Vino Argentino como Bebida Nacional (24\/11), la C\u00e1mara Argentina de&hellip;<\/p>\n","protected":false},"author":3,"featured_media":129117,"comment_status":"open","ping_status":"open","sticky":false,"template":"","format":"standard","meta":{"footnotes":""},"categories":[47],"tags":[],"class_list":["post-129096","post","type-post","status-publish","format-standard","has-post-thumbnail","hentry","category-agenda"],"_links":{"self":[{"href":"https:\/\/enolife.com.ar\/es\/wp-json\/wp\/v2\/posts\/129096","targetHints":{"allow":["GET"]}}],"collection":[{"href":"https:\/\/enolife.com.ar\/es\/wp-json\/wp\/v2\/posts"}],"about":[{"href":"https:\/\/enolife.com.ar\/es\/wp-json\/wp\/v2\/types\/post"}],"author":[{"embeddable":true,"href":"https:\/\/enolife.com.ar\/es\/wp-json\/wp\/v2\/users\/3"}],"replies":[{"embeddable":true,"href":"https:\/\/enolife.com.ar\/es\/wp-json\/wp\/v2\/comments?post=129096"}],"version-history":[{"count":0,"href":"https:\/\/enolife.com.ar\/es\/wp-json\/wp\/v2\/posts\/129096\/revisions"}],"wp:featuredmedia":[{"embeddable":true,"href":"https:\/\/enolife.com.ar\/es\/wp-json\/wp\/v2\/media\/129117"}],"wp:attachment":[{"href":"https:\/\/enolife.com.ar\/es\/wp-json\/wp\/v2\/media?parent=129096"}],"wp:term":[{"taxonomy":"category","embeddable":true,"href":"https:\/\/enolife.com.ar\/es\/wp-json\/wp\/v2\/categories?post=129096"},{"taxonomy":"post_tag","embeddable":true,"href":"https:\/\/enolife.com.ar\/es\/wp-json\/wp\/v2\/tags?post=129096"}],"curies":[{"name":"wp","href":"https:\/\/api.w.org\/{rel}","templated":true}]}}