{"id":129034,"date":"2024-11-14T19:32:50","date_gmt":"2024-11-14T19:32:50","guid":{"rendered":"https:\/\/enolife.com.ar\/es\/?p=129034"},"modified":"2024-11-15T21:45:17","modified_gmt":"2024-11-15T21:45:17","slug":"balance-positivo-para-la-asociacion-de-enologos-de-chile-en-el-cierre-de-2024","status":"publish","type":"post","link":"https:\/\/enolife.com.ar\/es\/balance-positivo-para-la-asociacion-de-enologos-de-chile-en-el-cierre-de-2024\/","title":{"rendered":"Balance positivo para la Asociaci\u00f3n de En\u00f3logos de Chile en el cierre de 2024"},"content":{"rendered":"\n<h4 class=\"wp-block-heading\"><em><strong>La Asociaci\u00f3n Nacional de Ingenieros Agr\u00f3nomos En\u00f3logos de Chile (ANIAE) realiz\u00f3 el 9\/11 su asamblea anual en el valle de Colchagua, en Vi\u00f1a MontGras, durante el cual se inform\u00f3 a los 70 asistentes, el trabajo que la entidad ha realizado los \u00faltimos 12 meses, tales como la organizaci\u00f3n del concurso Carmen\u00e8re al Mundo, la celebraci\u00f3n del aniversario n\u00famero 70 del gremio, las catas cruzadas y de vinos \u00edconos, los informes de vendimia, as\u00ed como la preparaci\u00f3n para el XVII Congreso Latinoamericano de Viticultura y Enolog\u00eda para 2025. Tambi\u00e9n asumieron nuevos directores y se entreg\u00f3 el Premio al M\u00e9rito Vitivin\u00edcola a la en\u00f3loga Vesna Rojic Stancic-Rokototov.<\/strong><\/em><\/h4>\n\n\n\n<div style=\"height:35px\" aria-hidden=\"true\" class=\"wp-block-spacer\"><\/div>\n\n\n<a href=\"https:\/\/www.linkedin.com\/company\/agrinet-sa\/?originalSubdomain=ar\" aria-label=\"1700X500\"><img loading=\"lazy\" decoding=\"async\" src=\"https:\/\/enolife.com.ar\/es\/wp-content\/uploads\/2021\/11\/1700X500.gif\" alt=\"\"  width=\"1700\" height=\"500\"   \/><\/a>\n\n\n<div style=\"height:45px\" aria-hidden=\"true\" class=\"wp-block-spacer\"><\/div>\n\n\n\n<p>El pasado s\u00e1bado 9 de noviembre, la Asociaci\u00f3n Nacional de Ingenieros Agr\u00f3nomos En\u00f3logos (ANIAE) llev\u00f3 a cabo su asamblea anual 2024 en el valle de Colchagua, en Vi\u00f1a MontGras. El evento cont\u00f3 con la presencia de m\u00e1s de 70 personas, entre los miembros del directorio, zonales, en\u00f3logos y amigos del gremio.<\/p>\n\n\n\n<p>En esta ocasi\u00f3n, se inform\u00f3 el trabajo que ANIAE ha realizado los \u00faltimos 12 meses, entre lo que podemos destacar la organizaci\u00f3n del concurso Carmen\u00e8re al Mundo, la celebraci\u00f3n del aniversario n\u00famero 70 del gremio, las catas cruzadas y de vinos \u00edconos, los informes de vendimia, as\u00ed como la preparaci\u00f3n para el XVII Congreso Latinoamericano de Viticultura y Enolog\u00eda.<\/p>\n\n\n\n<p>Luego se procedi\u00f3 a la votaci\u00f3n para la renovaci\u00f3n anual del directorio. De los directores que estuvieron al frente de la asociaci\u00f3n este 2024, cinco cumplieron su ciclo, de los cuales <strong>Patricia Rodr\u00edguez<\/strong> y <strong>V\u00edctor Rivera <\/strong>fueron a reelectos. Los otros tres -Elba Hormaz\u00e1bal, Marcelo Toro y Jos\u00e9 \u00c1lvarez- dejaron lugar a nuevos integrantes que ser\u00e1n parte del equipo de trabajo 2025-2026: <strong>Manuel Flores<\/strong>, <strong>Patricia Roca<\/strong> y <strong>Philippo Pszczolkowski<\/strong>. Los cargos de cada director ser\u00e1n definidos dentro de las pr\u00f3ximas semanas.<\/p>\n\n\n\n<p><strong>Elba Hormaz\u00e1bal<\/strong>, <strong>en\u00f3loga saliente <\/strong>quien estuvo cuatro a\u00f1os en el cargo de <strong>zonal del Maipo<\/strong> y cuatro a\u00f1os en el directorio, relata que haber participado le permiti\u00f3 conocer a otros en\u00f3logos y ampliar su conocimiento de otros valles, descubriendo tambi\u00e9n otras realidades latinoamericanas. <em>\u201cEstar en la directiva de la Asociaci\u00f3n de En\u00f3logos de Am\u00e9rica, adem\u00e1s de la ANIAE, ha sido s\u00faper importante para entender c\u00f3mo trabajan nuestros colegas desde otra mirada, otro valle, otro clima\u201d, comenta. De su participaci\u00f3n como secretaria y luego vicepresidente de la ANIAE, Elba rescata principalmente \u201cel respeto que ha habido para trabajar con los colegas del directorio, con un buen v\u00ednculo para resolver las eventuales divergencias, pensando siempre en lo que puede ser mejor para la asociaci\u00f3n y los en\u00f3logos en Chile.\u201d<\/em><\/p>\n\n\n\n<p><strong>Jos\u00e9 \u00c1lvarez,<\/strong> otro <strong>en\u00f3logo saliente<\/strong>, dedic\u00f3 dos a\u00f1os a la asociaci\u00f3n como <strong>zonal del valle de Cachapoal<\/strong>, luego dos a\u00f1os m\u00e1s como director a cargo de los zonales. Siempre ha cre\u00eddo en la asociatividad y observa que <em>\u201cpertenecer a ANIAE es parte de un compromiso serio, un compromiso importante con el gremio y con los asociados. La asociaci\u00f3n requiere de nuestra mejor versi\u00f3n, nuestro apoyo y participaci\u00f3n activa.\u201d<\/em> Jos\u00e9 cuenta que, como zonal, alcanz\u00f3 a impulsar tanto las actividades en el Cachapoal como la convocatoria de ese valle, y a\u00f1ade: <em>\u201cFue un movimiento bien lindo, que me motiv\u00f3 a postularme a director<\/em>\u201d. De los dos a\u00f1os que estuvo a cargo de los zonales, destaca de una parte la capacidad de escucha por parte del directorio respecto a las inquietudes de los asociados y, de otra, la consolidaci\u00f3n de las catas cruzadas como un momento para que los colegas puedan juntarse y compartir en torno al vino. <em>\u201cMi mensaje a quienes est\u00e1n integrando el directorio es tratar de mantener lo que se ha logrado, darle continuidad y dedicar el tiempo que se requiere a la asociaci\u00f3n\u201d<\/em>, comenta.<\/p>\n\n\n\n<div style=\"height:30px\" aria-hidden=\"true\" class=\"wp-block-spacer\"><\/div>\n\n\n<div class=\"wp-block-image\">\n<figure class=\"aligncenter size-full is-resized\"><a href=\"https:\/\/enolife.com.ar\/es\/wp-content\/uploads\/2024\/11\/2-Asamblea2024-136-1.jpg\" data-rel=\"penci-gallery-image-content\" ><img loading=\"lazy\" decoding=\"async\" src=\"https:\/\/enolife.com.ar\/es\/wp-content\/uploads\/2024\/11\/2-Asamblea2024-136-1.jpg\" alt=\"\" class=\"wp-image-129042\" width=\"583\" height=\"369\" srcset=\"https:\/\/enolife.com.ar\/es\/wp-content\/uploads\/2024\/11\/2-Asamblea2024-136-1.jpg 789w, https:\/\/enolife.com.ar\/es\/wp-content\/uploads\/2024\/11\/2-Asamblea2024-136-1-300x190.jpg 300w, https:\/\/enolife.com.ar\/es\/wp-content\/uploads\/2024\/11\/2-Asamblea2024-136-1-768x487.jpg 768w, https:\/\/enolife.com.ar\/es\/wp-content\/uploads\/2024\/11\/2-Asamblea2024-136-1-585x371.jpg 585w\" sizes=\"auto, (max-width: 583px) 100vw, 583px\" \/><\/a><figcaption class=\"wp-element-caption\"><em><strong>En nuevo directorio de ANIAE, de izq a der: Manuel Flores, V\u00edctor Rivera, Patricia Rodr\u00edguez, Manuela Astaburuaga (presidenta), Patricia Roca, Antonio Bunster, Jorge Rojas, Mariona Gil I Cortiella y Philippo Pszczolkowski.<\/strong><\/em><\/figcaption><\/figure><\/div>\n\n\n<div style=\"height:30px\" aria-hidden=\"true\" class=\"wp-block-spacer\"><\/div>\n\n\n\n<p>A su vez, el en\u00f3logo <strong>Manuel Flores<\/strong>, quien este a\u00f1o postul\u00f3 al directorio por primera vez, desde el 2020 ha sido <strong>zonal de Casablanca\/Aconcagua.<\/strong> Relata que en el Aconcagua no exist\u00eda un zonal espec\u00edfico, por lo que fue un desaf\u00edo juntar profesionales de ese valle en una comunidad que hasta hoy se mantiene y se ayuda, especialmente en materia de enolog\u00eda. Menciona tambi\u00e9n las catas cruzadas, que han realizado en conjunto con Casablanca. De su participaci\u00f3n como zonal, Manuel destaca: <em>\u201cA m\u00ed me aport\u00f3 principalmente poder acercarme a m\u00e1s colegas, podernos prestar ayuda entre nosotros, como un ecosistema de apoyo entre todos.\u201d <\/em>En cuanto a su motivaci\u00f3n para postular a director de ANIAE, busca <em>\u201ctratar de aportar a\u00fan m\u00e1s por la valorizaci\u00f3n de la profesi\u00f3n, darle m\u00e1s visibilidad a la importancia de ser en\u00f3logo en Chile y, como segundo punto, promover el consumo del vino, mejorando tanto la comercializaci\u00f3n como las exportaciones del vino a partir de la asociaci\u00f3n.\u201d<\/em><\/p>\n\n\n\n<p>La en\u00f3loga<strong> Patricia Roca<\/strong>, quien <strong>por primera vez ser\u00e1 parte del directorio,<\/strong> cree que puede ser un aporte por contar con experiencia desde los distintos cargos que ha ocupado. Actualmente es parte del directorio de una empresa en el \u00e1rea de la innovaci\u00f3n, ha prestado servicios como en\u00f3loga y tiene su propio proyecto, habiendo participado igualmente en grupos de trabajo de la Organizaci\u00f3n Internacional de la Vi\u00f1a y el Vino. <em>\u201cDesde mi experiencia, creo que tengo una visi\u00f3n bastante amplia, por lo que puedo aportar con ideas y nuevos desaf\u00edos\u201d,<\/em> afirma. <\/p>\n\n\n\n<p>Por otro lado <strong>Philippo Pszczolkowski<\/strong>, <strong>miembro de la ANIAE desde 1974<\/strong>, ya ha sumado 25 a\u00f1os como director del gremio, ocupando su presidencia durante seis a\u00f1os. El en\u00f3logo afirma que esta vez entra al directorio \u201ccomo una \u2018pseudomemoria\u2019 viva\u201d. Fue presidente de la ANIAE en 1994, cuando se realiz\u00f3 en Chile el IV Congreso Latinoamericano de Viticultura y Enolog\u00eda, ocasi\u00f3n que dio lugar al redescubrimiento del Carmen\u00e8re. Philippo cuenta con experiencia para poder aportar tanto a la asociaci\u00f3n como a la organizaci\u00f3n de la XVII edici\u00f3n del congreso, que ser\u00e1 en Chile el 2025.<em> \u201cMe siento muy miembro de la ANIAE, conf\u00edo que podr\u00e9 aportar algo y no causar expectativas en lo que se espera\u201d<\/em>.<\/p>\n\n\n\n<div style=\"height:35px\" aria-hidden=\"true\" class=\"wp-block-spacer\"><\/div>\n\n\n\n<p class=\"has-medium-font-size\"><strong>Premio al M\u00e9rito Vitivin\u00edcola 2024 <\/strong><\/p>\n\n\n\n<p>Posterior a la renovaci\u00f3n de Directorio, se realiz\u00f3 la ceremonia de <strong>entrega del Premio al M\u00e9rito Vitivin\u00edcola 2024 a la en\u00f3loga Vesna Rojic Stancic-Rokotov<\/strong>, como reconocimiento de su extensa trayectoria profesional, adem\u00e1s de su compromiso gremial y calidad humana. <\/p>\n\n\n\n<div style=\"height:30px\" aria-hidden=\"true\" class=\"wp-block-spacer\"><\/div>\n\n\n<div class=\"wp-block-image\">\n<figure class=\"aligncenter size-full is-resized\"><a href=\"https:\/\/enolife.com.ar\/es\/wp-content\/uploads\/2024\/11\/3-Asamblea2024-165.jpg\" data-rel=\"penci-gallery-image-content\" ><img loading=\"lazy\" decoding=\"async\" src=\"https:\/\/enolife.com.ar\/es\/wp-content\/uploads\/2024\/11\/3-Asamblea2024-165.jpg\" alt=\"\" class=\"wp-image-129045\" width=\"590\" height=\"394\" srcset=\"https:\/\/enolife.com.ar\/es\/wp-content\/uploads\/2024\/11\/3-Asamblea2024-165.jpg 748w, https:\/\/enolife.com.ar\/es\/wp-content\/uploads\/2024\/11\/3-Asamblea2024-165-300x201.jpg 300w, https:\/\/enolife.com.ar\/es\/wp-content\/uploads\/2024\/11\/3-Asamblea2024-165-585x391.jpg 585w\" sizes=\"auto, (max-width: 590px) 100vw, 590px\" \/><\/a><figcaption class=\"wp-element-caption\"><em><strong>Manuela Astaburuaga, Vesna Rojic Stancic-Rokotov y Felipe de Solminihac<\/strong><\/em><\/figcaption><\/figure><\/div>\n\n\n<div style=\"height:30px\" aria-hidden=\"true\" class=\"wp-block-spacer\"><\/div>\n\n\n\n<p>Vesna ha participado activamente en actividades de la ANIAE, encarg\u00e1ndose tambi\u00e9n de catas y giras t\u00e9cnicas en la Cofrad\u00eda al M\u00e9rito Vitivin\u00edcola. Dentro de su trayectoria profesional, destacan la docencia en el antiguo departamento de Frutales y Vi\u00f1a de la Pontificia Universidad Cat\u00f3lica de Chile, as\u00ed como en el marco del Diplomado en Vino Chileno que ofrece esta universidad. Adicionalmente, trabaj\u00f3 como en\u00f3loga y prest\u00f3 asesor\u00eda t\u00e9cnica a diferentes bodegas, logrando mejorar la competitividad y profesionalizaci\u00f3n del medio. <em>\u201cHa sido muy emocionante recibir este premio, estoy muy contenta. Luego de tan larga trayectoria, mirando hacia atr\u00e1s uno ve todos los cambios que hubo en la enolog\u00eda y en el vino chileno. Hay toda una vida transcurrida, uno lo recibe de una manera diferente<\/em>\u201d, declara la en\u00f3loga.<\/p>\n\n\n\n<div style=\"height:10px\" aria-hidden=\"true\" class=\"wp-block-spacer\"><\/div>\n\n\n\n<p>Finalmente, la jornada termin\u00f3 con un almuerzo entre colegas y amigos en las instalaciones de la vi\u00f1a anfitriona, MontGras, que concedi\u00f3 el espacio para la realizaci\u00f3n de este evento.<\/p>\n\n\n\n<div style=\"height:30px\" aria-hidden=\"true\" class=\"wp-block-spacer\"><\/div>\n","protected":false},"excerpt":{"rendered":"<p>La Asociaci\u00f3n Nacional de Ingenieros Agr\u00f3nomos En\u00f3logos de Chile (ANIAE) realiz\u00f3 el 9\/11 su asamblea&hellip;<\/p>\n","protected":false},"author":3,"featured_media":129041,"comment_status":"open","ping_status":"open","sticky":false,"template":"","format":"standard","meta":{"footnotes":""},"categories":[14],"tags":[],"class_list":["post-129034","post","type-post","status-publish","format-standard","has-post-thumbnail","hentry","category-news"],"_links":{"self":[{"href":"https:\/\/enolife.com.ar\/es\/wp-json\/wp\/v2\/posts\/129034","targetHints":{"allow":["GET"]}}],"collection":[{"href":"https:\/\/enolife.com.ar\/es\/wp-json\/wp\/v2\/posts"}],"about":[{"href":"https:\/\/enolife.com.ar\/es\/wp-json\/wp\/v2\/types\/post"}],"author":[{"embeddable":true,"href":"https:\/\/enolife.com.ar\/es\/wp-json\/wp\/v2\/users\/3"}],"replies":[{"embeddable":true,"href":"https:\/\/enolife.com.ar\/es\/wp-json\/wp\/v2\/comments?post=129034"}],"version-history":[{"count":0,"href":"https:\/\/enolife.com.ar\/es\/wp-json\/wp\/v2\/posts\/129034\/revisions"}],"wp:featuredmedia":[{"embeddable":true,"href":"https:\/\/enolife.com.ar\/es\/wp-json\/wp\/v2\/media\/129041"}],"wp:attachment":[{"href":"https:\/\/enolife.com.ar\/es\/wp-json\/wp\/v2\/media?parent=129034"}],"wp:term":[{"taxonomy":"category","embeddable":true,"href":"https:\/\/enolife.com.ar\/es\/wp-json\/wp\/v2\/categories?post=129034"},{"taxonomy":"post_tag","embeddable":true,"href":"https:\/\/enolife.com.ar\/es\/wp-json\/wp\/v2\/tags?post=129034"}],"curies":[{"name":"wp","href":"https:\/\/api.w.org\/{rel}","templated":true}]}}