{"id":12878,"date":"2020-05-18T21:20:53","date_gmt":"2020-05-18T21:20:53","guid":{"rendered":"http:\/\/enolife.com.ar\/es\/?p=12878"},"modified":"2020-05-20T03:32:03","modified_gmt":"2020-05-20T03:32:03","slug":"se-cancelo-el-43-congreso-mundial-de-la-oiv-en-chile-en-noviembre-2020-por-la-pandemia","status":"publish","type":"post","link":"https:\/\/enolife.com.ar\/es\/se-cancelo-el-43-congreso-mundial-de-la-oiv-en-chile-en-noviembre-2020-por-la-pandemia\/","title":{"rendered":"Se cancel\u00f3 el 43\u00b0 Congreso Mundial de la OIV en Chile en noviembre 2020, por la pandemia"},"content":{"rendered":"\n<h4 class=\"wp-block-heading\"><em><strong>El Ministerio de Agricultura de Chile anunci\u00f3 que no realizar\u00e1 el m\u00e1s importante encuentro del planeta vino, que ya se hab\u00eda organizado en el vecino pa\u00eds en 1971 y 1986. No hay noticias de que se piense hacer online. La tem\u00e1tica del c\u00f3nclave iba a ser la sustentabilidad y el cuidado del medioambiente. El a\u00f1o que viene tendr\u00e1 lugar en Uzbekist\u00e1n. En 2014 se celebr\u00f3 en Mendoza, Argentina, siendo presidenta de la OIV la mendocina Claudia Quini.   <\/strong><\/em><\/h4>\n\n\n\n<div style=\"height:20px\" aria-hidden=\"true\" class=\"wp-block-spacer\"><\/div>\n\n\n\n<p>Carolina Buzzetti Horta, del Ministerio de Agricultura de Chile y coordinadora general del comit\u00e9 organizador del 43\u00ba Congreso Mundial de la Organizaci\u00f3n de la Vi\u00f1a y el Vino (OIV) comunic\u00f3 que la decisi\u00f3n fue tomada \u00abdebido al escenario incierto que est\u00e1 viviendo Chile en relaci\u00f3n  a la pandemia de covid-19\u00bb. <\/p>\n\n\n\n<div class=\"wp-block-image\"><figure class=\"alignleft\"><img decoding=\"async\" src=\"https:\/\/www.wip.cl\/wp-content\/uploads\/2020\/05\/CANCELADOCONGRESO_.jpg\" alt=\"CANCELADO \/ APLAZADO 43\u00b0 CONGRESO OIV CHILE 2020 | WIP\"\/><\/figure><\/div>\n\n\n\n<p>Buzzetti Horta explic\u00f3 que \u00abel Congreso estaba organizado para ser de primer nivel, con charlas magistrales todos los d\u00edas en cada una de las \u00e1reas tem\u00e1ticas de la OIV de quienes estaban dispuestos a viajar,  pero debido a la incertidumbre no es seguro comprometer su participaci\u00f3n\u00bb.<\/p>\n\n\n\n<p>La situaci\u00f3n econ\u00f3mica compleja asociada a la contingencia, como en todos los pa\u00edses, gener\u00f3 a Chile un costo p\u00fablico muy alto, con lo cual todos sus ministerios redujeron sus presupuestos, no s\u00f3lo para el 2020 sino tambi\u00e9n para lo que est\u00e1 programado para 2021, con lo cual se dificulta sustentar un congreso de tal magnitud. El pa\u00eds vecino ya hab\u00eda sido anfitri\u00f3n de este congreso en 1971, cuando tuvo 300 asistentes, en 1986 con 630 y para este a\u00f1o se esperaban al menos 1.000 personas.<\/p>\n\n\n\n<div style=\"height:20px\" aria-hidden=\"true\" class=\"wp-block-spacer\"><\/div>\n\n\n\n<div class=\"wp-block-image\"><figure class=\"aligncenter is-resized\"><img loading=\"lazy\" decoding=\"async\" src=\"https:\/\/img.interempresas.net\/fotos\/1017191.jpeg\" alt=\"Argentina acoge el 37\u00b0Congreso Mundial de la Vi\u00f1a y el Vino y la ...\" width=\"532\" height=\"355\"\/><figcaption><strong> <\/strong><em><strong>En 2014, el 37\u00b0 Congreso de la OIV se celebr\u00f3 en el Hotel Intercontinental de Mendoza. En las reuniones participaron m\u00e1s de 1.000 asistentes de 46 pa\u00edses<\/strong>.<\/em><\/figcaption><\/figure><\/div>\n\n\n\n<div style=\"height:20px\" aria-hidden=\"true\" class=\"wp-block-spacer\"><\/div>\n\n\n\n<p>Para los dos pr\u00f3ximos a\u00f1os los pa\u00edses anfitriones ya est\u00e1n asignados: el congreso en 2021 ser\u00e1 en Uzbekist\u00e1n, y en 2022 en M\u00e9xico. En tanto, para 2023 a\u00fan se debe designar la sede entre los pa\u00edses vitivin\u00edcolas del  hemisferio Norte. En 2024 tambi\u00e9n le correspond\u00eda al hemisferio Sur, pero siendo coincidente ese a\u00f1o con el 100\u00b0 aniversario de la OIV, ser\u00e1 celebrado en Par\u00eds, donde est\u00e1 la sede central de la Organizaci\u00f3n. Hasta las reuniones de junio pr\u00f3ximo no se podr\u00e1 saber si Chile tendr\u00e1 otra fecha.<\/p>\n\n\n\n<p>El acad\u00e9mico de la Universidad de Chile, Alvaro Pe\u00f1a, coordinador cient\u00edfico del Congreso, expres\u00f3 que ven\u00edan trabajando con un comit\u00e9 desde el 2018 con el Ministerio de Agricultura y la Oficina de Estudios y Pol\u00edticas Agrarias (Odepa) a la cabeza, adem\u00e1s de representantes de Wines of Chile, Fedefruta (uva de mesa), Pisco Chile, las universidades que dictan la carrera de Enolog\u00eda (Universidad de Chile, Universidad de Talca  y Pontificia Universidad Cat\u00f3lica de Chile) y la  Asociaci\u00f3n de Agr\u00f3nomos y En\u00f3logos de Chile (Aniae).  <\/p>\n\n\n\n<p>Adriana Cer\u00f3n, presidenta tambi\u00e9n de la Aniae, expres\u00f3 que \u00abes una decisi\u00f3n que claramente deja un sentimiento de frustraci\u00f3n\u00bb, pero al mismo tiempo admiti\u00f3 que \u00abes el camino correcto\u00bb.<\/p>\n\n\n\n<div style=\"height:20px\" aria-hidden=\"true\" class=\"wp-block-spacer\"><\/div>\n\n\n\n<p class=\"has-small-font-size\"><em><strong>Fuente OIV y Wip.cl<\/strong><\/em><\/p>\n","protected":false},"excerpt":{"rendered":"<p>El Ministerio de Agricultura de Chile anunci\u00f3 que no realizar\u00e1 el m\u00e1s importante encuentro del&hellip;<\/p>\n","protected":false},"author":3,"featured_media":12910,"comment_status":"open","ping_status":"open","sticky":false,"template":"","format":"standard","meta":{"footnotes":""},"categories":[47],"tags":[],"class_list":["post-12878","post","type-post","status-publish","format-standard","has-post-thumbnail","hentry","category-agenda"],"_links":{"self":[{"href":"https:\/\/enolife.com.ar\/es\/wp-json\/wp\/v2\/posts\/12878","targetHints":{"allow":["GET"]}}],"collection":[{"href":"https:\/\/enolife.com.ar\/es\/wp-json\/wp\/v2\/posts"}],"about":[{"href":"https:\/\/enolife.com.ar\/es\/wp-json\/wp\/v2\/types\/post"}],"author":[{"embeddable":true,"href":"https:\/\/enolife.com.ar\/es\/wp-json\/wp\/v2\/users\/3"}],"replies":[{"embeddable":true,"href":"https:\/\/enolife.com.ar\/es\/wp-json\/wp\/v2\/comments?post=12878"}],"version-history":[{"count":0,"href":"https:\/\/enolife.com.ar\/es\/wp-json\/wp\/v2\/posts\/12878\/revisions"}],"wp:featuredmedia":[{"embeddable":true,"href":"https:\/\/enolife.com.ar\/es\/wp-json\/wp\/v2\/media\/12910"}],"wp:attachment":[{"href":"https:\/\/enolife.com.ar\/es\/wp-json\/wp\/v2\/media?parent=12878"}],"wp:term":[{"taxonomy":"category","embeddable":true,"href":"https:\/\/enolife.com.ar\/es\/wp-json\/wp\/v2\/categories?post=12878"},{"taxonomy":"post_tag","embeddable":true,"href":"https:\/\/enolife.com.ar\/es\/wp-json\/wp\/v2\/tags?post=12878"}],"curies":[{"name":"wp","href":"https:\/\/api.w.org\/{rel}","templated":true}]}}