{"id":12868,"date":"2020-05-18T22:07:03","date_gmt":"2020-05-18T22:07:03","guid":{"rendered":"http:\/\/enolife.com.ar\/es\/?p=12868"},"modified":"2020-06-26T23:20:20","modified_gmt":"2020-06-26T23:20:20","slug":"por-75-000-euros-la-oiv-busca-una-empresa-que-renueve-su-estrategia-digital","status":"publish","type":"post","link":"https:\/\/enolife.com.ar\/es\/por-75-000-euros-la-oiv-busca-una-empresa-que-renueve-su-estrategia-digital\/","title":{"rendered":"Por 75.000 euros, la OIV busca una empresa que renueve su estrategia digital"},"content":{"rendered":"\n<h4 class=\"wp-block-heading\"><em><strong>Con el objetivo de perfeccionar el proceso de digitalizaci\u00f3n que hoy requieren para su mejor funcionamiento todos los sectores de la econom\u00eda, la Organizaci\u00f3n Internacional de la Vid y el Vino (OIV) llama a presentar proyectos hasta el 31 de julio. El ganador ser\u00e1 contratado por una suma equivalente, hoy, a 10.500.000 pesos argentinos. <\/strong><\/em><\/h4>\n\n\n\n<div style=\"height:20px\" aria-hidden=\"true\" class=\"wp-block-spacer\"><\/div>\n\n\n\n<p>La Organizaci\u00f3n Internacional de la Vid y el Vino (OIV) public\u00f3 el pasado 15 de mayo una convocatoria abierta a todas las empresas y desarrolladores digitales del mundo, que tiene por objetivo renovar su programaci\u00f3n digital, sitios webs, redes sociales, etc\u00e9tera, acorde a los tiempos que corren. Los proyectos deben encuadrarse en una estrategia a largo plazo explicitada en las bases del llamado, que a continuaci\u00f3n reproducimos \u00edntegramente:<\/p>\n\n\n\n<p>\u00abCon la intenci\u00f3n de actualizar y optimizar la capacidad y eficiencia en t\u00e9rminos de comunicaci\u00f3n interna y\/externa con sus partes interesadas y la gesti\u00f3n de datos\/informaci\u00f3n -publica la entidad rectora del vino en el mundo., la OIV necesita una visi\u00f3n global de los proyectos TI por lo que abri\u00f3 una convocatoria de propuestas para llevar a cabo una estrategia de transformaci\u00f3n digital de la instituci\u00f3n\u00bb.<\/p>\n\n\n\n<div style=\"height:20px\" aria-hidden=\"true\" class=\"wp-block-spacer\"><\/div>\n\n\n\n<div class=\"wp-block-image\"><figure class=\"alignleft is-resized\"><img loading=\"lazy\" decoding=\"async\" src=\"https:\/\/pbs.twimg.com\/media\/Cn5qQaNW8AAafHz.png\" alt=\"OIV on Twitter: &quot;Consult this year's winning books #OIVAwards ...\" width=\"181\" height=\"166\"\/><\/figure><\/div>\n\n\n\n<p>\u00abLa Organizaci\u00f3n Internacional de la Vi\u00f1a y el Vino (OIV) es una organizaci\u00f3n intergubernamental de naturaleza cient\u00edfica y t\u00e9cnica de reconocida competencia por sus trabajos relacionados con las vides, el vino, las bebidas a base de vino, las uvas de mesa, las pasas y otros productos a base de vid\u00bb. <\/p>\n\n\n\n<p>\u00abLa misi\u00f3n de la OIV se establece en un Plan Estrat\u00e9gico de cinco a\u00f1os<strong> <a href=\"http:\/\/www.oiv.int\/public\/medias\/7156\/en-oiv-strategic-plan-2020-2024-web.pdf\">Ver Aqu\u00ed<\/a>, <\/strong>fijando<strong> <\/strong>objetivos y prioridades. Los ejes de este plan son:<\/p>\n\n\n\n<div style=\"height:20px\" aria-hidden=\"true\" class=\"wp-block-spacer\"><\/div>\n\n\n\n<ul class=\"wp-block-list\"><li>Promover la vitivinicultura ecol\u00f3gica.<\/li><li>Promover la actividad econ\u00f3mica de acuerdo con los principios del desarrollo sostenible y del crecimiento y la globalizaci\u00f3n de los mercados. <\/li><li>Contribuir al desarrollo social a trav\u00e9s de la vitivinicultura.<\/li><li>Perseguir el desarrollo de un entorno regulatorio armonizado. <\/li><li>Facilitar la transici\u00f3n digital del sector.<\/li><li>Consolidar el papel de la OIV como una organizaci\u00f3n mundial de referencia cient\u00edfica, t\u00e9cnica y cultural\u00bb.<\/li><\/ul>\n\n\n\n<p>\u00abPara una mejor comprensi\u00f3n de la compleja estructura y funcionamiento de la organizaci\u00f3n, se recomienda consultar el documento \u00abComprensi\u00f3n de la OIV\u00bb a<a href=\"http:\/\/www.oiv.int\/public\/medias\/6350\/en-understanding-the-oiv-print.pdf\">qu\u00ed<\/a>. Por otra parte, la estructura interna del personal de la OIV con sede en la sede de Par\u00eds se presenta en <a href=\"http:\/\/www.oiv.int\/public\/medias\/7204\/organigramme-oiv-sg-2020.pdf\">este link<\/a>.<\/p>\n\n\n\n<div style=\"height:20px\" aria-hidden=\"true\" class=\"wp-block-spacer\"><\/div>\n\n\n\n<p class=\"has-medium-font-size\"><strong>El proyecto surge de:<\/strong><\/p>\n\n\n\n<ul class=\"wp-block-list\"><li>La necesidad de la OIV de actualizar su capacidad en t\u00e9rminos de comunicaci\u00f3n y la gesti\u00f3n de datos, <\/li><li>Reforzar su imagen como organismo de referencia en el sector vitivin\u00edcola <\/li><li>Mejorar la capacidad de servir eficazmente a sus Estados miembros. <\/li><\/ul>\n\n\n\n<p>\u00abPara convertirse en un l\u00edder en su campo y establecer una base s\u00f3lida para su futuro, la OIV necesita una inversi\u00f3n a largo plazo alineada con las mejores pr\u00e1cticas de TI. Para que la inversi\u00f3n sea efectiva e impactante se necesita un plan maestro. En el centro de este plan debe haber una TI centrada en el usuario, conectada y comunicada, capaz de simplificar y racionalizar los procesos internos y basada en bases seguras. La propuesta de proyecto abarcar\u00e1, en un plan org\u00e1nico y estructural, diferentes \u00e1reas de intervenci\u00f3n que definir\u00e1 el licitador despu\u00e9s de una evaluaci\u00f3n cuidadosa\u00bb.<\/p>\n\n\n\n<div style=\"height:20px\" aria-hidden=\"true\" class=\"wp-block-spacer\"><\/div>\n\n\n\n<div class=\"wp-block-image\"><figure class=\"aligncenter\"><img decoding=\"async\" src=\"https:\/\/www.7canibales.com\/wp-content\/uploads\/2015\/07\/oiv.jpg\" alt=\"Por una definici\u00f3n de sumiller | 7can\u00edbales.com\"\/><\/figure><\/div>\n\n\n\n<div style=\"height:20px\" aria-hidden=\"true\" class=\"wp-block-spacer\"><\/div>\n\n\n\n<p class=\"has-medium-font-size\"><strong>Alcance del trabajo<\/strong><\/p>\n\n\n\n<p>\u00abDada la naturaleza particular de la organizaci\u00f3n y las caracter\u00edsticas espec\u00edficas de su actividad, se requiere que se realice una evaluaci\u00f3n profunda de las necesidades como primer paso. <\/p>\n\n\n\n<p>\u00abEsto ciertamente requerir\u00e1 una auditor\u00eda de TI existente y entrevistas con el personal de la OIV. En esta fase tambi\u00e9n se recomienda consultar el Plan Estrat\u00e9gico actual (ver anexo A) y tenerlo en cuenta para determinar las necesidades de TI de la organizaci\u00f3n. <\/p>\n\n\n\n<p>\u00abAl mismo tiempo, la propuesta debe considerar cu\u00e1les son las estrategias de digitalizaci\u00f3n implementadas actualmente por otras organizaciones intergubernamentales, realizando un an\u00e1lisis de referencia de las mejores pr\u00e1cticas en este universo muy espec\u00edfico. <\/p>\n\n\n\n<p>\u00abEl proceso deber\u00eda lograr la identificaci\u00f3n de iniciativas y oportunidades digitales en diferentes \u00e1reas de trabajo de la OIV. Una vez identificadas, las acciones a tomar deben priorizarse e incluirse en un plan detallado. <\/p>\n\n\n\n<p>\u00abEste plan debe proporcionar una hoja de ruta para implementar eficazmente el proyecto de transformaci\u00f3n digital en un horizonte temporal de dos a tres a\u00f1os.<\/p>\n\n\n\n<p>\u00abEl resultado esperado de este proyecto es un documento detallado con los t\u00e9rminos de referencia de una estrategia de transformaci\u00f3n digital de la OIV. <\/p>\n\n\n\n<div style=\"height:20px\" aria-hidden=\"true\" class=\"wp-block-spacer\"><\/div>\n\n\n\n<p class=\"has-medium-font-size\"><strong>Duraci\u00f3n del trabajo<\/strong><\/p>\n\n\n\n<p>\u00abEl proceso no debe demorar m\u00e1s de 6 semanas y debe entregarse antes de la fecha l\u00edmite del 31 de julio de 2020. Hay un calendario especial que podr\u00e1 verse en el informe completo de la OIV (link al final de la nota).<\/p>\n\n\n\n<div style=\"height:20px\" aria-hidden=\"true\" class=\"wp-block-spacer\"><\/div>\n\n\n\n<div class=\"wp-block-image\"><figure class=\"aligncenter size-large is-resized\"><img loading=\"lazy\" decoding=\"async\" src=\"https:\/\/enolife.com.ar\/es\/wp-content\/uploads\/2020\/05\/image-11.png\" alt=\"\" class=\"wp-image-12946\" width=\"545\" height=\"394\" srcset=\"https:\/\/enolife.com.ar\/es\/wp-content\/uploads\/2020\/05\/image-11.png 415w, https:\/\/enolife.com.ar\/es\/wp-content\/uploads\/2020\/05\/image-11-300x217.png 300w\" sizes=\"auto, (max-width: 545px) 100vw, 545px\" \/><figcaption><strong>Edificio de la sede central de la OIV en Par\u00eds, Francia<\/strong><\/figcaption><\/figure><\/div>\n\n\n\n<div style=\"height:20px\" aria-hidden=\"true\" class=\"wp-block-spacer\"><\/div>\n\n\n\n<p class=\"has-medium-font-size\"><strong>Asignaci\u00f3n de presupuesto<\/strong><\/p>\n\n\n\n<p>Las propuestas de proyectos no deben exceder los setenta y cinco mil euros (75.000 \u20ac), incluidos todos los impuestos, comisiones, cargos bancarios y otras tarifas aplicables que se puedan incurrir en el proceso.<\/p>\n\n\n\n<div style=\"height:20px\" aria-hidden=\"true\" class=\"wp-block-spacer\"><\/div>\n\n\n\n<p class=\"has-medium-font-size\"><strong>Criterios de preselecci\u00f3n  <\/strong><\/p>\n\n\n\n<ul class=\"wp-block-list\"><li>Adecuaci\u00f3n de la agencia para la asignaci\u00f3n.<\/li><li>Extensi\u00f3n de la red de la agencia.<\/li><li>N\u00famero de proyectos similares completados en los \u00faltimos 5 a\u00f1os.<\/li><li>A\u00f1os en existencia.<\/li><li>Proyectos manejados en los \u00faltimos 5 a\u00f1os.<\/li><\/ul>\n\n\n\n<div style=\"height:20px\" aria-hidden=\"true\" class=\"wp-block-spacer\"><\/div>\n\n\n\n<p class=\"has-medium-font-size\"><strong>Criterios de selecci\u00f3n de propuesta t\u00e9cnica <\/strong><\/p>\n\n\n\n<ul class=\"wp-block-list\"><li>Calidad del personal que se asignar\u00e1 al proyecto <\/li><li> Experiencia y capacidad del consultor<\/li><li>Plan de enfoque y metodolog\u00eda<\/li><li>Presentaci\u00f3n de propuestas<\/li><\/ul>\n\n\n\n<div style=\"height:20px\" aria-hidden=\"true\" class=\"wp-block-spacer\"><\/div>\n\n\n\n<p>\u00abLas propuestas deben estar escritas en uno de los siguientes idiomas: ingl\u00e9s, franc\u00e9s o espa\u00f1ol. Se invitar\u00e1 a un m\u00e1ximo de tres postores seleccionados a una entrevista en l\u00ednea para presentar brevemente sus propuestas.<\/p>\n\n\n\n<p class=\"has-background has-luminous-vivid-amber-background-color\"><strong>En el siguiente archivo se detalla la informaci\u00f3n completa <a href=\"https:\/\/enolife.com.ar\/es\/wp-content\/uploads\/2020\/05\/call-for-proposal-of-a-strategy-of-digital-transformation-of.pdf\">\u00abConvocatoria de propuestas para llevar a cabo una estrategia de transformaci\u00f3n digital de la OIV\u00bb.<\/a> <\/strong><\/p>\n\n\n\n<p>Todas <strong>las propuestas deben dirigirse al Director General de la OIV, Sr. Pau Roca<\/strong>, y <strong>enviarse a <a href=\"mailto:stats@oiv.int\">stats@oiv.int<\/a> antes del viernes 12 de junio de 2020. <\/strong><\/p>\n\n\n\n<p><strong>Para m\u00e1s informaci\u00f3n:<\/strong>  comunicarse con Giorgio Delgrosso (<a href=\"mailto:stats@oiv.int\">stats@oiv.int<\/a>)<\/p>\n\n\n\n<div style=\"height:20px\" aria-hidden=\"true\" class=\"wp-block-spacer\"><\/div>\n\n\n\n<p class=\"has-small-font-size\"><em><strong>Fuente: OIV<\/strong><\/em><\/p>\n\n\n\n<div style=\"height:20px\" aria-hidden=\"true\" class=\"wp-block-spacer\"><\/div>\n","protected":false},"excerpt":{"rendered":"<p>Con el objetivo de perfeccionar el proceso de digitalizaci\u00f3n que hoy requieren para su mejor&hellip;<\/p>\n","protected":false},"author":3,"featured_media":12935,"comment_status":"open","ping_status":"open","sticky":false,"template":"","format":"standard","meta":{"footnotes":""},"categories":[14],"tags":[],"class_list":["post-12868","post","type-post","status-publish","format-standard","has-post-thumbnail","hentry","category-news"],"_links":{"self":[{"href":"https:\/\/enolife.com.ar\/es\/wp-json\/wp\/v2\/posts\/12868","targetHints":{"allow":["GET"]}}],"collection":[{"href":"https:\/\/enolife.com.ar\/es\/wp-json\/wp\/v2\/posts"}],"about":[{"href":"https:\/\/enolife.com.ar\/es\/wp-json\/wp\/v2\/types\/post"}],"author":[{"embeddable":true,"href":"https:\/\/enolife.com.ar\/es\/wp-json\/wp\/v2\/users\/3"}],"replies":[{"embeddable":true,"href":"https:\/\/enolife.com.ar\/es\/wp-json\/wp\/v2\/comments?post=12868"}],"version-history":[{"count":0,"href":"https:\/\/enolife.com.ar\/es\/wp-json\/wp\/v2\/posts\/12868\/revisions"}],"wp:featuredmedia":[{"embeddable":true,"href":"https:\/\/enolife.com.ar\/es\/wp-json\/wp\/v2\/media\/12935"}],"wp:attachment":[{"href":"https:\/\/enolife.com.ar\/es\/wp-json\/wp\/v2\/media?parent=12868"}],"wp:term":[{"taxonomy":"category","embeddable":true,"href":"https:\/\/enolife.com.ar\/es\/wp-json\/wp\/v2\/categories?post=12868"},{"taxonomy":"post_tag","embeddable":true,"href":"https:\/\/enolife.com.ar\/es\/wp-json\/wp\/v2\/tags?post=12868"}],"curies":[{"name":"wp","href":"https:\/\/api.w.org\/{rel}","templated":true}]}}