{"id":128382,"date":"2024-11-08T09:16:33","date_gmt":"2024-11-08T09:16:33","guid":{"rendered":"https:\/\/enolife.com.ar\/es\/?p=128382"},"modified":"2024-11-10T11:27:00","modified_gmt":"2024-11-10T11:27:00","slug":"los-aluviones-en-valencia-ahogaron-20-000-ha-de-vinedos-y-afectaran-la-proxima-cosecha","status":"publish","type":"post","link":"https:\/\/enolife.com.ar\/es\/los-aluviones-en-valencia-ahogaron-20-000-ha-de-vinedos-y-afectaran-la-proxima-cosecha\/","title":{"rendered":"Los aluviones en Valencia ahogaron 20.000 ha de vi\u00f1edos y afectar\u00e1n la pr\u00f3xima cosecha"},"content":{"rendered":"\n<h4 class=\"wp-block-heading\"><em><strong>El fen\u00f3meno meteorol\u00f3gico denominado DANA (Depresi\u00f3n Aislada en Niveles Altos) que castig\u00f3 en los \u00faltimos d\u00edas de octubre a la Comunidad Aut\u00f3noma espa\u00f1ola de Valencia, sectores de Castilla-La Mancha y otras regiones cercanas dej\u00f3 222 muertos y 78 desaparecidos hasta el momento. Adem\u00e1s, arras\u00f3 en total unas 40.000 hect\u00e1reas de cultivos entre frutales, hortalizas y vi\u00f1edos, la mayor parte de \u00e9stos de la valorada uva moscatel de las DO Utiel-Requena y Valencia. En muchas de las vi\u00f1as a\u00fan no drena el agua acumulada, lo que causa un efecto de asfixia en las plantas y, con la cosecha actual completamente levantada, afectar\u00e1 la brotaci\u00f3n de la vendimia 2025. <\/strong><\/em><\/h4>\n\n\n\n<div style=\"height:35px\" aria-hidden=\"true\" class=\"wp-block-spacer\"><\/div>\n\n\n<a href=\"https:\/\/www.linkedin.com\/company\/agrinet-sa\/?originalSubdomain=ar\" aria-label=\"1700X500\"><img loading=\"lazy\" decoding=\"async\" src=\"https:\/\/enolife.com.ar\/es\/wp-content\/uploads\/2021\/11\/1700X500.gif\" alt=\"\"  width=\"1700\" height=\"500\"   \/><\/a>\n\n\n<div style=\"height:45px\" aria-hidden=\"true\" class=\"wp-block-spacer\"><\/div>\n\n\n\n<p>La <strong>dana<\/strong> ha afectado de lleno a la zona productora de <strong>uva moscatel<\/strong> en la <strong>Comunidad Valenciana<\/strong> y a otras variedades en vi\u00f1as de las denominaciones de origen <strong>(DO) de Utiel-Requena<\/strong> y <strong>Valencia<\/strong>, aunque con la uva ya recogida, los da\u00f1os depender\u00e1n del n\u00famero de parcelas que hayan resultado arrasadas.<\/p>\n\n\n\n<p>Las primeras estimaciones de la compa\u00f1\u00eda aseguradora espa\u00f1ola <strong>Agroseguro <\/strong>sit\u00faan en <strong>20.000 las hect\u00e1reas<\/strong> afectadas en esta comunidad aut\u00f3noma, sobre todo de <strong>c\u00edtricos, caquis, uva de vino y hortalizas,<\/strong> con un impacto de&nbsp;<strong>159 millones de euros<\/strong>&nbsp;en lo que respecta al valor potencial de las producciones da\u00f1adas.<\/p>\n\n\n\n<p>Mientras las bodegas y los viticultores comprueban el estado en el que han quedado las tierras agr\u00edcolas tras el paso de la dana, las im\u00e1genes satelitales no dejan ninguna duda de que este fen\u00f3meno meteorol\u00f3gico pas\u00f3 de lleno por la zona productora de uva moscatel de Valencia, situada en la&nbsp;<strong>parte central de la provincia<\/strong>.<\/p>\n\n\n\n<p>As\u00ed lo relat\u00f3 el presidente de la DO Valencia, S<strong>alvador Manj\u00f3n<\/strong>, quien detall\u00f3 que se trata de una zona delimitada por los municipios de Chiva, Cheste, Godelleta, Montroy, Monserrat, Real de Montroy y Tur\u00eds.<\/p>\n\n\n\n<p>El nivel de da\u00f1os\u00a0<strong>depender\u00e1 de si el agua ha arrasado el vi\u00f1edo<\/strong>\u00a0y de la cantidad de barro que haya quedado, explic\u00f3 Manj\u00f3n, quien agreg\u00f3 que est\u00e1n trabajando en recabar toda informaci\u00f3n en colaboraci\u00f3n con el Colegio de Ingenieros Agr\u00f3nomos.<\/p>\n\n\n\n<div style=\"height:30px\" aria-hidden=\"true\" class=\"wp-block-spacer\"><\/div>\n\n\n<div class=\"wp-block-image\">\n<figure class=\"aligncenter size-full is-resized\"><a href=\"https:\/\/enolife.com.ar\/es\/wp-content\/uploads\/2024\/11\/WhatsApp-Image-2024-11-08-at-04.07.44.jpeg\" data-rel=\"penci-gallery-image-content\" ><img loading=\"lazy\" decoding=\"async\" src=\"https:\/\/enolife.com.ar\/es\/wp-content\/uploads\/2024\/11\/WhatsApp-Image-2024-11-08-at-04.07.44.jpeg\" alt=\"\" class=\"wp-image-128547\" width=\"619\" height=\"413\" srcset=\"https:\/\/enolife.com.ar\/es\/wp-content\/uploads\/2024\/11\/WhatsApp-Image-2024-11-08-at-04.07.44.jpeg 1024w, https:\/\/enolife.com.ar\/es\/wp-content\/uploads\/2024\/11\/WhatsApp-Image-2024-11-08-at-04.07.44-300x200.jpeg 300w, https:\/\/enolife.com.ar\/es\/wp-content\/uploads\/2024\/11\/WhatsApp-Image-2024-11-08-at-04.07.44-768x512.jpeg 768w, https:\/\/enolife.com.ar\/es\/wp-content\/uploads\/2024\/11\/WhatsApp-Image-2024-11-08-at-04.07.44-585x390.jpeg 585w\" sizes=\"auto, (max-width: 619px) 100vw, 619px\" \/><\/a><\/figure><\/div>\n\n\n<div style=\"height:30px\" aria-hidden=\"true\" class=\"wp-block-spacer\"><\/div>\n\n\n\n<p>En principio, el agua de lluvia que haya ca\u00eddo no debe ser un problema grave, seg\u00fan el representante de la DO Valencia, sino que, al contrario, puede <em>\u00abresultar beneficioso porque ha empapado la tierra y la vi\u00f1a va a tener recursos para generar madera\u00bb<\/em>. El problema est\u00e1 en las tierras que se ha llevado el aluvi\u00f3n, ya que, en esos casos, <em>\u00abno hay nada que rascar\u00bb<\/em> y esa vi\u00f1a <em>\u00abestar\u00e1 perdida\u00bb<\/em>, expres\u00f3 Manj\u00f3n.<\/p>\n\n\n\n<p><em>\u00abLuego habr\u00e1 que ver la&nbsp;<strong>cantidad de barro<\/strong>&nbsp;que tienen algunos vi\u00f1edos, que en principio en principio tampoco deber\u00eda ser malo, pero claro, no es malo si tienes 20 cent\u00edmetros, pero si tienes un metro, te va a ahogar la planta\u00bb<\/em>, coment\u00f3.<\/p>\n\n\n\n<div style=\"height:35px\" aria-hidden=\"true\" class=\"wp-block-spacer\"><\/div>\n\n\n\n<p class=\"has-medium-font-size\"><strong>Comprobaci\u00f3n de da\u00f1os en Utiel-Requena<\/strong><\/p>\n\n\n\n<p>La comarca de Utiel-Requena ha sido una de las m\u00e1s afectadas por la dana. Sus tierras se enmarcan en la DO del mismo nombre, donde los t\u00e9cnicos est\u00e1n ahora&nbsp;<strong>recopilando la informaci\u00f3n<\/strong>&nbsp;de los da\u00f1os que han podido sufrir los viticultores y los bodegueros.<\/p>\n\n\n\n<p>Tambi\u00e9n en la zona de Utiel-Requena hay vi\u00f1edos amparados por la <strong>DO Cava<\/strong>, que de momento no ha tiene notificaciones de que haya sufrido da\u00f1os.<\/p>\n\n\n\n<p>Fuera de la Comunidad Valenciana, la parte occidental de Andaluc\u00eda fue la m\u00e1s afectada por el temporal y en <strong>C\u00e1diz<\/strong> y&nbsp;<strong>Jerez de la Frontera<\/strong>&nbsp;se registraron hasta 120 litros de agua en 12 horas, seg\u00fan se\u00f1al\u00f3 la organizaci\u00f3n agraria <strong>UPA.<\/strong><\/p>\n\n\n\n<div style=\"height:25px\" aria-hidden=\"true\" class=\"wp-block-spacer\"><\/div>\n\n\n<div class=\"wp-block-image\">\n<figure class=\"aligncenter is-resized\" id=\"attachment_161991\"><img loading=\"lazy\" decoding=\"async\" src=\"https:\/\/efeagro.com\/wp-content\/uploads\/2024\/11\/valencia2.jpg\" alt=\"\" class=\"wp-image-161991\" width=\"614\" height=\"469\"\/><figcaption class=\"wp-element-caption\"><em><strong>Vista a\u00e9rea de la parte de la zona afectada por la dana en la Comunidad Valenciana. Foto Efeagro<\/strong><\/em><strong><em>.<\/em><\/strong><\/figcaption><\/figure><\/div>\n\n\n<div style=\"height:35px\" aria-hidden=\"true\" class=\"wp-block-spacer\"><\/div>\n\n\n\n<p class=\"has-medium-font-size\"><strong>Consecuencias para la vid<\/strong><\/p>\n\n\n\n<p>Gran parte de las vi\u00f1as hab\u00edan entrado ya en&nbsp;<strong>\u00abdormancia\u00bb<\/strong> o <strong>\u00abdormici\u00f3n\u00bb<\/strong> (como se denomina al&nbsp;<strong>per\u00edodo dentro del ciclo biol\u00f3gico de un organismo en el que el desarrollo, crecimiento y actividad f\u00edsica se suspenden temporalmente<\/strong>, o sea el mecanismo que le permite a la planta pasar el invierno) y, con toda la uva ya cortada, las producciones de este a\u00f1o no vieron afectadas, seg\u00fan explic\u00f3 el investigador del <strong>Consejo Superior de Investigaciones Cient\u00edficas (CSIC)<\/strong> de Espa\u00f1a, <strong>Diego Intrigliolo<\/strong>.<\/p>\n\n\n\n<p>De cara a la cosecha del a\u00f1o que viene, puede producirse una merma en la brotaci\u00f3n de la uva en aquellas vi\u00f1as en las que se est\u00e9 produciendo un&nbsp;<strong>encharcamiento durante m\u00e1s de una semana<\/strong>, porque esto asfixia a la planta, algo que puede suceder en zonas llanas en las que el suelo no est\u00e9 drenando, ha explicado el experto.<\/p>\n\n\n\n<p>El otro punto importante es la&nbsp;<strong>erosi\u00f3n del suelo<\/strong>&nbsp;que ha provocado la dana, sobre todo en las zonas de m\u00e1s pendiente, lo que reduce la cantidad de suelo disponible, pero, adem\u00e1s, provoca una p\u00e9rdida de nutrientes, continu\u00f3 Intrigliolo.<\/p>\n\n\n\n<p>Respecto a la posible aparici\u00f3n de plagas o insectos por la humedad, el investigador consider\u00f3 que, a priori, no es algo que pueda suceder en esta \u00e9poca del a\u00f1o.<\/p>\n\n\n\n<p>En algunas comarcas del interior de Valencia, la fuerza del agua arranc\u00f3 miles de vides&nbsp;y otros cultivos que, por el contrario, ven\u00edan de atravesar uno de los a\u00f1os hidrol\u00f3gicos m\u00e1s secos de la historia, que hab\u00eda causado la muerte de plantaciones por d\u00e9ficit h\u00eddrico. A medida que esa agua bajaba a la costa inund\u00f3 cientos de explotaciones de c\u00edtricos, caquis, hortalizas, etc. que si se mantienen anegadas durante un n\u00famero excesivo de horas podr\u00eda provocar la muerte del arbolado. Por supuesto, la cosecha de mandarinas, naranjas y caquis (que se encontraban en plena recolecci\u00f3n) de los campos m\u00e1s perjudicados se perder\u00e1n, reduciendo en un buen porcentaje la producci\u00f3n de esta campa\u00f1a.<\/p>\n\n\n\n<div style=\"height:30px\" aria-hidden=\"true\" class=\"wp-block-spacer\"><\/div>\n\n\n<div class=\"wp-block-image\">\n<figure class=\"aligncenter size-full\"><a href=\"https:\/\/enolife.com.ar\/es\/wp-content\/uploads\/2024\/11\/inundacion-k17C-U220165735452982H-1200x840@TodoAlicante.png\" data-rel=\"penci-gallery-image-content\" ><img loading=\"lazy\" decoding=\"async\" width=\"653\" height=\"400\" src=\"https:\/\/enolife.com.ar\/es\/wp-content\/uploads\/2024\/11\/inundacion-k17C-U220165735452982H-1200x840@TodoAlicante.png\" alt=\"\" class=\"wp-image-128418\" srcset=\"https:\/\/enolife.com.ar\/es\/wp-content\/uploads\/2024\/11\/inundacion-k17C-U220165735452982H-1200x840@TodoAlicante.png 653w, https:\/\/enolife.com.ar\/es\/wp-content\/uploads\/2024\/11\/inundacion-k17C-U220165735452982H-1200x840@TodoAlicante-300x184.png 300w, https:\/\/enolife.com.ar\/es\/wp-content\/uploads\/2024\/11\/inundacion-k17C-U220165735452982H-1200x840@TodoAlicante-585x358.png 585w\" sizes=\"auto, (max-width: 653px) 100vw, 653px\" \/><\/a><\/figure><\/div>\n\n\n<div style=\"height:30px\" aria-hidden=\"true\" class=\"wp-block-spacer\"><\/div>\n\n\n\n<p>Adem\u00e1s, la dana se agrav\u00f3 debido al granizo -que caus\u00f3 da\u00f1os de hasta el 100% de la cosecha en explotaciones de Alfarp, Catadau, Llombai, Carlet y Godelleta- y a los tornados -que elevaron las p\u00e9rdidas agrarias en sitios como Alginet, Benifai\u00f3 y Carlet, por ca\u00edda de frutos, corte de ramas e incluso de \u00e1rboles- A los siniestros en producci\u00f3n y plantaci\u00f3n, hay que sumar los graves desperfectos en caminos rurales e infraestructuras agrarias, tales como acequias, muros, paredones de contenci\u00f3n, riego por goteo, almacenes, instalaciones de dep\u00f3sitos, pozos de riego, invernaderos, maquinaria y galpones agr\u00edcolas y ganaderos.<\/p>\n\n\n\n<div style=\"height:30px\" aria-hidden=\"true\" class=\"wp-block-spacer\"><\/div>\n\n\n<div class=\"wp-block-image\">\n<figure class=\"aligncenter size-full is-resized\"><a href=\"https:\/\/enolife.com.ar\/es\/wp-content\/uploads\/2024\/11\/ESTA-ES-1-3-1.jpg\" data-rel=\"penci-gallery-image-content\" ><img loading=\"lazy\" decoding=\"async\" src=\"https:\/\/enolife.com.ar\/es\/wp-content\/uploads\/2024\/11\/ESTA-ES-1-3-1.jpg\" alt=\"\" class=\"wp-image-128421\" width=\"708\" height=\"380\" srcset=\"https:\/\/enolife.com.ar\/es\/wp-content\/uploads\/2024\/11\/ESTA-ES-1-3-1.jpg 1021w, https:\/\/enolife.com.ar\/es\/wp-content\/uploads\/2024\/11\/ESTA-ES-1-3-1-300x161.jpg 300w, https:\/\/enolife.com.ar\/es\/wp-content\/uploads\/2024\/11\/ESTA-ES-1-3-1-768x413.jpg 768w, https:\/\/enolife.com.ar\/es\/wp-content\/uploads\/2024\/11\/ESTA-ES-1-3-1-585x315.jpg 585w\" sizes=\"auto, (max-width: 708px) 100vw, 708px\" \/><\/a><\/figure><\/div>\n\n\n<div style=\"height:35px\" aria-hidden=\"true\" class=\"wp-block-spacer\"><\/div>\n\n\n\n<p class=\"has-medium-font-size\"><strong>Confirman que los da\u00f1os est\u00e1n cubiertos por seguros<\/strong><\/p>\n\n\n\n<p>La <strong>Agrupaci\u00f3n Espa\u00f1ola de Entidades Aseguradoras de los Seguros Agrarios Combinados (Agroseguro)<\/strong> comunic\u00f3 que\u00a0<em>\u00ablos da\u00f1os provocados por la dana est\u00e1n cubiertos por el sistema de seguros agrarios\u00bb.<\/em> Inform\u00f3 tambi\u00e9n acerca del refuerzo de atenci\u00f3n a los asegurados. Y se\u00f1al\u00f3 que han habilitado una\u00a0<a href=\"mailto:afectadosdana@agroseguro.es\" target=\"_blank\" rel=\"noreferrer noopener\"><strong>direcci\u00f3n de correo electr\u00f3nico<\/strong><\/a>\u00a0espec\u00edfica para atender las consultas de los asegurados, y han reforzado los equipos de atenci\u00f3n telef\u00f3nica.<\/p>\n\n\n\n<p>Agroseguro desea,&nbsp;\u00ab<em>en primer lugar, manifestar sus condolencias a los familiares y allegados de las v\u00edctimas y mostrar su solidaridad y apoyo a todos los afectados\u00bb<\/em>,&nbsp;ante esta dana que ha provocado&nbsp;<em>\u00abadem\u00e1s de cuantiosos da\u00f1os materiales, v\u00edctimas mortales y otros da\u00f1os personales<\/em>\u00ab.<\/p>\n\n\n\n<p>Agroseguro record\u00f3 que&nbsp;<em>\u00abtodos los riesgos asociados a esta DANA est\u00e1n incluidos entre las coberturas del sistema espa\u00f1ol de Seguros Agrarios Combinados\u00bb.<\/em><\/p>\n\n\n\n<div style=\"height:30px\" aria-hidden=\"true\" class=\"wp-block-spacer\"><\/div>\n\n\n<div class=\"wp-block-image\">\n<figure class=\"aligncenter size-full is-resized\"><a href=\"https:\/\/enolife.com.ar\/es\/wp-content\/uploads\/2024\/11\/Imagen6.jpg\" data-rel=\"penci-gallery-image-content\" ><img loading=\"lazy\" decoding=\"async\" src=\"https:\/\/enolife.com.ar\/es\/wp-content\/uploads\/2024\/11\/Imagen6.jpg\" alt=\"\" class=\"wp-image-128414\" width=\"614\" height=\"409\" srcset=\"https:\/\/enolife.com.ar\/es\/wp-content\/uploads\/2024\/11\/Imagen6.jpg 780w, https:\/\/enolife.com.ar\/es\/wp-content\/uploads\/2024\/11\/Imagen6-300x200.jpg 300w, https:\/\/enolife.com.ar\/es\/wp-content\/uploads\/2024\/11\/Imagen6-768x512.jpg 768w, https:\/\/enolife.com.ar\/es\/wp-content\/uploads\/2024\/11\/Imagen6-585x390.jpg 585w\" sizes=\"auto, (max-width: 614px) 100vw, 614px\" \/><\/a><\/figure><\/div>\n\n\n<div style=\"height:30px\" aria-hidden=\"true\" class=\"wp-block-spacer\"><\/div>\n\n\n\n<p>Las declaraciones de siniestro comenzaron ya a recibirse, luego de que los agricultores y ganaderos asegurados pudieron acceder a sus explotaciones y constatar los perjuicios provocados por las tormentas. En cualquier caso, y ante la gravedad de los acontecimientos, Agroseguro envi\u00f3 un mensaje de tranquilidad a los asegurados, ya que los partes de siniestro podr\u00e1n remitirse transcurridos varios d\u00edas.<\/p>\n\n\n\n<div style=\"height:35px\" aria-hidden=\"true\" class=\"wp-block-spacer\"><\/div>\n\n\n\n<p class=\"has-medium-font-size\"><strong>Refuerzo de las medidas de atenci\u00f3n a los asegurados<\/strong><\/p>\n\n\n\n<p>Para atender a los afectados por la dana y resolver las dudas que les puedan surgir, Agroseguro reforz\u00f3 los equipos de atenci\u00f3n a los asegurados, que pueden ponerse en contacto a trav\u00e9s de las siguientes v\u00edas de comunicaci\u00f3n:<\/p>\n\n\n\n<ul class=\"wp-block-list\">\n<li>Correo electr\u00f3nico espec\u00edfico en este\u00a0<a href=\"mailto:afectadosdana@agroseguro.es\" target=\"_blank\" rel=\"noreferrer noopener\"><strong>enlace<\/strong><\/a>.<\/li>\n\n\n\n<li>Tel\u00e9fonos en las direcciones territoriales afectadas:\n<ul class=\"wp-block-list\">\n<li>Levante (Comunidad Valenciana): 96 369 44 95<\/li>\n\n\n\n<li>Sureste (Murcia y Almer\u00eda): 968 23 18 00<\/li>\n\n\n\n<li>La Mancha (Albacete): 926 23 08 43<\/li>\n<\/ul>\n<\/li>\n<\/ul>\n\n\n\n<p>Una vez realizadas las evaluaciones de da\u00f1os, Agroseguro agilizar\u00e1 el pago de las indemnizaciones, para realizarlo en el menor tiempo posible y as\u00ed dotar de liquidez a los agricultores y ganaderos afectados.<\/p>\n\n\n\n<p>De hecho<strong>&nbsp;ya ha comenzado a planificar los trabajos de evaluaci\u00f3n de da\u00f1os en las zonas afectadas<\/strong>, que se iniciar\u00e1n una vez el agua se haya retirado, y que contar\u00e1n con t\u00e9cnicos procedentes de diferentes zonas del territorio nacional.<\/p>\n\n\n\n<div style=\"height:30px\" aria-hidden=\"true\" class=\"wp-block-spacer\"><\/div>\n\n\n\n<p class=\"has-small-font-size\"><em><strong>Fuentes: Efeagro, Agroseguro y Vinetur<\/strong><\/em><\/p>\n\n\n\n<div style=\"height:22px\" aria-hidden=\"true\" class=\"wp-block-spacer\"><\/div>\n","protected":false},"excerpt":{"rendered":"<p>El fen\u00f3meno meteorol\u00f3gico denominado DANA (Depresi\u00f3n Aislada en Niveles Altos) que castig\u00f3 en los \u00faltimos&hellip;<\/p>\n","protected":false},"author":3,"featured_media":128420,"comment_status":"open","ping_status":"open","sticky":false,"template":"","format":"standard","meta":{"footnotes":""},"categories":[14],"tags":[],"class_list":["post-128382","post","type-post","status-publish","format-standard","has-post-thumbnail","hentry","category-news"],"_links":{"self":[{"href":"https:\/\/enolife.com.ar\/es\/wp-json\/wp\/v2\/posts\/128382","targetHints":{"allow":["GET"]}}],"collection":[{"href":"https:\/\/enolife.com.ar\/es\/wp-json\/wp\/v2\/posts"}],"about":[{"href":"https:\/\/enolife.com.ar\/es\/wp-json\/wp\/v2\/types\/post"}],"author":[{"embeddable":true,"href":"https:\/\/enolife.com.ar\/es\/wp-json\/wp\/v2\/users\/3"}],"replies":[{"embeddable":true,"href":"https:\/\/enolife.com.ar\/es\/wp-json\/wp\/v2\/comments?post=128382"}],"version-history":[{"count":0,"href":"https:\/\/enolife.com.ar\/es\/wp-json\/wp\/v2\/posts\/128382\/revisions"}],"wp:featuredmedia":[{"embeddable":true,"href":"https:\/\/enolife.com.ar\/es\/wp-json\/wp\/v2\/media\/128420"}],"wp:attachment":[{"href":"https:\/\/enolife.com.ar\/es\/wp-json\/wp\/v2\/media?parent=128382"}],"wp:term":[{"taxonomy":"category","embeddable":true,"href":"https:\/\/enolife.com.ar\/es\/wp-json\/wp\/v2\/categories?post=128382"},{"taxonomy":"post_tag","embeddable":true,"href":"https:\/\/enolife.com.ar\/es\/wp-json\/wp\/v2\/tags?post=128382"}],"curies":[{"name":"wp","href":"https:\/\/api.w.org\/{rel}","templated":true}]}}