{"id":128242,"date":"2024-11-02T09:14:58","date_gmt":"2024-11-02T09:14:58","guid":{"rendered":"https:\/\/enolife.com.ar\/es\/?p=128242"},"modified":"2024-11-03T07:33:03","modified_gmt":"2024-11-03T07:33:03","slug":"con-370-participantes-de-17-provincias-cerraron-las-jornadas-nacionales-de-enoturismo-en-mendoza","status":"publish","type":"post","link":"https:\/\/enolife.com.ar\/es\/con-370-participantes-de-17-provincias-cerraron-las-jornadas-nacionales-de-enoturismo-en-mendoza\/","title":{"rendered":"Con 370 participantes de 17 provincias cerraron las Jornadas Nacionales de Enoturismo en Mendoza"},"content":{"rendered":"\n<h4 class=\"wp-block-heading\"><em><strong>El turismo del vino de la Argentina se dio cita en Mendoza los d\u00edas 31\/10 y 1\/11 de 2024, en el escenario del auditorio \u00c1ngel Bustelo. Fueron dos intensas jornadas de trabajo que convocaron a 370 inscriptos de 17 provincias argentinas, entre ellos productores, dirigentes, funcionarios, empresarios de distintos sectores, bodegueros, acad\u00e9micos y p\u00fablico en general. El primer d\u00eda se dedic\u00f3 a las deliberaciones y conferencias y el segundo a visitas t\u00e9cnicas a bodegas de distintos terroirs de la provincia.<\/strong><\/em><\/h4>\n\n\n\n<div style=\"height:35px\" aria-hidden=\"true\" class=\"wp-block-spacer\"><\/div>\n\n\n\n\n\n<div style=\"height:45px\" aria-hidden=\"true\" class=\"wp-block-spacer\"><\/div>\n\n\n\n<p>La provincia de <strong>Mendoza<\/strong> fue sede las<strong> IV Jornadas Nacionales de Turismo del Vino<\/strong> organizadas de forma conjunta entre la <strong>Secretar\u00eda de Turismo, Ambiente y Deportes de la Naci\u00f3<\/strong>n, el <strong>Gobierno de Mendoza<\/strong>, a trav\u00e9s del <strong>Ente Mendoza Turismo (Emetur)<\/strong>, y la <strong>Corporaci\u00f3n Vitivin\u00edcola Argentina (Coviar).<\/strong><\/p>\n\n\n\n<p>Las Jornadas, que se organizan por cuarto a\u00f1o consecutivo, culminaron el viernes 1 de noviembre con visitas t\u00e9cnicas a distintas regiones y bodegas abiertas al turismo por parte de los visitantes que llegaron a Mendoza con el objetivo de formarse e intercambiar experiencias de \u00e9xito y conocimientos. Las Jornadas est\u00e1n pensadas como un espacio de di\u00e1logo, intercambio, capacitaci\u00f3n y formaci\u00f3n destinado a impulsar el desarrollo del sector tur\u00edstico, la gastronom\u00eda y su relaci\u00f3n con la producci\u00f3n vin\u00edcola en Argentina.<\/p>\n\n\n\n<p>El desarrollo del turismo del vino es uno de los ejes centrales del&nbsp;<a href=\"https:\/\/pevi2030.com.ar\/\">Plan Estrat\u00e9gico Vitivin\u00edcola (PEVI) al 2030<\/a>&nbsp;y motor de las acciones de la Coviar en todo el pa\u00eds.<\/p>\n\n\n\n<p>El acto de apertura de las IV Jornadas Nacionales de Turismo del vino fue encabezado por el gobernador de Mendoza, <strong>Alfredo Cornejo<\/strong>; la secretaria de Turismo de la Naci\u00f3n, <strong>Yanina Mart\u00ednez<\/strong>, y el vicepresidente de la Coviar, <strong>Pablo Asens.<\/strong> Estuvieron presentes tambi\u00e9n la vicegobernadora de Mendoza, <strong>Hebe Casado,<\/strong> la presidenta del Emetur, Gabriela Testa, y el intendente de Tunuy\u00e1n,<strong> Emir Andraos.<\/strong><\/p>\n\n\n\n<div style=\"height:30px\" aria-hidden=\"true\" class=\"wp-block-spacer\"><\/div>\n\n\n<div class=\"wp-block-image\">\n<figure class=\"aligncenter size-full is-resized\"><a href=\"https:\/\/enolife.com.ar\/es\/wp-content\/uploads\/2024\/11\/DSC04084-3-1080x675-1.jpg\" data-rel=\"penci-gallery-image-content\" ><img loading=\"lazy\" decoding=\"async\" src=\"https:\/\/enolife.com.ar\/es\/wp-content\/uploads\/2024\/11\/DSC04084-3-1080x675-1.jpg\" alt=\"\" class=\"wp-image-128247\" width=\"632\" height=\"416\" srcset=\"https:\/\/enolife.com.ar\/es\/wp-content\/uploads\/2024\/11\/DSC04084-3-1080x675-1.jpg 759w, https:\/\/enolife.com.ar\/es\/wp-content\/uploads\/2024\/11\/DSC04084-3-1080x675-1-300x198.jpg 300w, https:\/\/enolife.com.ar\/es\/wp-content\/uploads\/2024\/11\/DSC04084-3-1080x675-1-585x385.jpg 585w\" sizes=\"auto, (max-width: 632px) 100vw, 632px\" \/><\/a><\/figure><\/div>\n\n\n<div style=\"height:30px\" aria-hidden=\"true\" class=\"wp-block-spacer\"><\/div>\n\n\n\n<p><em>\u201cAgradecemos su visita y el trabajo mancomunado que entre todos venimos desarrollando. Como Gobierno de Mendoza nos sentimos apoyados por el Gobierno Nacional y por el sector privado representado aqu\u00ed por la Coviar y el Plan Estrat\u00e9gico Vitivin\u00edcola (PEVI)\u201d,<\/em>&nbsp;destac\u00f3&nbsp;<strong>Alfredo Cornejo<\/strong>, a la vez que puso en valor que Mendoza recibi\u00f3 s\u00f3lo en 2023 un total de 3,8 millones de turistas&nbsp;<em>\u201cgracias a una conectividad f\u00edsica (camiones, infraestructura, vuelos) y digital que viene creciendo y mejorando\u201d.<\/em><\/p>\n\n\n\n<p><em>\u201cAqu\u00ed no es s\u00f3lo la bodega haciendo vino. Con el turismo del vino son varios eslabones de una cadena que impacta en el empleo genuino y en la generaci\u00f3n de riqueza\u201d<\/em>, remarc\u00f3 el&nbsp;gobernador de Mendoza&nbsp;al se\u00f1alar el impacto que tiene la actividad en la gastronom\u00eda, el comercio y los servicios.<\/p>\n\n\n\n<div style=\"height:30px\" aria-hidden=\"true\" class=\"wp-block-spacer\"><\/div>\n\n\n<div class=\"wp-block-image\">\n<figure class=\"aligncenter size-full is-resized\"><a href=\"https:\/\/enolife.com.ar\/es\/wp-content\/uploads\/2024\/11\/DSC03852-1024x684-1.jpg\" data-rel=\"penci-gallery-image-content\" ><img loading=\"lazy\" decoding=\"async\" src=\"https:\/\/enolife.com.ar\/es\/wp-content\/uploads\/2024\/11\/DSC03852-1024x684-1.jpg\" alt=\"\" class=\"wp-image-128249\" width=\"606\" height=\"414\" srcset=\"https:\/\/enolife.com.ar\/es\/wp-content\/uploads\/2024\/11\/DSC03852-1024x684-1.jpg 732w, https:\/\/enolife.com.ar\/es\/wp-content\/uploads\/2024\/11\/DSC03852-1024x684-1-300x205.jpg 300w, https:\/\/enolife.com.ar\/es\/wp-content\/uploads\/2024\/11\/DSC03852-1024x684-1-585x400.jpg 585w\" sizes=\"auto, (max-width: 606px) 100vw, 606px\" \/><\/a><\/figure><\/div>\n\n\n<div style=\"height:30px\" aria-hidden=\"true\" class=\"wp-block-spacer\"><\/div>\n\n\n\n<p>Desde el gobierno nacional, por su parte, la secretaria de Turismo,&nbsp;Yanina Mart\u00ednez, destac\u00f3 el&nbsp;<em>\u201cvalor agregado que brinda el turismo del vino a las econom\u00edas regionales\u201d.<\/em><\/p>\n\n\n\n<p><em>\u201cGracias a la Coviar por todo lo que hemos podido hacer y planificar en todo este tiempo. Es momento de seguir trabajando e insertarnos en una estrategia global que nos de seguridad y certezas como destino y propuesta tur\u00edstica diferenciadora. Hoy mostramos lo virtuoso que es el turismo del vino y no es casual este crecimiento exponencial\u201d,<\/em>&nbsp;afirm\u00f3&nbsp;<strong>Mart\u00ednez.<\/strong><\/p>\n\n\n\n<p><em>\u201cEstas jornadas nos permiten trabajar muy de cerca y acompa\u00f1ar a todas las bodegas que con su esfuerzo por a\u00f1o reciben a m\u00e1s de 1,7 millones de turistas. Estamos agradecidos y orgullosos de que desde el sector p\u00fablico y ustedes como empresarios y emprendedores nos sigan acompa\u00f1ando\u201d,<\/em>&nbsp;dijo&nbsp;<strong>Pablo Asens<\/strong>, vicepresidente de la Coviar.<\/p>\n\n\n\n<p>Con el objetivo de impulsar el crecimiento del enoturismo, un sector clave en la dinamizaci\u00f3n de la econom\u00eda en diversas regiones de Argentina, el encuentro llevado a cabo en el Auditorio \u00c1ngel Bustelo reuni\u00f3 a autoridades nacionales, provinciales y municipales, junto con especialistas internacionales, operadores tur\u00edsticos, bodegas, productores y empresas de la industria para intercambiar experiencias y analizar casos de \u00e9xito en el desarrollo del enoturismo a nivel nacional e internacional.<\/p>\n\n\n\n<div style=\"height:30px\" aria-hidden=\"true\" class=\"wp-block-spacer\"><\/div>\n","protected":false},"excerpt":{"rendered":"<p>El turismo del vino de la Argentina se dio cita en Mendoza los d\u00edas 31\/10&hellip;<\/p>\n","protected":false},"author":3,"featured_media":128246,"comment_status":"open","ping_status":"open","sticky":false,"template":"","format":"standard","meta":{"footnotes":""},"categories":[11,14],"tags":[],"class_list":["post-128242","post","type-post","status-publish","format-standard","has-post-thumbnail","hentry","category-enoturismo","category-news"],"_links":{"self":[{"href":"https:\/\/enolife.com.ar\/es\/wp-json\/wp\/v2\/posts\/128242","targetHints":{"allow":["GET"]}}],"collection":[{"href":"https:\/\/enolife.com.ar\/es\/wp-json\/wp\/v2\/posts"}],"about":[{"href":"https:\/\/enolife.com.ar\/es\/wp-json\/wp\/v2\/types\/post"}],"author":[{"embeddable":true,"href":"https:\/\/enolife.com.ar\/es\/wp-json\/wp\/v2\/users\/3"}],"replies":[{"embeddable":true,"href":"https:\/\/enolife.com.ar\/es\/wp-json\/wp\/v2\/comments?post=128242"}],"version-history":[{"count":0,"href":"https:\/\/enolife.com.ar\/es\/wp-json\/wp\/v2\/posts\/128242\/revisions"}],"wp:featuredmedia":[{"embeddable":true,"href":"https:\/\/enolife.com.ar\/es\/wp-json\/wp\/v2\/media\/128246"}],"wp:attachment":[{"href":"https:\/\/enolife.com.ar\/es\/wp-json\/wp\/v2\/media?parent=128242"}],"wp:term":[{"taxonomy":"category","embeddable":true,"href":"https:\/\/enolife.com.ar\/es\/wp-json\/wp\/v2\/categories?post=128242"},{"taxonomy":"post_tag","embeddable":true,"href":"https:\/\/enolife.com.ar\/es\/wp-json\/wp\/v2\/tags?post=128242"}],"curies":[{"name":"wp","href":"https:\/\/api.w.org\/{rel}","templated":true}]}}