{"id":128184,"date":"2024-11-03T11:41:31","date_gmt":"2024-11-03T11:41:31","guid":{"rendered":"https:\/\/enolife.com.ar\/es\/?p=128184"},"modified":"2024-11-04T14:24:13","modified_gmt":"2024-11-04T14:24:13","slug":"vina-alta-la-bodega-del-este-que-aumento-sus-ventas-a-brasil-60-en-2-anos-guiada-por-promendoza","status":"publish","type":"post","link":"https:\/\/enolife.com.ar\/es\/vina-alta-la-bodega-del-este-que-aumento-sus-ventas-a-brasil-60-en-2-anos-guiada-por-promendoza\/","title":{"rendered":"Vi\u00f1a Alta, la bodega del Este que aument\u00f3 sus ventas a Brasil 60% en 2 a\u00f1os guiada por ProMendoza"},"content":{"rendered":"\n<h4 class=\"wp-block-heading\"><em><strong>La bodega familiar Vi\u00f1a Alta, de San Mart\u00edn, en el Este de la provincia de Mendoza, sigue creciendo en ventas en el mercado brasile\u00f1o, un camino que comenz\u00f3 a recorrer de la mano de ProMendoza en 2022, luego de la participaci\u00f3n en una ronda inversa de vinos organizada ese a\u00f1o.<\/strong><\/em><\/h4>\n\n\n\n<div style=\"height:35px\" aria-hidden=\"true\" class=\"wp-block-spacer\"><\/div>\n\n\n\n\n\n<div style=\"height:45px\" aria-hidden=\"true\" class=\"wp-block-spacer\"><\/div>\n\n\n\n<p>La firma se focaliza para que sus exportaciones sean una parte importante de sus negocios, destacando el arduo recorrido y los desaf\u00edos superados para llevar sus vinos al mercado internacional. En 2023, sus ventas al exterior aumentaron a 60%.<\/p>\n\n\n\n<p><em>\u00abLa exportaci\u00f3n siempre fue un desaf\u00edo para Vi\u00f1a Alta\u00bb, <\/em>asegur\u00f3 <strong>Emiliano Rico<\/strong>, uno de los integrantes de la bodega<strong>.<\/strong> Un primer cliente internacional que conocieron por ProMendoza, y que confi\u00f3 en la calidad de sus vinos, fue el punto de inflexi\u00f3n para vender en el exterior.<em> \u00abEste empresario, que conocimos en una ronda de negocios organizada por ProMendoza, mostr\u00f3 gran inter\u00e9s desde el primer momento y decidi\u00f3 apostar por nuestros productos, a pesar de que nunca hab\u00edamos exportado antes\u00bb<\/em>, indic\u00f3.<\/p>\n\n\n\n<p>Hoy, Vi\u00f1a Alta se focaliza para que sus exportaciones sean una parte importante de sus negocios. Se destacan el arduo recorrido y los desaf\u00edos superados para llevar sus vinos al mercado internacional. El porcentaje de exportaci\u00f3n de la bodega ha variado significativamente. En 2022, el 90% de sus ventas fueron en el mercado nacional y el 10% destinado a exportaciones. Sin embargo, en 2023 esto cambi\u00f3. <em>\u00abDebido a una ca\u00edda en el mercado interno, nuestras ventas al exterior aumentaron a 60%. Nuestro objetivo es equilibrar ambos mercados y crecer sin descuidar ninguno de ellos\u00bb<\/em>, dijo Rico.<\/p>\n\n\n\n<div style=\"height:35px\" aria-hidden=\"true\" class=\"wp-block-spacer\"><\/div>\n\n\n\n<p class=\"has-medium-font-size\"><strong>Primera exportaci\u00f3n a Brasil<\/strong><\/p>\n\n\n\n<p>En 2022, Vi\u00f1a Alta realiz\u00f3 su primera exportaci\u00f3n enviando cuatro&nbsp;<em>pallets&nbsp;<\/em>de vino al mercado brasile\u00f1o. Este primer env\u00edo incluy\u00f3 dos&nbsp;<em>pallets&nbsp;<\/em>de su vino m\u00e1s econ\u00f3mico y dos del reserva. \u00abDesde entonces, el cliente brasile\u00f1o ha seguido comprando y se ha convertido en uno de nuestros mayores importadores, logrando una relaci\u00f3n comercial s\u00f3lida y de confianza. En agosto pasado, enviamos un cami\u00f3n completo con 12&nbsp;<em>pallets&nbsp;<\/em>de vino, distribuidos en el sur de Brasil. Este crecimiento ha sido posible gracias a nuestra estrategia de trabajar con distribuidores e importadores peque\u00f1os, lo que nos permite controlar mejor el producto y mantener una relaci\u00f3n cercana con nuestros clientes\u00bb, explic\u00f3 Rico.<\/p>\n\n\n\n<div style=\"height:35px\" aria-hidden=\"true\" class=\"wp-block-spacer\"><\/div>\n\n\n\n<p class=\"has-medium-font-size\"><strong>Participaci\u00f3n en ferias internacionales<\/strong><\/p>\n\n\n\n<p>La participaci\u00f3n en ferias como ProWine Brasil ha sido fundamental para la estrategia de crecimiento. <em>\u00abA pesar de las advertencias sobre las expectativas, nuestra inversi\u00f3n en esa feria result\u00f3 en la adquisici\u00f3n de tres nuevos importadores importantes en San Pablo, R\u00edo de Janeiro y Minas Gerais. Este \u00e9xito se debe a nuestra estrategia de&nbsp;networking,&nbsp;que consiste en distribuir miles de tarjetas y hablar con todos los posibles importadores, adem\u00e1s de que nuestros vinos tienen buena recepci\u00f3n\u00bb,<\/em> concluy\u00f3.<\/p>\n\n\n\n<div style=\"height:35px\" aria-hidden=\"true\" class=\"wp-block-spacer\"><\/div>\n\n\n\n<p class=\"has-medium-font-size\"><strong>Visi\u00f3n de futuro<\/strong><\/p>\n\n\n\n<p>Vi\u00f1a Alta es una bodega familiar gestionada por varias generaciones. Desde la incorporaci\u00f3n de <strong>Valentina Iudica<\/strong>, hija del matrimonio fundador, en 1996, la empresa evolucion\u00f3. Pasaron de ser productores de granel a fraccionar y etiquetar vinos propios. En 2016, comenzaron a vender botellas de 750 ml, lo que marc\u00f3 el inicio de una nueva era para la bodega.<\/p>\n\n\n\n<p>Actualmente, Vi\u00f1a Alta ofrece varias l\u00edneas de vino, incluyendo <strong>Tupac, Esencial, Yato <\/strong>y<strong> Cordillera<\/strong>, cada una con su propia identidad y \u00e9xito en el mercado. El nombre de la bodega, inspirado en los vi\u00f1edos altos que dise\u00f1\u00f3 el fundador, refleja la historia y tradici\u00f3n de esa familia del Este mendocino.<\/p>\n\n\n\n<div style=\"height:30px\" aria-hidden=\"true\" class=\"wp-block-spacer\"><\/div>\n","protected":false},"excerpt":{"rendered":"<p>La bodega familiar Vi\u00f1a Alta, de San Mart\u00edn, en el Este de la provincia de&hellip;<\/p>\n","protected":false},"author":3,"featured_media":128189,"comment_status":"open","ping_status":"open","sticky":false,"template":"","format":"standard","meta":{"footnotes":""},"categories":[9],"tags":[],"class_list":["post-128184","post","type-post","status-publish","format-standard","has-post-thumbnail","hentry","category-negocios"],"_links":{"self":[{"href":"https:\/\/enolife.com.ar\/es\/wp-json\/wp\/v2\/posts\/128184","targetHints":{"allow":["GET"]}}],"collection":[{"href":"https:\/\/enolife.com.ar\/es\/wp-json\/wp\/v2\/posts"}],"about":[{"href":"https:\/\/enolife.com.ar\/es\/wp-json\/wp\/v2\/types\/post"}],"author":[{"embeddable":true,"href":"https:\/\/enolife.com.ar\/es\/wp-json\/wp\/v2\/users\/3"}],"replies":[{"embeddable":true,"href":"https:\/\/enolife.com.ar\/es\/wp-json\/wp\/v2\/comments?post=128184"}],"version-history":[{"count":0,"href":"https:\/\/enolife.com.ar\/es\/wp-json\/wp\/v2\/posts\/128184\/revisions"}],"wp:featuredmedia":[{"embeddable":true,"href":"https:\/\/enolife.com.ar\/es\/wp-json\/wp\/v2\/media\/128189"}],"wp:attachment":[{"href":"https:\/\/enolife.com.ar\/es\/wp-json\/wp\/v2\/media?parent=128184"}],"wp:term":[{"taxonomy":"category","embeddable":true,"href":"https:\/\/enolife.com.ar\/es\/wp-json\/wp\/v2\/categories?post=128184"},{"taxonomy":"post_tag","embeddable":true,"href":"https:\/\/enolife.com.ar\/es\/wp-json\/wp\/v2\/tags?post=128184"}],"curies":[{"name":"wp","href":"https:\/\/api.w.org\/{rel}","templated":true}]}}