{"id":128128,"date":"2024-11-02T19:23:33","date_gmt":"2024-11-02T19:23:33","guid":{"rendered":"https:\/\/enolife.com.ar\/es\/?p=128128"},"modified":"2024-11-03T19:01:32","modified_gmt":"2024-11-03T19:01:32","slug":"la-feria-de-vinos-a-beneficio-de-chicos-desnutridos-del-grupo-los-taninos-sera-en-cordoba-el-22-11","status":"publish","type":"post","link":"https:\/\/enolife.com.ar\/es\/la-feria-de-vinos-a-beneficio-de-chicos-desnutridos-del-grupo-los-taninos-sera-en-cordoba-el-22-11\/","title":{"rendered":"La feria de vinos a beneficio de chicos desnutridos del grupo Los Taninos ser\u00e1 en C\u00f3rdoba el 22\/11"},"content":{"rendered":"\n<h4 class=\"wp-block-heading\"><em><strong>En su 8va edici\u00f3n, la feria Taninos Wine Fest se realizar\u00e1 este a\u00f1o en la ciudad de C\u00f3rdoba, a total beneficio de la Asociaci\u00f3n Civil Vaso de Leche, que combate la malnutrici\u00f3n infantil. El grupo de en\u00f3logos, agr\u00f3nomos, vi\u00f1ateros y bodegueros Los Taninos ya tiene 221 integrantes y prosigue su tarea solidaria a la par de su misi\u00f3n cooperativista, que les permite hacer compras de insumos y resolver problemas comunes.<\/strong><\/em><\/h4>\n\n\n\n<div style=\"height:35px\" aria-hidden=\"true\" class=\"wp-block-spacer\"><\/div>\n\n\n\n\n\n<div style=\"height:45px\" aria-hidden=\"true\" class=\"wp-block-spacer\"><\/div>\n\n\n\n<p>La feria <strong>Taninos Wine Fest<\/strong>, en su edici\u00f3n 2024, se realizar\u00e1 el pr\u00f3ximo viernes 22 de noviembre en el <strong>Hotel Quinto Centenario<\/strong> de la ciudad de C\u00f3rdoba y a total beneficio de la <strong>Asociaci\u00f3n Civil Vaso de Leche.<\/strong><\/p>\n\n\n\n<p>Este 8avo encuentro de productores de vino -uno de los mayores de Argentina- se llevar\u00e1 a cabo en la ciudad de C\u00f3rdoba con la participaci\u00f3n de m\u00e1s de <strong>50 bodegas<\/strong> provenientes de <strong>Mendoza, San Juan, Cordoba, Neuqu\u00e9n y Salta.<\/strong> Por tercer a\u00f1o consecutivo ser\u00e1 a beneficio de la Asociaci\u00f3n Civil Vaso de Leche, organizaci\u00f3n que desde el a\u00f1o 2004 realiza acciones para combatir la malnutrici\u00f3n infantil de C\u00f3rdoba y su \u00e1rea metropolitana.<\/p>\n\n\n\n<p>Algunos de los atractivos que tendr\u00e1 este evento que unir\u00e1 al mundo del vino y a la solidaridad son los stands de bodegas atendidos por sus propios due\u00f1os, junto a los hacedores del vino, lo que dar\u00e1 la posibilidad de charlar en vivo con destacados en\u00f3logos y empresarios de la industria.<\/p>\n\n\n\n<div style=\"height:30px\" aria-hidden=\"true\" class=\"wp-block-spacer\"><\/div>\n\n\n<div class=\"wp-block-image\">\n<figure class=\"aligncenter size-full is-resized\"><a href=\"https:\/\/enolife.com.ar\/es\/wp-content\/uploads\/2024\/10\/IMG_0254-1024x683-1.jpg\" data-rel=\"penci-gallery-image-content\" ><img loading=\"lazy\" decoding=\"async\" src=\"https:\/\/enolife.com.ar\/es\/wp-content\/uploads\/2024\/10\/IMG_0254-1024x683-1.jpg\" alt=\"\" class=\"wp-image-128132\" width=\"606\" height=\"330\" srcset=\"https:\/\/enolife.com.ar\/es\/wp-content\/uploads\/2024\/10\/IMG_0254-1024x683-1.jpg 1023w, https:\/\/enolife.com.ar\/es\/wp-content\/uploads\/2024\/10\/IMG_0254-1024x683-1-300x163.jpg 300w, https:\/\/enolife.com.ar\/es\/wp-content\/uploads\/2024\/10\/IMG_0254-1024x683-1-768x418.jpg 768w, https:\/\/enolife.com.ar\/es\/wp-content\/uploads\/2024\/10\/IMG_0254-1024x683-1-585x319.jpg 585w\" sizes=\"auto, (max-width: 606px) 100vw, 606px\" \/><\/a><\/figure><\/div>\n\n\n<div style=\"height:30px\" aria-hidden=\"true\" class=\"wp-block-spacer\"><\/div>\n\n\n\n<p>Esta edici\u00f3n, permitir\u00e1 establecer un intercambio con los protagonistas, y conocer an\u00e9cdotas sobre la creaci\u00f3n del vino y sus variadas etiquetas.<\/p>\n\n\n\n<div style=\"height:16px\" aria-hidden=\"true\" class=\"wp-block-spacer\"><\/div>\n\n\n\n<p class=\"has-background\" style=\"background-color:#abb7c240\">El evento se llevar\u00e1 a cabo en el <strong>Hotel Quinto Centenario<\/strong> (Duarte Quir\u00f3s 1300) C\u00f3rdoba, el <strong>viernes 22 de noviembre de 19 a 23.30 horas<\/strong>. Las entradas podr\u00e1n adquirirse <a href=\"https:\/\/ventas.autoentrada.com\/events\/taninos-wine-fest-cordoba-2024-11-22-19-00-00-0300\" title=\"\"><strong>AQU\u00cd<\/strong><\/a><\/p>\n\n\n\n<div style=\"height:16px\" aria-hidden=\"true\" class=\"wp-block-spacer\"><\/div>\n\n\n\n<p>Dado que se trata de una actividad con cupos limitados, y teniendo en cuenta que ya se han vendido numerosas localidades, se sugiere la reserva de manera anticipada.<\/p>\n\n\n\n<p><em>\u201cEstamos felices de poder acompa\u00f1ar a Vaso de Leche en su 20 aniversario. Para nosotros es la octava edici\u00f3n interrumpida y volver a C\u00f3rdoba para una acci\u00f3n como esta, nos llena de alegr\u00eda. Los esperamos para contribuir con Vaso y pasar un momento inolvidable, rodeados de buen vino, hermosa m\u00fasica y muchas sorpresas. Son de esos momentos donde respiras arte por donde camines, prep\u00e1rense para vivir la experiencia Taninos\u201d<\/em>, afirmo<strong> Federico Ciolfi, representante de Taninos<\/strong>.<\/p>\n\n\n\n<p>Cabe destacar que Los Taninos Wine Fest cuenta con el acompa\u00f1amiento y el apoyo de la <strong>Agencia C\u00f3rdoba Cultura<\/strong> y la <strong>Secretar\u00eda de Turismo<\/strong> de la Ciudad de C\u00f3rdoba.<\/p>\n\n\n\n<div style=\"height:35px\" aria-hidden=\"true\" class=\"wp-block-spacer\"><\/div>\n\n\n\n<p class=\"has-medium-font-size\"><strong>Sobre Los Taninos<\/strong><\/p>\n\n\n\n<p>Es un colectivo vitivin\u00edcola conformado por 221 profesionales, entre en\u00f3logos, ingenieros agr\u00f3nomos, bodegueros y due\u00f1os de marcas de vinos que trabaja colaborativamente para resolver problemas vinculados a la producci\u00f3n, elaboraci\u00f3n y la compra de insumos entre otras problem\u00e1ticas comunes. Desde hace 8 a\u00f1os, organiza una feria de vinos solidaria, a beneficio de organizaciones de asistencia social. <strong>Instagram: <a href=\"https:\/\/www.instagram.com\/vaso.cba\/?hl=es-la https:\/\/www.instagram.com\/taninoswinefest\/?hl=es-la\" title=\"\">@taninoswinefest<\/a> <\/strong><\/p>\n\n\n\n<div style=\"height:30px\" aria-hidden=\"true\" class=\"wp-block-spacer\"><\/div>\n\n\n<div class=\"wp-block-image\">\n<figure class=\"aligncenter size-full is-resized\"><a href=\"https:\/\/enolife.com.ar\/es\/wp-content\/uploads\/2024\/10\/tanino-wine-fest-portada-medium-size.jpg\" data-rel=\"penci-gallery-image-content\" ><img loading=\"lazy\" decoding=\"async\" src=\"https:\/\/enolife.com.ar\/es\/wp-content\/uploads\/2024\/10\/tanino-wine-fest-portada-medium-size.jpg\" alt=\"\" class=\"wp-image-128133\" width=\"643\" height=\"365\" srcset=\"https:\/\/enolife.com.ar\/es\/wp-content\/uploads\/2024\/10\/tanino-wine-fest-portada-medium-size.jpg 705w, https:\/\/enolife.com.ar\/es\/wp-content\/uploads\/2024\/10\/tanino-wine-fest-portada-medium-size-300x170.jpg 300w, https:\/\/enolife.com.ar\/es\/wp-content\/uploads\/2024\/10\/tanino-wine-fest-portada-medium-size-585x332.jpg 585w\" sizes=\"auto, (max-width: 643px) 100vw, 643px\" \/><\/a><\/figure><\/div>\n\n\n<div style=\"height:30px\" aria-hidden=\"true\" class=\"wp-block-spacer\"><\/div>\n\n\n\n<p class=\"has-medium-font-size\"><strong>Sobre Vaso de Leche<\/strong><\/p>\n\n\n\n<p>Vaso de Leche es una Asociaci\u00f3n Civil de desarrollo comunitario, solidario y voluntario que desde hace 20 a\u00f1os acompa\u00f1a a ni\u00f1os, familias y comedores de la ciudad de C\u00f3rdoba. En estas dos \u00faltimas d\u00e9cadas brind\u00f3 asistencia alimentaria, talleres y atenci\u00f3n m\u00e9dica gratuita a un total de 23.460 ni\u00f1os y sus familias a trav\u00e9s de sus programas Vaso Conin, Club de la Ni\u00f1ez\/Adolescente y Programa de Fortalecimiento a Organizaciones Comunitarias.<\/p>\n\n\n\n<p>Son un eslab\u00f3n de una gran cadena solidaria que aprende y se fortalece d\u00eda a d\u00eda gracias a un inmenso equipo profesional interdisciplinario, m\u00e1s de 40 voluntarios, 70 estudiantes de diferentes universidades e incontables aliados y donantes. Todos juntos acompa\u00f1an diariamente a m\u00e1s de 100 ni\u00f1os y adolescentes buscando mejorar su calidad de vida y nutrir su futuro desde el amor y el compromiso.<\/p>\n\n\n\n<p><strong>M\u00e1s informaci\u00f3n en: <a href=\"http:\/\/www.vasodeleche.org\/\">www.vasodeleche.org<\/a><\/strong><\/p>\n\n\n\n<div style=\"height:28px\" aria-hidden=\"true\" class=\"wp-block-spacer\"><\/div>\n","protected":false},"excerpt":{"rendered":"<p>En su 8va edici\u00f3n, la feria Taninos Wine Fest se realizar\u00e1 este a\u00f1o en la&hellip;<\/p>\n","protected":false},"author":3,"featured_media":128135,"comment_status":"open","ping_status":"open","sticky":false,"template":"","format":"standard","meta":{"footnotes":""},"categories":[47,56],"tags":[],"class_list":["post-128128","post","type-post","status-publish","format-standard","has-post-thumbnail","hentry","category-agenda","category-destacado"],"_links":{"self":[{"href":"https:\/\/enolife.com.ar\/es\/wp-json\/wp\/v2\/posts\/128128","targetHints":{"allow":["GET"]}}],"collection":[{"href":"https:\/\/enolife.com.ar\/es\/wp-json\/wp\/v2\/posts"}],"about":[{"href":"https:\/\/enolife.com.ar\/es\/wp-json\/wp\/v2\/types\/post"}],"author":[{"embeddable":true,"href":"https:\/\/enolife.com.ar\/es\/wp-json\/wp\/v2\/users\/3"}],"replies":[{"embeddable":true,"href":"https:\/\/enolife.com.ar\/es\/wp-json\/wp\/v2\/comments?post=128128"}],"version-history":[{"count":0,"href":"https:\/\/enolife.com.ar\/es\/wp-json\/wp\/v2\/posts\/128128\/revisions"}],"wp:featuredmedia":[{"embeddable":true,"href":"https:\/\/enolife.com.ar\/es\/wp-json\/wp\/v2\/media\/128135"}],"wp:attachment":[{"href":"https:\/\/enolife.com.ar\/es\/wp-json\/wp\/v2\/media?parent=128128"}],"wp:term":[{"taxonomy":"category","embeddable":true,"href":"https:\/\/enolife.com.ar\/es\/wp-json\/wp\/v2\/categories?post=128128"},{"taxonomy":"post_tag","embeddable":true,"href":"https:\/\/enolife.com.ar\/es\/wp-json\/wp\/v2\/tags?post=128128"}],"curies":[{"name":"wp","href":"https:\/\/api.w.org\/{rel}","templated":true}]}}