{"id":127941,"date":"2024-10-30T08:20:15","date_gmt":"2024-10-30T08:20:15","guid":{"rendered":"https:\/\/enolife.com.ar\/es\/?p=127941"},"modified":"2024-10-31T11:29:43","modified_gmt":"2024-10-31T11:29:43","slug":"verallia-cumple-75-anos-en-mendoza-con-el-compromiso-de-reducir-su-emision-de-co2-46-para-2030","status":"publish","type":"post","link":"https:\/\/enolife.com.ar\/es\/verallia-cumple-75-anos-en-mendoza-con-el-compromiso-de-reducir-su-emision-de-co2-46-para-2030\/","title":{"rendered":"Verallia cumple 75 a\u00f1os en Mendoza con el compromiso de reducir su emisi\u00f3n de CO2 46% para 2030"},"content":{"rendered":"\n<h4 class=\"wp-block-heading\"><em><strong>La empresa de origen franc\u00e9s establecida en Guaymall\u00e9n, Mendoza, Argentina, es el tercer mayor fabricante de envases de vidrio del mundo. En ocasi\u00f3n de celebrar su 75\u00b0 aniversario en esta provincia, renov\u00f3 su objetivo de bajar la emisi\u00f3n de di\u00f3xido de carbono (CO2) un 46% con respecto a su huella actual en los pr\u00f3ximos 6 a\u00f1os, para as\u00ed contribuir a mitigar el efecto del cambio clim\u00e1tico. En l\u00ednea con esa meta, en los \u00faltimos a\u00f1os Verallia ha lanzado nuevas botellas para vino, de 300 y 400 gramos, apuntando a liderar la transformaci\u00f3n del sector del embalaje con medidas vinculadas al consumo energ\u00e9tico y al aumento sostenido del uso de vidrio reciclado. <\/strong><\/em><\/h4>\n\n\n\n<div style=\"height:35px\" aria-hidden=\"true\" class=\"wp-block-spacer\"><\/div>\n\n\n<a href=\"https:\/\/ar.verallia.com\/\" aria-label=\"VERALLIA 1700 x 500\"><img loading=\"lazy\" decoding=\"async\" src=\"https:\/\/enolife.com.ar\/es\/wp-content\/uploads\/2021\/04\/VERALLIA-1700-x-500.jpg\" alt=\"\"  srcset=\"https:\/\/enolife.com.ar\/es\/wp-content\/uploads\/2021\/04\/VERALLIA-1700-x-500.jpg 1700w, https:\/\/enolife.com.ar\/es\/wp-content\/uploads\/2021\/04\/VERALLIA-1700-x-500-300x88.jpg 300w, https:\/\/enolife.com.ar\/es\/wp-content\/uploads\/2021\/04\/VERALLIA-1700-x-500-1024x301.jpg 1024w, https:\/\/enolife.com.ar\/es\/wp-content\/uploads\/2021\/04\/VERALLIA-1700-x-500-768x226.jpg 768w, https:\/\/enolife.com.ar\/es\/wp-content\/uploads\/2021\/04\/VERALLIA-1700-x-500-1536x452.jpg 1536w, https:\/\/enolife.com.ar\/es\/wp-content\/uploads\/2021\/04\/VERALLIA-1700-x-500-1170x344.jpg 1170w, https:\/\/enolife.com.ar\/es\/wp-content\/uploads\/2021\/04\/VERALLIA-1700-x-500-585x172.jpg 585w\" sizes=\"auto, (max-width: 1700px) 100vw, 1700px\" width=\"1700\" height=\"500\"   \/><\/a>\n\n\n<div style=\"height:45px\" aria-hidden=\"true\" class=\"wp-block-spacer\"><\/div>\n\n\n\n<p><strong>Verallia<\/strong>, una de las principales fabricantes de envases de vidrio del mundo, festeja este a\u00f1o su <strong>75\u00ba aniversario<\/strong> desde que se estableci\u00f3 y comenz\u00f3 a producir en la provincia de Mendoza. Fue fundada en 1949 con el nombre de Ray\u00e9n Cur\u00e1, y desde entonces la compa\u00f1\u00eda ha experimentado una evoluci\u00f3n constante, consolid\u00e1ndose como un pilar en el desarrollo de la industria vitivin\u00edcola y de bebidas en la regi\u00f3n.<\/p>\n\n\n\n<p><strong>Walter Formica<\/strong>,<strong> <\/strong>director general de Verallia, destac\u00f3 los logros alcanzados a lo largo de estos 75 a\u00f1os, especialmente las inversiones tecnol\u00f3gicas que han permitido ampliar la capacidad productiva de la empresa, para poder as\u00ed garantizar productos de alta calidad: <em>\u00abUno de los hitos m\u00e1s significativos fue la construcci\u00f3n del horno 3 en 2012, que no s\u00f3lo marc\u00f3 un crecimiento para la empresa, sino tambi\u00e9n para la industria local. Recientemente, se ha ampliado la capacidad de este horno con la instalaci\u00f3n de una nueva l\u00ednea de fabricaci\u00f3n, lo que nos permite ofrecer una mayor variedad de envases adaptados a las necesidades del mercado\u00bb<\/em>.<\/p>\n\n\n\n<div style=\"height:30px\" aria-hidden=\"true\" class=\"wp-block-spacer\"><\/div>\n\n\n<div class=\"wp-block-image\">\n<figure class=\"aligncenter size-full is-resized\"><a href=\"https:\/\/enolife.com.ar\/es\/wp-content\/uploads\/2024\/10\/Walter-Formica.jpg\" data-rel=\"penci-gallery-image-content\" ><img loading=\"lazy\" decoding=\"async\" src=\"https:\/\/enolife.com.ar\/es\/wp-content\/uploads\/2024\/10\/Walter-Formica.jpg\" alt=\"\" class=\"wp-image-127979\" width=\"631\" height=\"379\" srcset=\"https:\/\/enolife.com.ar\/es\/wp-content\/uploads\/2024\/10\/Walter-Formica.jpg 765w, https:\/\/enolife.com.ar\/es\/wp-content\/uploads\/2024\/10\/Walter-Formica-300x180.jpg 300w, https:\/\/enolife.com.ar\/es\/wp-content\/uploads\/2024\/10\/Walter-Formica-585x352.jpg 585w\" sizes=\"auto, (max-width: 631px) 100vw, 631px\" \/><\/a><figcaption class=\"wp-element-caption\"><em><strong>Walter Formica, director general de Verallia Argentina<\/strong><\/em><strong><em>.<\/em><\/strong><\/figcaption><\/figure><\/div>\n\n\n<div style=\"height:35px\" aria-hidden=\"true\" class=\"wp-block-spacer\"><\/div>\n\n\n\n<p class=\"has-medium-font-size\"><strong>El compromiso para 2030<\/strong><\/p>\n\n\n\n<p>En los \u00faltimos a\u00f1os, el cambio clim\u00e1tico ha obligado a que el mundo tenga una meta colectiva de <strong>limitar el aumento de la temperatura global a 1,5\u00b0 C para fin de este siglo<\/strong>, y en ese marco el compromiso de las empresas resulta imprescindible para arribar a un sistema neutral en huella de carbono. <\/p>\n\n\n\n<p>Para la industria del vidrio, la responsabilidad de reducir las emisiones de di\u00f3xido de carbono (CO2) se sostiene en la innovaci\u00f3n de toda su cadena de valor. En este sentido, Verallia persigue como prop\u00f3sito&nbsp;<strong>\u201cReimaginar el vidrio para un futuro sostenible\u201d<\/strong>&nbsp;y, a partir de esa premisa, aspira a liderar la transformaci\u00f3n del sector del embalaje con medidas vinculadas al consumo energ\u00e9tico y la eficiencia de sus instalaciones productivas, a la introducci\u00f3n de energ\u00edas renovables a largo plazo, el eco-dise\u00f1o de sus productos y el aumento sostenido del uso de vidrio reciclado (<em>cullet<\/em>). En 2023, la compa\u00f1\u00eda lanz\u00f3 su informe de Responsabilidad Social Corporativa, donde se comprometi\u00f3 a reducir las emisiones de CO2 en un 46% para 2030.<\/p>\n\n\n\n<p>Entre las acciones realizadas para llegar a este objetivo, Verallia lanz\u00f3 la l\u00ednea <strong>Ecova<\/strong>, con envases m\u00e1s livianos (400 gr) y, en 2023 la botella burdeos ultraliviana <strong>Bordelesa Air<\/strong>, con un peso de 300 gr, sin comprometer la est\u00e9tica del envase. <\/p>\n\n\n\n<div style=\"height:30px\" aria-hidden=\"true\" class=\"wp-block-spacer\"><\/div>\n\n\n<div class=\"wp-block-image\">\n<figure class=\"aligncenter size-full is-resized\"><a href=\"https:\/\/enolife.com.ar\/es\/wp-content\/uploads\/2024\/10\/Imagen1-34.jpg\" data-rel=\"penci-gallery-image-content\" ><img loading=\"lazy\" decoding=\"async\" src=\"https:\/\/enolife.com.ar\/es\/wp-content\/uploads\/2024\/10\/Imagen1-34.jpg\" alt=\"\" class=\"wp-image-127988\" width=\"625\" height=\"357\" srcset=\"https:\/\/enolife.com.ar\/es\/wp-content\/uploads\/2024\/10\/Imagen1-34.jpg 701w, https:\/\/enolife.com.ar\/es\/wp-content\/uploads\/2024\/10\/Imagen1-34-300x171.jpg 300w, https:\/\/enolife.com.ar\/es\/wp-content\/uploads\/2024\/10\/Imagen1-34-585x334.jpg 585w\" sizes=\"auto, (max-width: 625px) 100vw, 625px\" \/><\/a><\/figure><\/div>\n\n\n<div style=\"height:30px\" aria-hidden=\"true\" class=\"wp-block-spacer\"><\/div>\n\n\n\n<p>A estas acciones se ha sumado la <strong>campa\u00f1a de reciclaje \u00abVidrio, una acci\u00f3n transparente\u00bb<\/strong>, que desde hace 12 a\u00f1os promueve la recolecci\u00f3n y reciclaje de vidrio, impactando positivamente a la comunidad mendocina. <em>\u00abEl prop\u00f3sito que definimos en 2020, \u2018Reimaginar el vidrio para un futuro sostenible\u2019, sigue guiando nuestras acciones estrat\u00e9gicas\u00bb,<\/em> afirm\u00f3 el director.<\/p>\n\n\n\n<div style=\"height:30px\" aria-hidden=\"true\" class=\"wp-block-spacer\"><\/div>\n\n\n<div class=\"wp-block-image\">\n<figure class=\"aligncenter size-full is-resized\"><a href=\"https:\/\/enolife.com.ar\/es\/wp-content\/uploads\/2024\/10\/image-110.png\" data-rel=\"penci-gallery-image-content\" ><img loading=\"lazy\" decoding=\"async\" src=\"https:\/\/enolife.com.ar\/es\/wp-content\/uploads\/2024\/10\/image-110.png\" alt=\"\" class=\"wp-image-127986\" width=\"534\" height=\"330\" srcset=\"https:\/\/enolife.com.ar\/es\/wp-content\/uploads\/2024\/10\/image-110.png 646w, https:\/\/enolife.com.ar\/es\/wp-content\/uploads\/2024\/10\/image-110-300x186.png 300w, https:\/\/enolife.com.ar\/es\/wp-content\/uploads\/2024\/10\/image-110-585x362.png 585w\" sizes=\"auto, (max-width: 534px) 100vw, 534px\" \/><\/a><figcaption class=\"wp-element-caption\"><em><strong>Contenedor para la campa\u00f1a de recolecci\u00f3n de botellas para reciclar<\/strong><\/em>.<\/figcaption><\/figure><\/div>\n\n\n<div style=\"height:35px\" aria-hidden=\"true\" class=\"wp-block-spacer\"><\/div>\n\n\n\n<p class=\"has-medium-font-size\"><strong>Agradecimiento y desaf\u00edos futuros<\/strong><\/p>\n\n\n<div class=\"wp-block-image\">\n<figure class=\"alignleft size-full is-resized\"><a href=\"https:\/\/enolife.com.ar\/es\/wp-content\/uploads\/2024\/10\/Rayen-Cura-en-sus-inicios-1.jpg\" data-rel=\"penci-gallery-image-content\" ><img loading=\"lazy\" decoding=\"async\" src=\"https:\/\/enolife.com.ar\/es\/wp-content\/uploads\/2024\/10\/Rayen-Cura-en-sus-inicios-1.jpg\" alt=\"\" class=\"wp-image-127984\" width=\"278\" height=\"331\" srcset=\"https:\/\/enolife.com.ar\/es\/wp-content\/uploads\/2024\/10\/Rayen-Cura-en-sus-inicios-1.jpg 400w, https:\/\/enolife.com.ar\/es\/wp-content\/uploads\/2024\/10\/Rayen-Cura-en-sus-inicios-1-252x300.jpg 252w\" sizes=\"auto, (max-width: 278px) 100vw, 278px\" \/><\/a><\/figure><\/div>\n\n\n<p>En este aniversario, Verallia extiendi\u00f3 un especial agradecimiento a sus clientes y colaboradores. <em>\u00abEl apoyo y la confianza de nuestros clientes <\/em>-reconoci\u00f3 Formica-<em> nos permiten seguir avanzando en nuevos desarrollos\u00bb<\/em>. Asimismo, resalt\u00f3 el compromiso de los colaboradores: <em>\u00abGracias a su dedicaci\u00f3n, hemos mantenido est\u00e1ndares de calidad y seguridad que nos posicionan como l\u00edderes en el sector\u00bb.<\/em><\/p>\n\n\n\n<p>En cuanto a los desaf\u00edos, Verallia contin\u00faa explorando nuevos mercados, como el lanzamiento reciente de un envase para salsas y los desarrollos espec\u00edficos para bebidas espirituosas. La compa\u00f1\u00eda sigue apostando por la innovaci\u00f3n, buscando siempre estar a la vanguardia en el sector.<\/p>\n\n\n\n<div style=\"height:35px\" aria-hidden=\"true\" class=\"wp-block-spacer\"><\/div>\n\n\n\n<p class=\"has-medium-font-size\"><strong>Sobre Verallia<\/strong><\/p>\n\n\n\n<p>La propuesta y el lema de Verallia es \u00abreimaginar el vidrio para un futuro sostenible\u00bb, redefiniendo c\u00f3mo se produce, reutiliza y recicla el vidrio, para convertirlo en el material de embalaje m\u00e1s sostenible del mundo. Con  11.000 empleados y 35 plantas de producci\u00f3n de vidrio en 12 pa\u00edses, es el l\u00edder europeo y el tercer productor mundial de envases de vidrio para bebidas y productos alimenticios. Ofrece soluciones innovadoras, personalizadas y respetuosas con el medio ambiente a m\u00e1s de 10.000 empresas en todo el mundo. En 2023, Verallia produjo cerca de 16 mil millones de botellas y frascos de vidrio y registr\u00f3 ingresos de 3.900 millones de euros.<\/p>\n\n\n\n<div style=\"height:30px\" aria-hidden=\"true\" class=\"wp-block-spacer\"><\/div>\n\n\n<div class=\"wp-block-image\">\n<figure class=\"aligncenter size-full is-resized\"><a href=\"https:\/\/enolife.com.ar\/es\/wp-content\/uploads\/2024\/10\/Verallia-cumplio-75-anos.jpg\" data-rel=\"penci-gallery-image-content\" ><img loading=\"lazy\" decoding=\"async\" src=\"https:\/\/enolife.com.ar\/es\/wp-content\/uploads\/2024\/10\/Verallia-cumplio-75-anos.jpg\" alt=\"\" class=\"wp-image-127982\" width=\"614\" height=\"366\" srcset=\"https:\/\/enolife.com.ar\/es\/wp-content\/uploads\/2024\/10\/Verallia-cumplio-75-anos.jpg 839w, https:\/\/enolife.com.ar\/es\/wp-content\/uploads\/2024\/10\/Verallia-cumplio-75-anos-300x179.jpg 300w, https:\/\/enolife.com.ar\/es\/wp-content\/uploads\/2024\/10\/Verallia-cumplio-75-anos-768x458.jpg 768w, https:\/\/enolife.com.ar\/es\/wp-content\/uploads\/2024\/10\/Verallia-cumplio-75-anos-585x349.jpg 585w\" sizes=\"auto, (max-width: 614px) 100vw, 614px\" \/><\/a><figcaption class=\"wp-element-caption\"><em><strong>La planta de Verallia en Guaymall\u00e9n, Mendoza, Argentina.<\/strong><\/em><\/figcaption><\/figure><\/div>\n\n\n<div style=\"height:30px\" aria-hidden=\"true\" class=\"wp-block-spacer\"><\/div>\n\n\n\n<p>La estrategia de RSC de Verallia ha sido galardonada con la Medalla de Platino de Ecovadis. <br>La empresa cotiza en el compartimento A del mercado regulado Euronext Paris (Ticker: VRLA \u2013 ISIN: FR0013447729) y cotiza en los siguientes \u00edndices: CAC SBT 1.5\u00b0, STOXX600, SBF 120, CAC Mid 60, CAC Mid &amp; Small y CAC All -Negociable.<\/p>\n\n\n\n<div style=\"height:30px\" aria-hidden=\"true\" class=\"wp-block-spacer\"><\/div>\n","protected":false},"excerpt":{"rendered":"<p>La empresa de origen franc\u00e9s establecida en Guaymall\u00e9n, Mendoza, Argentina, es el tercer mayor fabricante&hellip;<\/p>\n","protected":false},"author":3,"featured_media":127992,"comment_status":"open","ping_status":"open","sticky":false,"template":"","format":"standard","meta":{"footnotes":""},"categories":[57],"tags":[],"class_list":["post-127941","post","type-post","status-publish","format-standard","has-post-thumbnail","hentry","category-empresas"],"_links":{"self":[{"href":"https:\/\/enolife.com.ar\/es\/wp-json\/wp\/v2\/posts\/127941","targetHints":{"allow":["GET"]}}],"collection":[{"href":"https:\/\/enolife.com.ar\/es\/wp-json\/wp\/v2\/posts"}],"about":[{"href":"https:\/\/enolife.com.ar\/es\/wp-json\/wp\/v2\/types\/post"}],"author":[{"embeddable":true,"href":"https:\/\/enolife.com.ar\/es\/wp-json\/wp\/v2\/users\/3"}],"replies":[{"embeddable":true,"href":"https:\/\/enolife.com.ar\/es\/wp-json\/wp\/v2\/comments?post=127941"}],"version-history":[{"count":0,"href":"https:\/\/enolife.com.ar\/es\/wp-json\/wp\/v2\/posts\/127941\/revisions"}],"wp:featuredmedia":[{"embeddable":true,"href":"https:\/\/enolife.com.ar\/es\/wp-json\/wp\/v2\/media\/127992"}],"wp:attachment":[{"href":"https:\/\/enolife.com.ar\/es\/wp-json\/wp\/v2\/media?parent=127941"}],"wp:term":[{"taxonomy":"category","embeddable":true,"href":"https:\/\/enolife.com.ar\/es\/wp-json\/wp\/v2\/categories?post=127941"},{"taxonomy":"post_tag","embeddable":true,"href":"https:\/\/enolife.com.ar\/es\/wp-json\/wp\/v2\/tags?post=127941"}],"curies":[{"name":"wp","href":"https:\/\/api.w.org\/{rel}","templated":true}]}}