{"id":127922,"date":"2024-10-29T11:55:50","date_gmt":"2024-10-29T11:55:50","guid":{"rendered":"https:\/\/enolife.com.ar\/es\/?p=127922"},"modified":"2024-10-31T12:13:47","modified_gmt":"2024-10-31T12:13:47","slug":"en-2024-acovi-asistio-a-productores-con-250-millones-para-riego-insumos-y-capital-de-trabajo","status":"publish","type":"post","link":"https:\/\/enolife.com.ar\/es\/en-2024-acovi-asistio-a-productores-con-250-millones-para-riego-insumos-y-capital-de-trabajo\/","title":{"rendered":"En 2024, Acovi asisti\u00f3 a productores con $250 millones para riego, insumos y capital de trabajo"},"content":{"rendered":"\n<h4 class=\"wp-block-heading\"><em><strong>La Asociaci\u00f3n de Cooperativas Vitivin\u00edcolas Argentinas (Acovi) realiz\u00f3, el 25\/10, su Asamblea General Ordinaria, que cont\u00f3 con la participaci\u00f3n de representantes de sus 32 cooperativas asociadas. Se presentaron los estados contables, memoria y se hizo la elecci\u00f3n de representantes, reeligiendo a Fabi\u00e1n Ruggeri como presidente por los pr\u00f3ximos 2 a\u00f1os. El balance presentado fue positivo, en lo que va de 2024, la entidad otorg\u00f3 $250 millones a diferentes productores entre microcr\u00e9ditos y fondos rotatorios, una ayuda que pone especial \u00e9nfasis en eficiencia h\u00eddrica, insumos y capital de trabajo. <\/strong><\/em><\/h4>\n\n\n\n<div style=\"height:35px\" aria-hidden=\"true\" class=\"wp-block-spacer\"><\/div>\n\n\n\n\n\n<div style=\"height:35px\" aria-hidden=\"true\" class=\"wp-block-spacer\"><\/div>\n\n\n\n<p>En el marco de sus actividades institucionales, Acovi realiz\u00f3 su Asamblea General Ordinaria, en la que participaron representantes de sus <strong>32 cooperativas asociadas<\/strong>. Se presentaron los estados contables, memoria y elecci\u00f3n de autoridades, reeligiendo a <strong>Fabian Ruggeri como presidente<\/strong> durante otros 2 a\u00f1os, quien expres\u00f3 que <em>\u00abFue un valioso espacio de di\u00e1logo e intercambio entre productores \u2013 representando a sus cooperativas- y las autoridades\u00bb<\/em>.<\/p>\n\n\n\n<div style=\"height:30px\" aria-hidden=\"true\" class=\"wp-block-spacer\"><\/div>\n\n\n\n<h3 class=\"wp-block-heading has-vivid-red-color has-text-color\"><strong>Acovi agrupa 5.000 productores y m\u00e1s de 2.000 terceros que elaboran en las bodegas de las cooperativas, quienes abarcan aproximadamente 25.000 hect\u00e1reas en producci\u00f3n vitivin\u00edcola del pa\u00eds. En este escenario se desempe\u00f1an en forma permanente m\u00e1s de 20.000 familias y esta cifra asciende a 35.000 en la vendimia.<\/strong><\/h3>\n\n\n\n<div style=\"height:30px\" aria-hidden=\"true\" class=\"wp-block-spacer\"><\/div>\n\n\n\n<p>El gerente de la entidad, <strong>Nicol\u00e1s Vicchi<\/strong>, present\u00f3 el informe de gesti\u00f3n de todo el a\u00f1o, recorriendo tanto las acciones gremiales como los ejes de trabajo, destacando el cumplimiento de los objetivos de la entidad. Se puso de relevancia la asistencia financiera que la entidad brinda a productores mediante sus dos l\u00edneas: microcr\u00e9ditos y fondos rotatorios, ayuda econ\u00f3mica que pone especial \u00e9nfasis en eficiencia h\u00eddrica, insumos y capital de trabajo. La suma ascendi\u00f3 a m\u00e1s de 250 millones de pesos durante 2024.<\/p>\n\n\n\n<p>Entre los temas de relevancia se destac\u00f3 el trabajo t\u00e9cnico \u2013 jur\u00eddico realizado por la Comisi\u00f3n H\u00eddrica de Acovi junto a otras instituciones y c\u00e1maras territoriales para el an\u00e1lisis del anteproyecto del c\u00f3digo de aguas y la presentaci\u00f3n formal de las observaciones ante las autoridades del Departamento General de Irrigaci\u00f3n.<\/p>\n\n\n\n<div style=\"height:30px\" aria-hidden=\"true\" class=\"wp-block-spacer\"><\/div>\n\n\n<div class=\"wp-block-image\">\n<figure class=\"aligncenter size-full is-resized\"><a href=\"https:\/\/enolife.com.ar\/es\/wp-content\/uploads\/2024\/10\/IMG_20241023_090800-768x346-1.jpg\" data-rel=\"penci-gallery-image-content\" ><img loading=\"lazy\" decoding=\"async\" src=\"https:\/\/enolife.com.ar\/es\/wp-content\/uploads\/2024\/10\/IMG_20241023_090800-768x346-1.jpg\" alt=\"\" class=\"wp-image-127933\" width=\"730\" height=\"329\" srcset=\"https:\/\/enolife.com.ar\/es\/wp-content\/uploads\/2024\/10\/IMG_20241023_090800-768x346-1.jpg 768w, https:\/\/enolife.com.ar\/es\/wp-content\/uploads\/2024\/10\/IMG_20241023_090800-768x346-1-300x135.jpg 300w, https:\/\/enolife.com.ar\/es\/wp-content\/uploads\/2024\/10\/IMG_20241023_090800-768x346-1-585x264.jpg 585w\" sizes=\"auto, (max-width: 730px) 100vw, 730px\" \/><\/a><\/figure><\/div>\n\n\n<div style=\"height:30px\" aria-hidden=\"true\" class=\"wp-block-spacer\"><\/div>\n\n\n\n<p><em>\u201cUno de los temas de m\u00e1s relevancia en agenda es el C\u00f3digo de Aguas. Entendemos que ha sido un gran trabajo de la Comisi\u00f3n H\u00eddrica que tiene representantes de los cuatro oasis productivos, con un an\u00e1lisis t\u00e9cnico jur\u00eddico profesional y que adem\u00e1s fue un disparador para otras instituciones que tomaron ese trabajo y pudieron darse cuenta que el anteproyecto del c\u00f3digo de aguas que est\u00e1 en debate pod\u00eda ser conflictivo para la producci\u00f3n primaria, la industria y el comercio\u201d <\/em>dijo <strong>Fabi\u00e1n Ruggeri<\/strong>.<\/p>\n\n\n\n<p>Otros de los temas abordados durante la asamblea fueron: lucha antigranizo, seguro agr\u00edcola y control de <strong>Lobesia Botrana<\/strong>, en los que Acovi ha trabajado y manifestado su posici\u00f3n institucional en los distintos \u00e1mbitos.<\/p>\n\n\n\n<p><strong>Cecilia Binolfi,<\/strong> actual <strong>presidente de la Cooperativa La Dormida<\/strong> y que se incorpora como Secretaria de la entidad remarc\u00f3 la importancia de participar y generar v\u00ednculos con productores de todos los oasis de la provincia: <em>\u201csiento mucha alegr\u00eda de representar a productores y tambi\u00e9n a mi cooperativa y de generar actividades que mejoren la calidad de vida del sector. Los productores nos sentimos muy acompa\u00f1ados porque tenemos un espacio donde consultar, tanto en temas laborales, institucionales como tambi\u00e9n de seguridad del productor\u201d.<\/em><\/p>\n\n\n\n<div style=\"height:30px\" aria-hidden=\"true\" class=\"wp-block-spacer\"><\/div>\n\n\n<div class=\"wp-block-image\">\n<figure class=\"aligncenter size-full is-resized\"><a href=\"https:\/\/enolife.com.ar\/es\/wp-content\/uploads\/2024\/10\/IMG_20241023_101438-768x576-1.jpg\" data-rel=\"penci-gallery-image-content\" ><img loading=\"lazy\" decoding=\"async\" src=\"https:\/\/enolife.com.ar\/es\/wp-content\/uploads\/2024\/10\/IMG_20241023_101438-768x576-1.jpg\" alt=\"\" class=\"wp-image-127934\" width=\"671\" height=\"382\" srcset=\"https:\/\/enolife.com.ar\/es\/wp-content\/uploads\/2024\/10\/IMG_20241023_101438-768x576-1.jpg 759w, https:\/\/enolife.com.ar\/es\/wp-content\/uploads\/2024\/10\/IMG_20241023_101438-768x576-1-300x171.jpg 300w, https:\/\/enolife.com.ar\/es\/wp-content\/uploads\/2024\/10\/IMG_20241023_101438-768x576-1-585x333.jpg 585w\" sizes=\"auto, (max-width: 671px) 100vw, 671px\" \/><\/a><\/figure><\/div>\n\n\n<div style=\"height:30px\" aria-hidden=\"true\" class=\"wp-block-spacer\"><\/div>\n\n\n\n<p>Por su parte, <strong>Jorge Barbero, vicepresidente de la entidad en este nuevo per\u00edodo <\/strong>manifest\u00f3: <em>\u201cha sido un a\u00f1o con mejor producci\u00f3n y en el cooperativismo se mejor\u00f3 la actividad; Acovi ha podido representar el esp\u00edritu cooperativista y llegar a todos los organismos gubernativos para otorgar mejoras a los productores.\u201d<\/em><\/p>\n\n\n\n<p>Desde el sur provincial, <strong>Leonardo Garc\u00eda, presidente de la Cooperativa Sierra Pintada<\/strong> expres\u00f3: <em>\u201cAcovi siempre ha estado presente con muchos beneficios para el sector. Esperamos tener una buena cosecha, que es lo m\u00e1s importante\u201d.<\/em><\/p>\n\n\n\n<p>Antes del cierre de la Asamblea se dio un especial reconocimiento al Vicepresidente anterior Honorio Demonte, gran dirigente cooperativo, quien falleci\u00f3 el pasado agosto.<\/p>\n\n\n\n<p><em>\u201cEl balance de estos a\u00f1os de gesti\u00f3n es muy positivo, hemos podido formar un equipo muy eficiente para abordar los ejes de trabajos, que son muchos. El capital humano que tenemos es muy profesional. Personalmente ha sido de crecimiento, de entender la importancia de representar a otras personas antes los poderes p\u00fablicos y privados\u201d<\/em> concluy\u00f3 el Presidente.<\/p>\n\n\n\n<p>Luego expres\u00f3: <em>\u201cQued\u00f3 conformada una comisi\u00f3n directiva renovada con nuevos dirigentes, tengo mucha esperanza de que la participaci\u00f3n sea activa y que podamos llevar adelante una nueva gesti\u00f3n al servicio de nuestras cooperativas y productores, de cara a los nuevos desaf\u00edos que se plantean desde la vitivinicultura a nivel provincial, nacional e internacional\u201d.<\/em><\/p>\n\n\n\n<div style=\"height:30px\" aria-hidden=\"true\" class=\"wp-block-spacer\"><\/div>\n\n\n<div class=\"wp-block-image\">\n<figure class=\"aligncenter size-full is-resized\"><a href=\"https:\/\/enolife.com.ar\/es\/wp-content\/uploads\/2024\/10\/IMG-20241023-WA0017-768x395-1.jpg\" data-rel=\"penci-gallery-image-content\" ><img loading=\"lazy\" decoding=\"async\" src=\"https:\/\/enolife.com.ar\/es\/wp-content\/uploads\/2024\/10\/IMG-20241023-WA0017-768x395-1.jpg\" alt=\"\" class=\"wp-image-127936\" width=\"714\" height=\"367\" srcset=\"https:\/\/enolife.com.ar\/es\/wp-content\/uploads\/2024\/10\/IMG-20241023-WA0017-768x395-1.jpg 768w, https:\/\/enolife.com.ar\/es\/wp-content\/uploads\/2024\/10\/IMG-20241023-WA0017-768x395-1-300x154.jpg 300w, https:\/\/enolife.com.ar\/es\/wp-content\/uploads\/2024\/10\/IMG-20241023-WA0017-768x395-1-585x301.jpg 585w\" sizes=\"auto, (max-width: 714px) 100vw, 714px\" \/><\/a><\/figure><\/div>\n\n\n<div style=\"height:35px\" aria-hidden=\"true\" class=\"wp-block-spacer\"><\/div>\n\n\n\n<p class=\"has-medium-font-size\"><strong>Nueva comisi\u00f3n directiva<\/strong><\/p>\n\n\n\n<p>De esta manera, la lista que integra la comisi\u00f3n para los dos pr\u00f3ximos a\u00f1os de gesti\u00f3n, con la incorporaci\u00f3n de nuevos representantes, qued\u00f3 de la siguiente manera:<\/p>\n\n\n\n<ul class=\"wp-block-list\">\n<li>Presidente Edgardo Fabi\u00e1n Ruggeri<\/li>\n\n\n\n<li>Vicepresidente Jorge Barbero<\/li>\n\n\n\n<li>Secretaria Cecilia Binolfi<\/li>\n\n\n\n<li>Prosecretario Javier Mario S\u00e1nchez<\/li>\n\n\n\n<li>Tesorero Sergio Ram\u00f3n Barbadillo<\/li>\n\n\n\n<li>Protesorero Jes\u00fas Alberto Gasques<\/li>\n\n\n\n<li>Comisi\u00f3n revisora de cuentas Walter Guarise<\/li>\n\n\n\n<li>Comisi\u00f3n revisora de cuentas Ana CatalinaVaieretti<\/li>\n\n\n\n<li>CRC Suplente Roberto D\u2019Ulivo<\/li>\n\n\n\n<li>Vocal Titular Pablo Alejandro Gim\u00e9nez<\/li>\n\n\n\n<li>Vocal Titular Abel R\u00edos<\/li>\n\n\n\n<li>Vocal Titular Bernardino Antonio Reta<\/li>\n\n\n\n<li>Vocal Titular Alberto Daniel V\u00e1zquez<\/li>\n\n\n\n<li>Vocal Titular Alejandro Rub\u00e9n Bori<\/li>\n\n\n\n<li>Vocal Suplente Alejandro Sozzi<\/li>\n\n\n\n<li>Vocal Suplente Oscar Mart\u00edn Garbuio<\/li>\n\n\n\n<li>Vocal Suplente Leonardo Garc\u00eda<\/li>\n\n\n\n<li>Vocal Suplente Mabel Valero<\/li>\n\n\n\n<li>Vocal Suplente Gerardo Francisco Fern\u00e1ndez<\/li>\n<\/ul>\n","protected":false},"excerpt":{"rendered":"<p>La Asociaci\u00f3n de Cooperativas Vitivin\u00edcolas Argentinas (Acovi) realiz\u00f3, el 25\/10, su Asamblea General Ordinaria, que&hellip;<\/p>\n","protected":false},"author":3,"featured_media":127940,"comment_status":"open","ping_status":"open","sticky":false,"template":"","format":"standard","meta":{"footnotes":""},"categories":[14],"tags":[],"class_list":["post-127922","post","type-post","status-publish","format-standard","has-post-thumbnail","hentry","category-news"],"_links":{"self":[{"href":"https:\/\/enolife.com.ar\/es\/wp-json\/wp\/v2\/posts\/127922","targetHints":{"allow":["GET"]}}],"collection":[{"href":"https:\/\/enolife.com.ar\/es\/wp-json\/wp\/v2\/posts"}],"about":[{"href":"https:\/\/enolife.com.ar\/es\/wp-json\/wp\/v2\/types\/post"}],"author":[{"embeddable":true,"href":"https:\/\/enolife.com.ar\/es\/wp-json\/wp\/v2\/users\/3"}],"replies":[{"embeddable":true,"href":"https:\/\/enolife.com.ar\/es\/wp-json\/wp\/v2\/comments?post=127922"}],"version-history":[{"count":0,"href":"https:\/\/enolife.com.ar\/es\/wp-json\/wp\/v2\/posts\/127922\/revisions"}],"wp:featuredmedia":[{"embeddable":true,"href":"https:\/\/enolife.com.ar\/es\/wp-json\/wp\/v2\/media\/127940"}],"wp:attachment":[{"href":"https:\/\/enolife.com.ar\/es\/wp-json\/wp\/v2\/media?parent=127922"}],"wp:term":[{"taxonomy":"category","embeddable":true,"href":"https:\/\/enolife.com.ar\/es\/wp-json\/wp\/v2\/categories?post=127922"},{"taxonomy":"post_tag","embeddable":true,"href":"https:\/\/enolife.com.ar\/es\/wp-json\/wp\/v2\/tags?post=127922"}],"curies":[{"name":"wp","href":"https:\/\/api.w.org\/{rel}","templated":true}]}}