{"id":127407,"date":"2024-10-21T18:09:57","date_gmt":"2024-10-21T18:09:57","guid":{"rendered":"https:\/\/enolife.com.ar\/es\/?p=127407"},"modified":"2024-10-22T11:21:40","modified_gmt":"2024-10-22T11:21:40","slug":"conoce-quienes-son-los-jurados-y-los-guiones-que-compiten-para-la-fiesta-de-la-vendimia-2025","status":"publish","type":"post","link":"https:\/\/enolife.com.ar\/es\/conoce-quienes-son-los-jurados-y-los-guiones-que-compiten-para-la-fiesta-de-la-vendimia-2025\/","title":{"rendered":"Conoc\u00e9 qui\u00e9nes son los jurados y los guiones que compiten para la Fiesta de la Vendimia 2025"},"content":{"rendered":"\n<h4 class=\"wp-block-heading\"><em><strong>El Gobierno de Mendoza comunic\u00f3 los nombres de las personas encargadas de evaluar y elegir la mejor propuesta integral de argumento, gui\u00f3n, escenograf\u00eda y puesta en escena para el Acto Central y repetici\u00f3n de la Fiesta Nacional de la Vendimia 2025. Los representantes de la cultura de Mendoza ya eval\u00faan los 7 trabajos presentados y en breve emitir\u00e1n su dictamen con el ganador del concurso<\/strong><\/em><strong><em>.<\/em><\/strong><\/h4>\n\n\n\n<div style=\"height:35px\" aria-hidden=\"true\" class=\"wp-block-spacer\"><\/div>\n\n\n\n\n\n<div style=\"height:45px\" aria-hidden=\"true\" class=\"wp-block-spacer\"><\/div>\n\n\n\n<p>Los jurados designados son los responsables de evaluar las propuestas recibidas a partir del llamado a <strong>Concurso P\u00fablico<\/strong> de la propuesta de <strong>gui\u00f3n<\/strong>, con su correspondiente <strong>s\u00edntesis argumental, propuesta y\/o proyecto para la realizaci\u00f3n de la escenograf\u00eda, direcci\u00f3n art\u00edstica de la puesta en escena y equipo art\u00edstico<\/strong> para el <strong>Acto Central y Repetici\u00f3n de la Fiesta Nacional de la Vendimia 2025<\/strong>, declarada, seg\u00fan Ley 6973, Patrimonio Cultural de la Provincia de Mendoza.<\/p>\n\n\n\n<p>El pasado jueves 17\/10\/24 se abrieron los sobres que conten\u00edan las 7 propuestas presentadas. La apertura se realiz\u00f3 ante la escribana p\u00fablica <strong>Ruth Celia Rosa Larraya<\/strong>, de la Secretar\u00eda General de Gobierno, en la Sala Elina Alba de la Subsecretar\u00eda de Cultura, ubicada en Espa\u00f1a y Guti\u00e9rrez de Ciudad.<\/p>\n\n\n\n<div style=\"height:30px\" aria-hidden=\"true\" class=\"wp-block-spacer\"><\/div>\n\n\n<div class=\"wp-block-image\">\n<figure class=\"aligncenter is-resized\"><img loading=\"lazy\" decoding=\"async\" src=\"https:\/\/www.losandes.com.ar\/resizer\/v2\/Z6JK5GWQHZDJJI3D2JFHRCMRV4.png?auth=bc7d2e4255516dc7bbe58a7c934f3e4d43bcefaa248a95ecbde20f4900be8fb5&amp;width=2248&amp;height=1500\" alt=\"Los proyectos contienen guion y s\u00edntesis argumental, planteo escenogr\u00e1fico, direcci\u00f3n art\u00edstica de la puesta en escena y equipo art\u00edstico para el Acto Central y la Repetici\u00f3n.\" width=\"610\" height=\"407\"\/><figcaption class=\"wp-element-caption\"><em><strong>El acto de apertura y entrega a los jurados de los sobre con las propuestas para el Acto Central y Repetici\u00f3n de la Fiesta Nacional de la Vendimia 2025, que tendr\u00e1n lugar en el Anfiteatro Frank Romero Day de Mendoza los d\u00edas 8 y 9 de marzo de 2025.<\/strong><\/em><\/figcaption><\/figure><\/div>\n\n\n<div style=\"height:35px\" aria-hidden=\"true\" class=\"wp-block-spacer\"><\/div>\n\n\n\n<p class=\"has-medium-font-size\"><strong>Los 7 equipos concursantes<\/strong><\/p>\n\n\n\n<p>&#8211;<strong>\u201cVendimia de las puertas m\u00e1gicas\u201d,<\/strong>&nbsp;encabezado por Virginia Paes y Federico Castro y, como productora ejecutiva, Laura Rodr\u00edguez.<\/p>\n\n\n\n<p>&#8211;<strong>\u201cGuardiana del vino eterno\u201d<\/strong>, con direcci\u00f3n general de Franco Emmanuel Ag\u00fcero y producci\u00f3n ejecutiva de Facundo Gallardo.<\/p>\n\n\n\n<p><strong>-\u201cVendimia de la uni\u00f3n y los deseos\u201d,&nbsp;<\/strong>con la direcci\u00f3n general de Marcelo Guajardo y la producci\u00f3n ejecutiva de Mar\u00eda Victoria Pettignano.<\/p>\n\n\n\n<p>&#8211;<strong>\u201cCosechas de gloria\u201d,&nbsp;<\/strong>con direcci\u00f3n de Carlos Escoriza y producci\u00f3n de Mariano Morales.<\/p>\n\n\n\n<p>&#8211;<strong>\u201cMendoza siempre\u201d<\/strong>, con la direcci\u00f3n general de Alejandro Grigor y la producci\u00f3n ejecutiva de Mar\u00eda Jos\u00e9 P\u00e9rez Coriolani.<\/p>\n\n\n\n<p>&#8211;<strong>\u201cSavia, m\u00e1s all\u00e1 del tiempo\u201d,<\/strong>&nbsp;con Cecilia Herrera y Alejandro Conte a la cabeza de la direcci\u00f3n general y la producci\u00f3n ejecutiva de Lourdes Aybar.<\/p>\n\n\n\n<p>&#8211;<strong>\u201cVendimia al pie de los Andes\u201d,<\/strong>&nbsp;encabezado por Rafael Ruiz y Gaspar Tello en la direcci\u00f3n general y Fernando Soto como productor ejecutivo.<\/p>\n\n\n\n<p>Seg\u00fan las bases, el jurado estar\u00e1 conformado por <strong>16 miembros con derecho a voto. <\/strong>Cada uno representa a las distintas especialidades art\u00edsticas y t\u00e9cnicas que, necesariamente, deben participar en la selecci\u00f3n de las propuestas objeto del llamado.<\/p>\n\n\n\n<p>En los rubros Danza (cuatro representantes) y M\u00fasica (dos representantes) participar\u00e1n colegiadamente, con m\u00e1s de un integrante con voz pero con derecho a un \u00fanico voto por rubro. Esto es, un voto por los representantes de asociaciones de la danza y un voto por los representantes de asociaciones de m\u00fasicos.<\/p>\n\n\n\n<div style=\"height:35px\" aria-hidden=\"true\" class=\"wp-block-spacer\"><\/div>\n\n\n\n<p class=\"has-medium-font-size\"><strong>El jurado<\/strong><\/p>\n\n\n\n<p>Los miembros del jurado son: por la Subsecretar\u00eda de Cultura, en el \u00c1rea de Historia y Antropolog\u00eda, <strong>Gustavo Enrique Capone<\/strong>; en el \u00c1rea Art\u00edstica, <strong>Laura Paola Beningazza<\/strong>; como escritor referente, <strong>Rogelio Alberto Aguilera<\/strong>, y en el \u00c1rea T\u00e9cnica <strong>Sebasti\u00e1n Ariel G\u00f3mez<\/strong>.<\/p>\n\n\n\n<p>Por Argentores Delegaci\u00f3n Mendoza, <strong>Manuel Garc\u00eda Migani<\/strong>; por el sector audiovisual, <strong>Federico Javier Cardone<\/strong>, representante de la Escuela Regional Cuyo de Cine y Video; por los departamentos de la provincia, <strong>Miriam Anah\u00ed Arboit<\/strong>; representando a la Corenave (Comisi\u00f3n de Reinas Nacionales de la Vendimia) y a la Covinave (Comisi\u00f3n de Virreinas Nacionales de la Vendimia), <strong>Stella Maris Laborde<\/strong>; por la Facultad de Artes y Dise\u00f1o de la Universidad Nacional de Cuyo, <strong>Anal\u00eda Vanesa Quiroga<\/strong>; por los ex directores y directoras de la Fiesta Nacional de la Vendimia, <strong>Sonya Ester Sejanovich<\/strong>; representando al Ente Mendoza Turismo, <strong>Marcelo Eloy Montenegro<\/strong>; por Infraestructura de la Provincia, <strong>Emanuel Enrique Juan<\/strong>, y por Higiene y Seguridad, <strong>Cyntia Gisel Morales Romero.<\/strong><\/p>\n\n\n\n<p>Tambi\u00e9n participan por las Asociaciones de Actores, <strong>Nuria Atencio<\/strong> (Asociaci\u00f3n Argentina de Actores y Actrices Delegaci\u00f3n Mendoza); por las asociaciones de danza: <strong>Marta Susana Valentina L\u00e9rtora<\/strong> (Asociaci\u00f3n Mendocina Profesionales de la Danza), <strong>Claudia Fernanda Orme\u00f1o <\/strong>(Asociaci\u00f3n Civil Movimiento por la Danza), <strong>Clara Alejandra Serber<\/strong> (So\u00f1arte) y <strong>Pablo Germ\u00e1n Chaves<\/strong> (Uco Hu\u00e9). Y por las asociaciones de m\u00fasicos: <strong>Arturo Eduardo Tascheret <\/strong>(Movimiento Independiente Mendocino de M\u00fasicos y Hacedores Afines) y <strong>Jorge Andr\u00e9s Garc\u00eda<\/strong> (Sindicato de M\u00fasicos de Cuyo).<\/p>\n\n\n\n<div style=\"height:30px\" aria-hidden=\"true\" class=\"wp-block-spacer\"><\/div>\n","protected":false},"excerpt":{"rendered":"<p>El Gobierno de Mendoza comunic\u00f3 los nombres de las personas encargadas de evaluar y elegir&hellip;<\/p>\n","protected":false},"author":3,"featured_media":127427,"comment_status":"open","ping_status":"open","sticky":false,"template":"","format":"standard","meta":{"footnotes":""},"categories":[14],"tags":[],"class_list":["post-127407","post","type-post","status-publish","format-standard","has-post-thumbnail","hentry","category-news"],"_links":{"self":[{"href":"https:\/\/enolife.com.ar\/es\/wp-json\/wp\/v2\/posts\/127407","targetHints":{"allow":["GET"]}}],"collection":[{"href":"https:\/\/enolife.com.ar\/es\/wp-json\/wp\/v2\/posts"}],"about":[{"href":"https:\/\/enolife.com.ar\/es\/wp-json\/wp\/v2\/types\/post"}],"author":[{"embeddable":true,"href":"https:\/\/enolife.com.ar\/es\/wp-json\/wp\/v2\/users\/3"}],"replies":[{"embeddable":true,"href":"https:\/\/enolife.com.ar\/es\/wp-json\/wp\/v2\/comments?post=127407"}],"version-history":[{"count":0,"href":"https:\/\/enolife.com.ar\/es\/wp-json\/wp\/v2\/posts\/127407\/revisions"}],"wp:featuredmedia":[{"embeddable":true,"href":"https:\/\/enolife.com.ar\/es\/wp-json\/wp\/v2\/media\/127427"}],"wp:attachment":[{"href":"https:\/\/enolife.com.ar\/es\/wp-json\/wp\/v2\/media?parent=127407"}],"wp:term":[{"taxonomy":"category","embeddable":true,"href":"https:\/\/enolife.com.ar\/es\/wp-json\/wp\/v2\/categories?post=127407"},{"taxonomy":"post_tag","embeddable":true,"href":"https:\/\/enolife.com.ar\/es\/wp-json\/wp\/v2\/tags?post=127407"}],"curies":[{"name":"wp","href":"https:\/\/api.w.org\/{rel}","templated":true}]}}