{"id":126712,"date":"2024-10-13T21:21:45","date_gmt":"2024-10-13T21:21:45","guid":{"rendered":"https:\/\/enolife.com.ar\/es\/?p=126712"},"modified":"2024-10-14T20:10:37","modified_gmt":"2024-10-14T20:10:37","slug":"mario-h-gonzalez-fue-reelecto-como-presidente-de-la-camara-riojana-de-productores-agropecuarios","status":"publish","type":"post","link":"https:\/\/enolife.com.ar\/es\/mario-h-gonzalez-fue-reelecto-como-presidente-de-la-camara-riojana-de-productores-agropecuarios\/","title":{"rendered":"Mario H. Gonz\u00e1lez fue reelecto como presidente de la C\u00e1mara Riojana de Productores Agropecuarios"},"content":{"rendered":"\n<h4 class=\"wp-block-heading\"><em><strong>La c\u00e1mara empresaria que re\u00fane a todos los productores del campo de la ciudad de Chilecito y del resto de la provincia de La Rioja cumpli\u00f3 recientemente 51 a\u00f1os de fecunda labor con el objetivo de hacer efectiva la m\u00e1xima \u00aben la uni\u00f3n est\u00e1 la fuerza\u00bb. Fiel a su esp\u00edritu democr\u00e1tico y cooperativista, y acorde a su permanente lucha por solucionar las necesidades comunes, recientemente la entidad celebr\u00f3 su Asamblea General Anual, en la que result\u00f3 reelecto el ingeniero Mario Hern\u00e1n Gonz\u00e1lez.<\/strong><\/em><\/h4>\n\n\n\n<div style=\"height:35px\" aria-hidden=\"true\" class=\"wp-block-spacer\"><\/div>\n\n\n<a href=\"https:\/\/www.dellatoffola.com.ar\/es\/home\" aria-label=\"Banner Filtro Omnia_1700x500\"><img loading=\"lazy\" decoding=\"async\" src=\"https:\/\/enolife.com.ar\/es\/wp-content\/uploads\/2023\/10\/Banner-Filtro-Omnia_1700x500.png\" alt=\"\"  srcset=\"https:\/\/enolife.com.ar\/es\/wp-content\/uploads\/2023\/10\/Banner-Filtro-Omnia_1700x500.png 1699w, https:\/\/enolife.com.ar\/es\/wp-content\/uploads\/2023\/10\/Banner-Filtro-Omnia_1700x500-300x88.png 300w, https:\/\/enolife.com.ar\/es\/wp-content\/uploads\/2023\/10\/Banner-Filtro-Omnia_1700x500-1024x301.png 1024w, https:\/\/enolife.com.ar\/es\/wp-content\/uploads\/2023\/10\/Banner-Filtro-Omnia_1700x500-768x226.png 768w, https:\/\/enolife.com.ar\/es\/wp-content\/uploads\/2023\/10\/Banner-Filtro-Omnia_1700x500-1536x452.png 1536w, https:\/\/enolife.com.ar\/es\/wp-content\/uploads\/2023\/10\/Banner-Filtro-Omnia_1700x500-1170x344.png 1170w, https:\/\/enolife.com.ar\/es\/wp-content\/uploads\/2023\/10\/Banner-Filtro-Omnia_1700x500-585x172.png 585w\" sizes=\"auto, (max-width: 1699px) 100vw, 1699px\" width=\"1699\" height=\"500\"   \/><\/a>\n\n\n<div style=\"height:45px\" aria-hidden=\"true\" class=\"wp-block-spacer\"><\/div>\n\n\n\n<p>El pasado <strong>martes 8 de octubre de 2024<\/strong>, de acuerdo a una convocatoria realizada oportunamente, se llev\u00f3 a cabo la <strong>Asamblea General Ordinaria<\/strong> de la <strong>C\u00e1mara Riojana de Productores Agropecuarios (Carpa).<\/strong><\/p>\n\n\n\n<p>La reuni\u00f3n se inici\u00f3 a las 20 hs de ese d\u00eda y cont\u00f3 con la presencia de un importante n\u00famero de productores y tambi\u00e9n de&nbsp;los representantes de la oficina de<strong> Personer\u00eda Jur\u00eddica<\/strong> de la ciudad de <strong>Chilecito, La Rioja,<\/strong> quienes participaron de la Asamblea en calidad de veedores. <\/p>\n\n\n\n<p>Seg\u00fan comunicaron los directivos de Carpa, la Asamblea <em>\u00abse desarroll\u00f3 en un clima de grata camarader\u00eda y se fueron cumplimentando todos los puntos del&nbsp;Orden del D\u00eda, resultando los mismos aprobados por unanimidad\u00bb<\/em>.&nbsp; <\/p>\n\n\n\n<p>En el c\u00f3nclave de productores se renov\u00f3, de manera parcial, la Comisi\u00f3n Directiva de Carpa, resultando reelecto el ingeniero Mario Hern\u00e1n Gonz\u00e1lez. Al finalizar la Asamblea, el directivo que contin\u00faa en su puesto y su misi\u00f3n, agradeci\u00f3 la confianza depositada en su persona y el acompa\u00f1amiento recibido en este a\u00f1o.&nbsp;<\/p>\n\n\n\n<p>El consejo directivo de Carpa para el per\u00edodo 2024-2025 qued\u00f3 conformado&nbsp;de la siguiente manera:<\/p>\n\n\n\n<p><br><\/p>\n\n\n\n<ul class=\"wp-block-list\">\n<li>Presidente:&nbsp;<strong>Gonz\u00e1lez, Mario Hern\u00e1n<\/strong><\/li>\n\n\n\n<li>Vicepresidente 1\u00b0: <strong>G\u00f3mez, Oscar Edgardo<\/strong><\/li>\n\n\n\n<li>Vicepresidente 2\u00b0: <strong>Narv\u00e1ez, Jos\u00e9<\/strong><\/li>\n\n\n\n<li>Secretaria:<strong>&nbsp;Michel, Viviana<\/strong><\/li>\n\n\n\n<li>Prosecretario:<strong>&nbsp;Bellia, Jos\u00e9 Emilio<\/strong>&nbsp;&nbsp;&nbsp;&nbsp;&nbsp;&nbsp;&nbsp;&nbsp;&nbsp;&nbsp;&nbsp;&nbsp;<\/li>\n\n\n\n<li>Tesorera:&nbsp;<strong>G\u00f3mez Ticac, Maria Catalina<\/strong><\/li>\n\n\n\n<li>Protesorero:&nbsp;<strong>Gonz\u00e1lez Ribot, Joaqu\u00edn<\/strong><\/li>\n\n\n\n<li>Vocal titular 1\u00b0&nbsp;<strong>Gonz\u00e1lez, Mario Juan<\/strong><\/li>\n\n\n\n<li>Vocal titular 2\u00b0:&nbsp;<strong>D\u00e1vila, Gustavo<\/strong><\/li>\n\n\n\n<li>Vocal titular 3\u00b0:&nbsp;<strong>Bellia, Jos\u00e9 Luis<\/strong><\/li>\n\n\n\n<li>Vocal titular 4\u00b0:&nbsp;<strong>Capece, Alfredo<\/strong><\/li>\n\n\n\n<li>Vocal titular 5\u00b0:&nbsp;<strong>Iribarren P\u00e1ez, Daniel<\/strong><\/li>\n\n\n\n<li>Vocal titular 6\u00b0:&nbsp;<strong>Morales, Miriam<\/strong><\/li>\n\n\n\n<li>Vocal suplente 1\u00b0:&nbsp;<strong>Gim\u00e9nez, Mar\u00eda de los \u00c1ngeles<\/strong><\/li>\n\n\n\n<li>Vocal suplente 2\u00b0: <strong>Amatte, Siria<\/strong><\/li>\n\n\n\n<li>Vocal suplente 3\u00b0:&nbsp;<strong>Capece, Lorenzo Osvaldo<\/strong><\/li>\n\n\n\n<li>Vocal suplente 4\u00b0:&nbsp;<strong>Nievas, Nereo<\/strong><\/li>\n\n\n\n<li>Vocal suplente 5\u00b0: <strong>El\u00edas, Hugo<\/strong><\/li>\n\n\n\n<li>Vocal suplente 6\u00b0:&nbsp;<strong>Jard\u00f3n, Francisco<\/strong><\/li>\n\n\n\n<li>S\u00edndico titular:&nbsp;<strong>Passamonti, Hugo<\/strong><\/li>\n\n\n\n<li>S\u00edndico suplente: <strong>Vega, Eloy<\/strong><\/li>\n<\/ul>\n\n\n\n<div style=\"height:30px\" aria-hidden=\"true\" class=\"wp-block-spacer\"><\/div>\n","protected":false},"excerpt":{"rendered":"<p>La c\u00e1mara empresaria que re\u00fane a todos los productores del campo de la ciudad de&hellip;<\/p>\n","protected":false},"author":3,"featured_media":126727,"comment_status":"open","ping_status":"open","sticky":false,"template":"","format":"standard","meta":{"footnotes":""},"categories":[56,14],"tags":[],"class_list":["post-126712","post","type-post","status-publish","format-standard","has-post-thumbnail","hentry","category-destacado","category-news"],"_links":{"self":[{"href":"https:\/\/enolife.com.ar\/es\/wp-json\/wp\/v2\/posts\/126712","targetHints":{"allow":["GET"]}}],"collection":[{"href":"https:\/\/enolife.com.ar\/es\/wp-json\/wp\/v2\/posts"}],"about":[{"href":"https:\/\/enolife.com.ar\/es\/wp-json\/wp\/v2\/types\/post"}],"author":[{"embeddable":true,"href":"https:\/\/enolife.com.ar\/es\/wp-json\/wp\/v2\/users\/3"}],"replies":[{"embeddable":true,"href":"https:\/\/enolife.com.ar\/es\/wp-json\/wp\/v2\/comments?post=126712"}],"version-history":[{"count":0,"href":"https:\/\/enolife.com.ar\/es\/wp-json\/wp\/v2\/posts\/126712\/revisions"}],"wp:featuredmedia":[{"embeddable":true,"href":"https:\/\/enolife.com.ar\/es\/wp-json\/wp\/v2\/media\/126727"}],"wp:attachment":[{"href":"https:\/\/enolife.com.ar\/es\/wp-json\/wp\/v2\/media?parent=126712"}],"wp:term":[{"taxonomy":"category","embeddable":true,"href":"https:\/\/enolife.com.ar\/es\/wp-json\/wp\/v2\/categories?post=126712"},{"taxonomy":"post_tag","embeddable":true,"href":"https:\/\/enolife.com.ar\/es\/wp-json\/wp\/v2\/tags?post=126712"}],"curies":[{"name":"wp","href":"https:\/\/api.w.org\/{rel}","templated":true}]}}