{"id":126480,"date":"2024-11-01T17:26:47","date_gmt":"2024-11-01T17:26:47","guid":{"rendered":"https:\/\/enolife.com.ar\/es\/?p=126480"},"modified":"2024-11-02T09:14:39","modified_gmt":"2024-11-02T09:14:39","slug":"feria-de-terrunos-de-karim-mussi-musica-y-subasta-de-vinos-a-beneficio-2-11-en-bodega-alandes","status":"publish","type":"post","link":"https:\/\/enolife.com.ar\/es\/feria-de-terrunos-de-karim-mussi-musica-y-subasta-de-vinos-a-beneficio-2-11-en-bodega-alandes\/","title":{"rendered":"Feria de Terru\u00f1os de Karim Mussi: m\u00fasica y subasta de vinos a beneficio, 2\/11 en Bodega Alandes"},"content":{"rendered":"\n<h4 class=\"wp-block-heading\"><em><strong>Vuelve el 2\/11 la original propuesta del winemaker creador de los vinos Altocedro, Alandes, Abras y Qaramy, una \u00abmini feria de grandes vinos\u00bb, desde las 12 a las 18 hs en Bodega Alandes, Maip\u00fa, Mendoza. A la posibilidad de degustar etiquetas \u00fanicas se suma la oferta gastron\u00f3mica,  y recitales en vivo de bandas de rock y tango<\/strong><\/em><strong><em>.<\/em><\/strong><\/h4>\n\n\n\n<div style=\"height:28px\" aria-hidden=\"true\" class=\"wp-block-spacer\"><\/div>\n\n\n<a href=\"https:\/\/instagram.com\/labelsolutions?igshid=YmMyMTA2M2Y=\" aria-label=\"Banner Palero 1700&#215;500\"><img loading=\"lazy\" decoding=\"async\" src=\"https:\/\/enolife.com.ar\/es\/wp-content\/uploads\/2021\/09\/Banner-Palero-1700x500-1.gif\" alt=\"\"  width=\"1700\" height=\"500\"   \/><\/a>\n\n\n<div style=\"height:45px\" aria-hidden=\"true\" class=\"wp-block-spacer\"><\/div>\n\n\n\n<p>Con catas guiadas y degustaciones del portfolio de la marca Karim Mussi Winemaker, m\u00fasica en vivo, gastronom\u00eda de food trucks y una subasta de etiquetas \u00fanicas a beneficio, el s\u00e1bado 2 de noviembre, de 12 a 18 hs, se realizar\u00e1 la VI edici\u00f3n de <strong>Feria de Terru\u00f1os<\/strong> del reconocido en\u00f3logo mendocino en Bodega Alandes, Maip\u00fa, provincia de Mendoza.<\/p>\n\n\n\n<p>El propio en\u00f3logo mendocino estar\u00e1 al frente de una nueva edici\u00f3n de lo que denomina su \u00abmini feria de grandes vinos\u00bb.<\/p>\n\n\n<div class=\"wp-block-image\">\n<figure class=\"alignleft size-full is-resized\"><a href=\"https:\/\/enolife.com.ar\/es\/wp-content\/uploads\/2024\/10\/flyer.jpg\" data-rel=\"penci-gallery-image-content\" ><img loading=\"lazy\" decoding=\"async\" src=\"https:\/\/enolife.com.ar\/es\/wp-content\/uploads\/2024\/10\/flyer.jpg\" alt=\"\" class=\"wp-image-126484\" width=\"490\" height=\"431\" srcset=\"https:\/\/enolife.com.ar\/es\/wp-content\/uploads\/2024\/10\/flyer.jpg 569w, https:\/\/enolife.com.ar\/es\/wp-content\/uploads\/2024\/10\/flyer-300x264.jpg 300w\" sizes=\"auto, (max-width: 490px) 100vw, 490px\" \/><\/a><\/figure><\/div>\n\n\n<p>Este encuentro anual regresa tras un intervalo de 5 a\u00f1os, cuando en 2019 se realiz\u00f3 la 5\u00b0 edici\u00f3n en la<strong>&nbsp;<\/strong>Cava de Turismo&nbsp;de<strong>&nbsp;Bodega Alandes<\/strong>&nbsp;(Adriano G\u00f3mez 3S02, Maip\u00fa, Mendoza), para ofrecer\u00e1 a mendocinos y turistas la oportunidad de disfrutar de una cuidada&nbsp;<strong>selecci\u00f3n de vinos <\/strong>y una atractiva&nbsp;<strong>propuesta gastron\u00f3mica<\/strong>, con m\u00fasica en vivo&nbsp;a cargo de&nbsp;<strong>Jorge El\u00edas<\/strong> (jazz y blues), la banda mendocina&nbsp;<strong>Don Torres&nbsp;<\/strong>(covers de rock nacional) y<strong>&nbsp;Manyinaje Cuarteto de Saxos&nbsp;<\/strong>(grupo de repertorio tanguero).<\/p>\n\n\n\n<p>Distintas marcas y proyectos, albergados bajo la marca central <strong>Karim Mussi Winemaker<\/strong>, protagonizar\u00e1n un paseo por los distintos terroirs a lo largo de la cordillera de los Andes, principalmente Valle de Uco y Cafayate, y las diversas interpretaciones enol\u00f3gicas expresadas por Mussi y su equipo. <\/p>\n\n\n\n<p>Las marcas <strong>Altocedro, Alandes, Abras y Qaramy<\/strong> compondr\u00e1n la oferta de vinos a degustar, con una selecci\u00f3n de vinos de ediciones limitadas, tope de gama, a\u00f1adas antiguas y botellas en formato magnum, entre los que se pueden mencionar <strong>Altocedro Gran Reserva Malbec, Alandes Gran Cabernet Franc, Qaramy 600, Abras Camino Real<\/strong>, la colecci\u00f3n <strong>\u00abEl Jard\u00edn de Los Caprichos\u00bb<\/strong>.<\/p>\n\n\n\n<p>La cita es el d\u00eda s\u00e1bado 2 de noviembre de 12 a 18 hs, en Bodega Alandes (Adriano G\u00f3mez 3S02, Coquimbito, Maip\u00fa, provincia de Mendoza).<\/p>\n\n\n\n<div style=\"height:30px\" aria-hidden=\"true\" class=\"wp-block-spacer\"><\/div>\n\n\n<div class=\"wp-block-image\">\n<figure class=\"aligncenter size-large is-resized\"><a href=\"https:\/\/enolife.com.ar\/es\/wp-content\/uploads\/2024\/10\/2ecb7e00-977e-7991-5d81-0671c34be1ce.png\" data-rel=\"penci-gallery-image-content\" ><img loading=\"lazy\" decoding=\"async\" src=\"https:\/\/enolife.com.ar\/es\/wp-content\/uploads\/2024\/10\/2ecb7e00-977e-7991-5d81-0671c34be1ce-1024x337.png\" alt=\"\" class=\"wp-image-126486\" width=\"798\" height=\"262\" srcset=\"https:\/\/enolife.com.ar\/es\/wp-content\/uploads\/2024\/10\/2ecb7e00-977e-7991-5d81-0671c34be1ce-1024x337.png 1024w, https:\/\/enolife.com.ar\/es\/wp-content\/uploads\/2024\/10\/2ecb7e00-977e-7991-5d81-0671c34be1ce-300x99.png 300w, https:\/\/enolife.com.ar\/es\/wp-content\/uploads\/2024\/10\/2ecb7e00-977e-7991-5d81-0671c34be1ce-768x253.png 768w, https:\/\/enolife.com.ar\/es\/wp-content\/uploads\/2024\/10\/2ecb7e00-977e-7991-5d81-0671c34be1ce-1170x385.png 1170w, https:\/\/enolife.com.ar\/es\/wp-content\/uploads\/2024\/10\/2ecb7e00-977e-7991-5d81-0671c34be1ce-585x193.png 585w, https:\/\/enolife.com.ar\/es\/wp-content\/uploads\/2024\/10\/2ecb7e00-977e-7991-5d81-0671c34be1ce.png 1202w\" sizes=\"auto, (max-width: 798px) 100vw, 798px\" \/><\/a><\/figure><\/div>\n\n\n<div style=\"height:30px\" aria-hidden=\"true\" class=\"wp-block-spacer\"><\/div>\n\n\n\n<p class=\"has-white-background-color has-background\">Las entradas anticipadas tienen un valor de&nbsp;<strong>$45.000<\/strong> e incluyen la degustaci\u00f3n de todos los vinos de la feria, una copa de cristal, un <em>appetizer<\/em>, derecho a show,&nbsp; descuentos para compra de vinos y el acceso a los sorteos.<\/p>\n\n\n\n<p class=\"has-background\" style=\"background-color:#abb7c23b\"><strong>Los tickets pueden adquirirse a trav\u00e9s de&nbsp;Entradaweb Argentina: <a href=\"https:\/\/www.entradaweb.com.ar\/evento\/2d0e933d\/step\/1\" title=\"\">AQU\u00cd&nbsp;<\/a><\/strong><\/p>\n\n\n\n<div style=\"height:21px\" aria-hidden=\"true\" class=\"wp-block-spacer\"><\/div>\n","protected":false},"excerpt":{"rendered":"<p>Vuelve el 2\/11 la original propuesta del winemaker creador de los vinos Altocedro, Alandes, Abras&hellip;<\/p>\n","protected":false},"author":3,"featured_media":126483,"comment_status":"open","ping_status":"open","sticky":false,"template":"","format":"standard","meta":{"footnotes":""},"categories":[47,56],"tags":[],"class_list":["post-126480","post","type-post","status-publish","format-standard","has-post-thumbnail","hentry","category-agenda","category-destacado"],"_links":{"self":[{"href":"https:\/\/enolife.com.ar\/es\/wp-json\/wp\/v2\/posts\/126480","targetHints":{"allow":["GET"]}}],"collection":[{"href":"https:\/\/enolife.com.ar\/es\/wp-json\/wp\/v2\/posts"}],"about":[{"href":"https:\/\/enolife.com.ar\/es\/wp-json\/wp\/v2\/types\/post"}],"author":[{"embeddable":true,"href":"https:\/\/enolife.com.ar\/es\/wp-json\/wp\/v2\/users\/3"}],"replies":[{"embeddable":true,"href":"https:\/\/enolife.com.ar\/es\/wp-json\/wp\/v2\/comments?post=126480"}],"version-history":[{"count":0,"href":"https:\/\/enolife.com.ar\/es\/wp-json\/wp\/v2\/posts\/126480\/revisions"}],"wp:featuredmedia":[{"embeddable":true,"href":"https:\/\/enolife.com.ar\/es\/wp-json\/wp\/v2\/media\/126483"}],"wp:attachment":[{"href":"https:\/\/enolife.com.ar\/es\/wp-json\/wp\/v2\/media?parent=126480"}],"wp:term":[{"taxonomy":"category","embeddable":true,"href":"https:\/\/enolife.com.ar\/es\/wp-json\/wp\/v2\/categories?post=126480"},{"taxonomy":"post_tag","embeddable":true,"href":"https:\/\/enolife.com.ar\/es\/wp-json\/wp\/v2\/tags?post=126480"}],"curies":[{"name":"wp","href":"https:\/\/api.w.org\/{rel}","templated":true}]}}