{"id":126377,"date":"2024-10-08T21:28:08","date_gmt":"2024-10-08T21:28:08","guid":{"rendered":"https:\/\/enolife.com.ar\/es\/?p=126377"},"modified":"2024-10-10T09:40:12","modified_gmt":"2024-10-10T09:40:12","slug":"la-bicicleteada-de-la-familia-vitivinicola-recorrera-los-caminos-del-vino-de-lujan-el-11-10-24","status":"publish","type":"post","link":"https:\/\/enolife.com.ar\/es\/la-bicicleteada-de-la-familia-vitivinicola-recorrera-los-caminos-del-vino-de-lujan-el-11-10-24\/","title":{"rendered":"La bicicleteada de la familia vitivin\u00edcola recorrer\u00e1 los caminos del vino de Luj\u00e1n el 11\/10\/24"},"content":{"rendered":"\n<h4 class=\"wp-block-heading\"><em><strong>Un numeroso grupo de trabajadores de vi\u00f1as y bodegas de Luj\u00e1n de Cuyo, Mendoza, organizados por propia iniciativa, contin\u00faan con su ambicioso proyecto de nuclear a la familia vitivin\u00edcola en torno a actividades sociales y deportivas. Tras el exitoso Torneo Integrador Vitivin\u00edcola entre 16 equipos que concluy\u00f3 con la victoria de Bodega Norton a fines de setiembre, ahora est\u00e1n convocando a una bicicleteada por las calles, senderos e hileras de vi\u00f1as de su departamento. Es un encuentro gratuito abierto a toda la comunidad. S\u00f3lo hay que inscribirse y llevar la bici en condiciones y el casco. Habr\u00e1 premios y un agasajo final para todos los participantes.<\/strong><\/em><\/h4>\n\n\n\n<div style=\"height:35px\" aria-hidden=\"true\" class=\"wp-block-spacer\"><\/div>\n\n\n\n\n\n<div style=\"height:45px\" aria-hidden=\"true\" class=\"wp-block-spacer\"><\/div>\n\n\n\n<p>Los <strong>trabajadores de vi\u00f1as y bodegas de Luj\u00e1n de Cuyo, Mendoza, <\/strong>organizados y autogestionados para estrechar lazos entre ellos y sus familias, tienen como uno de sus prop\u00f3sitos fomentar el deporte en la comunidad vitivin\u00edcola. En esta ocasi\u00f3n, tras el \u00e9xito de convocatoria y la manifestaci\u00f3n de un saludable esp\u00edritu competitivo en el <strong>Torneo Integrador Vitivin\u00edcola <\/strong>que arroj\u00f3 como campe\u00f3n al equipo de Bodega Norton, <strong>encaran el desaf\u00edo de una bicicleteada<\/strong> como otra herramienta integradora.<\/p>\n\n\n\n<div style=\"height:20px\" aria-hidden=\"true\" class=\"wp-block-spacer\"><\/div>\n\n\n\n<h3 class=\"wp-block-heading has-text-color\" style=\"color:#367c62\">La actividad no tiene costo. Lo \u00fanico que hay que hacer es inscribirse llamando a los n\u00fameros del flyer y llevar una bicicleta en condiciones, y por supuesto casco. Adelante del pelot\u00f3n va a ir un ciclista experimentado guiando, y detr\u00e1s un auto de apoyo, como necesaria medida de precauci\u00f3n.<\/h3>\n\n\n\n<div style=\"height:20px\" aria-hidden=\"true\" class=\"wp-block-spacer\"><\/div>\n\n\n\n<blockquote class=\"wp-block-quote is-layout-flow wp-block-quote-is-layout-flow\">\n<p>\u00abPonemos en juego la solidaridad, el intercambio de experiencias y aprendizajes, con el objetivo de promover tambien un estilo de vida saludable&#8230; Invitamos a todos nuestros compa\u00f1eros a sumarse a esta actividad recreativa\u00bb.<\/p>\n<cite>Jorge Ver\u00f3n, uno de los impulsores de la bicicleteada vitivin\u00edcola.<\/cite><\/blockquote>\n\n\n\n<div style=\"height:20px\" aria-hidden=\"true\" class=\"wp-block-spacer\"><\/div>\n\n\n\n<p>Seg\u00fan manifestaron los promotores de esta original idea, <em>\u00abEn Luj\u00e1n de Cuyo, los empleados vitivin\u00edcolas seguimos con las actividades junto a compa\u00f1eros de trabajo, y en esta oportunidad se est\u00e1 organizando una bicicleteada vitivin\u00edcola por los caminos del vino del departamento; la idea sigue siendo la misma que en el Torneo Integrador de f\u00fatbol: de fomentar el trabajo en equipo, vincularnos entre compa\u00f1eros, fortalecer el rubro&#8230; As\u00ed que esta oportunidad, a pedido de mucha gente, se hace una bicicleteada, a mucha gente le gusta pedalear&#8230; As\u00ed que la hacemos este viernes 11 de octubre, con un punto de encuentro en la Ferreter\u00eda San Lorenzo de Perdriel\u00bb.<\/em><\/p>\n\n\n\n<div style=\"height:35px\" aria-hidden=\"true\" class=\"wp-block-spacer\"><\/div>\n\n\n\n<p class=\"has-medium-font-size\"><strong>Entretenimiento asegurado por 20 kil\u00f3metros<\/strong><\/p>\n\n\n\n<p>El circuito definido ser\u00e1 as\u00ed:<\/p>\n\n\n<div class=\"wp-block-image\">\n<figure class=\"alignleft size-full is-resized\"><a href=\"https:\/\/enolife.com.ar\/es\/wp-content\/uploads\/2024\/10\/WhatsApp-Image-2024-10-08-at-18.03.16.jpeg\" data-rel=\"penci-gallery-image-content\" ><img loading=\"lazy\" decoding=\"async\" src=\"https:\/\/enolife.com.ar\/es\/wp-content\/uploads\/2024\/10\/WhatsApp-Image-2024-10-08-at-18.03.16.jpeg\" alt=\"\" class=\"wp-image-126441\" width=\"361\" height=\"310\" srcset=\"https:\/\/enolife.com.ar\/es\/wp-content\/uploads\/2024\/10\/WhatsApp-Image-2024-10-08-at-18.03.16.jpeg 389w, https:\/\/enolife.com.ar\/es\/wp-content\/uploads\/2024\/10\/WhatsApp-Image-2024-10-08-at-18.03.16-300x258.jpeg 300w\" sizes=\"auto, (max-width: 361px) 100vw, 361px\" \/><\/a><\/figure><\/div>\n\n\n<p class=\"has-background\" style=\"background-color:#7bdbb569\"><strong>-Salida:<\/strong>  Calle Thames<br><strong>-Primera etapa:<\/strong> Por calle Cobos hasta la intersecci\u00f3n con calle Funes.<br><strong>-Segunda etapa:<\/strong> Peque\u00f1o recorrido por Finca Norton La Colonia, donde se har\u00e1 un breve break. Primer punto de hidrataci\u00f3n para los ciclistas durante 15 a 20 minutos.<br> <strong>-Tercera etapa:<\/strong> El pelot\u00f3n contin\u00faa por calle Cobos hasta llegar a la Bodega Piatelli y Bodega Anita, retornando luego por la misma Cobos hasta el cruce con Funes. Desde all\u00ed se sube por calle Funes hasta Cochabamba, hasta el segundo punto de hidrataci\u00f3n, en la Bodega Susana Balbo. <br><strong>-Intervalo<\/strong> y break de 15 minutos para sacar fotos.<br><strong>-Cuarta y \u00faltima etapa:<\/strong> Se contin\u00faa por calle Cochabamba hasta Thames y de regreso al punto de encuentro inicial.<br><strong>Total del recorrido:<\/strong> 18 kil\u00f3metros. <\/p>\n\n\n\n<div style=\"height:35px\" aria-hidden=\"true\" class=\"wp-block-spacer\"><\/div>\n\n\n\n<p class=\"has-medium-font-size\"><strong>Abierto a toda la comunidad de trabajadores<\/strong><\/p>\n\n\n\n<p>Los organizadores remarcaron que est\u00e1n invitados todos los trabajadores del rubro, tanto de fincas como de bodegas y otras instalaciones vitivin\u00edcolas. Y que al final de la jornada se va a agasajar a todos los participantes con una actividad sorpresa. Los interesados en participar s\u00f3lo tienen que llamar y anotarse a los tel\u00e9fonos que figuran en el flyer arriba publicado.<\/p>\n\n\n\n<p>Tambi\u00e9n adelantaron que despu\u00e9s de esta bicicleteada se realizar\u00e1 el <strong>Segundo Torneo Integrador Vitivin\u00edcola,<\/strong> sobre el que ya hay una fuerte expectativa, al punto que <strong>ya se han inscripto 25 equipos.<\/strong><\/p>\n\n\n\n<div style=\"height:30px\" aria-hidden=\"true\" class=\"wp-block-spacer\"><\/div>\n","protected":false},"excerpt":{"rendered":"<p>Un numeroso grupo de trabajadores de vi\u00f1as y bodegas de Luj\u00e1n de Cuyo, Mendoza, organizados&hellip;<\/p>\n","protected":false},"author":3,"featured_media":126443,"comment_status":"open","ping_status":"open","sticky":false,"template":"","format":"standard","meta":{"footnotes":""},"categories":[47],"tags":[],"class_list":["post-126377","post","type-post","status-publish","format-standard","has-post-thumbnail","hentry","category-agenda"],"_links":{"self":[{"href":"https:\/\/enolife.com.ar\/es\/wp-json\/wp\/v2\/posts\/126377","targetHints":{"allow":["GET"]}}],"collection":[{"href":"https:\/\/enolife.com.ar\/es\/wp-json\/wp\/v2\/posts"}],"about":[{"href":"https:\/\/enolife.com.ar\/es\/wp-json\/wp\/v2\/types\/post"}],"author":[{"embeddable":true,"href":"https:\/\/enolife.com.ar\/es\/wp-json\/wp\/v2\/users\/3"}],"replies":[{"embeddable":true,"href":"https:\/\/enolife.com.ar\/es\/wp-json\/wp\/v2\/comments?post=126377"}],"version-history":[{"count":0,"href":"https:\/\/enolife.com.ar\/es\/wp-json\/wp\/v2\/posts\/126377\/revisions"}],"wp:featuredmedia":[{"embeddable":true,"href":"https:\/\/enolife.com.ar\/es\/wp-json\/wp\/v2\/media\/126443"}],"wp:attachment":[{"href":"https:\/\/enolife.com.ar\/es\/wp-json\/wp\/v2\/media?parent=126377"}],"wp:term":[{"taxonomy":"category","embeddable":true,"href":"https:\/\/enolife.com.ar\/es\/wp-json\/wp\/v2\/categories?post=126377"},{"taxonomy":"post_tag","embeddable":true,"href":"https:\/\/enolife.com.ar\/es\/wp-json\/wp\/v2\/tags?post=126377"}],"curies":[{"name":"wp","href":"https:\/\/api.w.org\/{rel}","templated":true}]}}