{"id":126353,"date":"2024-10-08T14:56:33","date_gmt":"2024-10-08T14:56:33","guid":{"rendered":"https:\/\/enolife.com.ar\/es\/?p=126353"},"modified":"2024-10-14T11:20:51","modified_gmt":"2024-10-14T11:20:51","slug":"el-pacto-de-angel-mendoza-con-dios-y-el-diablo-que-se-vera-en-la-enoteca-antes-que-en-espana","status":"publish","type":"post","link":"https:\/\/enolife.com.ar\/es\/el-pacto-de-angel-mendoza-con-dios-y-el-diablo-que-se-vera-en-la-enoteca-antes-que-en-espana\/","title":{"rendered":"El pacto de \u00c1ngel Mendoza con Dios y el Diablo que se ver\u00e1 en la Enoteca antes que en Espa\u00f1a"},"content":{"rendered":"\n<h4 class=\"wp-block-heading\"><em><strong>La pel\u00edcula protagonizada por el maestro de en\u00f3logos mendocinos, \u00c1ngel Mendoza, \u00abEl \u00e1ngel del vino\u00bb, es uno de los filmes, junto a \u00abMujeres de la Vi\u00f1a\u00bb, que ser\u00e1n exhibidos en La Enoteca de Mendoza como anticipo de la presentaci\u00f3n de ambas producciones en el Festival Internacional de Cine del Vino MOST en Pened\u00e9s, Catalu\u00f1a, Espa\u00f1a. El corto documental, de factura enteramente mendocina, dirigido y guionado por el cineasta Esteban Ruiz, muestra la visi\u00f3n original, profunda y entra\u00f1able del sabio en\u00f3logo sobre el vino como veh\u00edculo entre generaciones de viticultores que entregaron su alma para hacer el elixir trascendental.<\/strong><\/em><\/h4>\n\n\n\n<div style=\"height:36px\" aria-hidden=\"true\" class=\"wp-block-spacer\"><\/div>\n\n\n<a href=\"http:\/\/www.quiminsa.com.ar\/\" aria-label=\"banner quiminsa b 1700&#215;500\"><img loading=\"lazy\" decoding=\"async\" src=\"https:\/\/enolife.com.ar\/es\/wp-content\/uploads\/2022\/04\/banner-quiminsa-b-1700x500-1.jpg\" alt=\"\"  srcset=\"https:\/\/enolife.com.ar\/es\/wp-content\/uploads\/2022\/04\/banner-quiminsa-b-1700x500-1.jpg 1700w, https:\/\/enolife.com.ar\/es\/wp-content\/uploads\/2022\/04\/banner-quiminsa-b-1700x500-1-300x88.jpg 300w, https:\/\/enolife.com.ar\/es\/wp-content\/uploads\/2022\/04\/banner-quiminsa-b-1700x500-1-1024x301.jpg 1024w, https:\/\/enolife.com.ar\/es\/wp-content\/uploads\/2022\/04\/banner-quiminsa-b-1700x500-1-768x226.jpg 768w, https:\/\/enolife.com.ar\/es\/wp-content\/uploads\/2022\/04\/banner-quiminsa-b-1700x500-1-1536x452.jpg 1536w, https:\/\/enolife.com.ar\/es\/wp-content\/uploads\/2022\/04\/banner-quiminsa-b-1700x500-1-1170x344.jpg 1170w, https:\/\/enolife.com.ar\/es\/wp-content\/uploads\/2022\/04\/banner-quiminsa-b-1700x500-1-585x172.jpg 585w\" sizes=\"auto, (max-width: 1700px) 100vw, 1700px\" width=\"1700\" height=\"500\"   \/><\/a>\n\n\n<div style=\"height:48px\" aria-hidden=\"true\" class=\"wp-block-spacer\"><\/div>\n\n\n\n<p>Como parte de las actividades que vinculan a<strong> Mendoza<\/strong> con el<strong> Festival Internacional de Cine del Vino MOST, de Catalu\u00f1a, Espa\u00f1a<\/strong>, en <strong>La Enoteca de Mendoza<\/strong> se realizar\u00e1 una muestra cinematogr\u00e1fica previa titulada <strong>\u201cMOST al Sur\u201d<\/strong>, que privilegiar\u00e1 al p\u00fablico local con la exhibici\u00f3n de las pelis premiadas antes que en la vidriera del festival de la Comunidad Aut\u00f3noma. Habr\u00e1 filmes de varios pa\u00edses en un cronograma que se inicia el 16 de octubre.<\/p>\n\n\n\n<div style=\"height:16px\" aria-hidden=\"true\" class=\"wp-block-spacer\"><\/div>\n\n\n\n<blockquote class=\"wp-block-quote is-layout-flow wp-block-quote-is-layout-flow\">\n<p>Yo creo en la vida eterna, pero en la industria vitivin\u00edcola la vida eterna son las pr\u00f3ximas cosechas que har\u00e1n los hijos de mis hijos\u00bb.<\/p>\n<cite>\u00c1ngel M\u00e9ndoza<\/cite><\/blockquote>\n\n\n\n<div style=\"height:17px\" aria-hidden=\"true\" class=\"wp-block-spacer\"><\/div>\n\n\n<div class=\"wp-block-image\">\n<figure class=\"alignleft size-full is-resized\"><a href=\"https:\/\/enolife.com.ar\/es\/wp-content\/uploads\/2024\/10\/Imagen1-7.jpg\" data-rel=\"penci-gallery-image-content\" ><img loading=\"lazy\" decoding=\"async\" src=\"https:\/\/enolife.com.ar\/es\/wp-content\/uploads\/2024\/10\/Imagen1-7.jpg\" alt=\"\" class=\"wp-image-126357\" width=\"303\" height=\"333\" srcset=\"https:\/\/enolife.com.ar\/es\/wp-content\/uploads\/2024\/10\/Imagen1-7.jpg 400w, https:\/\/enolife.com.ar\/es\/wp-content\/uploads\/2024\/10\/Imagen1-7-273x300.jpg 273w\" sizes=\"auto, (max-width: 303px) 100vw, 303px\" \/><\/a><\/figure><\/div>\n\n\n<p>Por primera vez, Mendoza ser\u00e1 la regi\u00f3n invitada en la edici\u00f3n 2024 del Festival Internacional de Cine del Vino MOST, en la regi\u00f3n catalana del <strong>Pened\u00e9s<\/strong>, Espa\u00f1a. Del 7 al 17 de noviembre, Mendoza exhibir\u00e1 all\u00ed sus realizaciones audiovisuales y tambi\u00e9n sus vinos y protagonistas, por ejemplo el en\u00f3logo <strong>Mat\u00edas Michelini<\/strong>, quien recibir\u00e1 el premio honor\u00edfico del Festival.<\/p>\n\n\n\n<p>Los trabajos mendocinos que competir\u00e1n en la secci\u00f3n internacional del Most podr\u00e1n verse en La Enoteca, del <strong>16 al 30 de octubre<\/strong>, en un ciclo cuya <strong>entrada ser\u00e1 una caja de leche larga vida para el Banco de Alimentos<\/strong>.<\/p>\n\n\n\n<p>El ciclo \u201cMost al Sur &#8211; Cine del vino\u201d arrancar\u00e1<strong> el mi\u00e9rcoles 16, a las 20 en La Enoteca -Peltier 611 de Mendoza-, <\/strong>con la proyecci\u00f3n de<strong> \u201cEl \u00e1ngel del vino\u201d <\/strong>(Mendoza, 2023); un corto documental de Esteban Ruiz, ganador del <strong>Concurso PODA <\/strong>&#8211; Cortos del Vino, organizado por el Fondo Vitivin\u00edcola, el Gobierno de Mendoza y la Mendoza Film Commission.<\/p>\n\n\n\n<p>Luego, el 16 de octubre a las 20hs, se estrenar\u00e1 la pel\u00edcula <strong>\u00abMujeres de la vi\u00f1a\u00bb<\/strong>, dirigida por el cineasta germano-argentino <strong>Germ\u00e1n Kral<\/strong>, que narra la pasi\u00f3n y el esfuerzo de las mujeres viticultoras del Valle de Uco mendocino por sobreponerse a las adversidades y dejar como ofrenda y legado el vino elaborado por sus manos en sus propias vi\u00f1as.<\/p>\n\n\n\n<p>Para cada pel\u00edcula, las personas deber\u00e1n inscribirse gratuitamente en Eventbrite, y el d\u00eda de la funci\u00f3n, llevar <strong>1 caja de leche larga vida que est\u00e1 destinada al Banco de Alimentos<\/strong> Mendoza.<\/p>\n\n\n\n<div style=\"height:14px\" aria-hidden=\"true\" class=\"wp-block-spacer\"><\/div>\n\n\n\n<p class=\"has-background\" style=\"background-color:#abb7c233\"><strong>Reservar <a href=\"https:\/\/www.eventbrite.com.ar\/e\/ciclo-most-al-sur-cine-del-vino-tickets-1036732734517\" title=\"\">AQUI<\/a> &#8211; Informes y contacto: Lic. Patricia Slukich +54 9 261 6545912<\/strong><\/p>\n\n\n\n<div style=\"height:21px\" aria-hidden=\"true\" class=\"wp-block-spacer\"><\/div>\n\n\n\n<p><strong>El \u00c1ngel del Vino<\/strong><\/p>\n\n\n\n<p>En este film documental, el maestro de en\u00f3logos mendocinos y argentinos <strong>\u00c1ngel Mendoza<\/strong> cuenta desde el alma c\u00f3mo el vino constituye el legado de su vida profesional a las generaciones venideras, en principio a su familia. Esta figura central de la vitivinicultura argentina abre las puertas de su bodega y de su historia personal y comparte sus premisas, ense\u00f1anzas y su visi\u00f3n del oficio, el arte y la ciencia de hacer vinos. Este corto se exhibir\u00e1 en el MOST Festival Internacional de Cine del Vino, en Catalu\u00f1a, Espa\u00f1a. <\/p>\n\n\n\n<div style=\"height:35px\" aria-hidden=\"true\" class=\"wp-block-spacer\"><\/div>\n\n\n\n<figure class=\"wp-block-embed is-type-video is-provider-youtube wp-block-embed-youtube wp-embed-aspect-16-9 wp-has-aspect-ratio\"><div class=\"wp-block-embed__wrapper\">\n<iframe loading=\"lazy\" title=\"El \u00c1ngel del Vino   Tr\u00e1iler calidad media\" width=\"1170\" height=\"658\" src=\"https:\/\/www.youtube.com\/embed\/G0sSGGoKG1s?feature=oembed\" frameborder=\"0\" allow=\"accelerometer; autoplay; clipboard-write; encrypted-media; gyroscope; picture-in-picture; web-share\" referrerpolicy=\"strict-origin-when-cross-origin\" allowfullscreen><\/iframe>\n<\/div><\/figure>\n\n\n\n<div style=\"height:35px\" aria-hidden=\"true\" class=\"wp-block-spacer\"><\/div>\n\n\n\n<p>Gui\u00f3n y Direcci\u00f3n: <strong>Esteban Ruiz<\/strong><br>Producci\u00f3n: <strong>Valentina Ruiz Cucchiarelli-Esteban Ruiz<\/strong><br>Direcci\u00f3n de fotograf\u00eda: <strong>Juan Pablo Egea<\/strong><br>C\u00e1mara: <strong>Juan Pablo Egea-Adriano Besso<\/strong><br>Grip: <strong>Diego Maureira<\/strong><br>Asistente: <strong>Javier Masi<\/strong><br>Sonido: <strong>Ra\u00fal Sotelo<\/strong><br>M\u00fasica original: <strong>Daniel Vinderman<\/strong><br>Dise\u00f1o y arte: <strong>Valeria Lauretti<\/strong><br>Edici\u00f3n: <strong>Marcos Romo-Esteban Ruiz<\/strong><br>Duraci\u00f3n: <strong>22 minutos<\/strong><\/p>\n\n\n\n<div style=\"height:18px\" aria-hidden=\"true\" class=\"wp-block-spacer\"><\/div>\n\n\n\n<p class=\"has-medium-font-size\"><strong>\u00bfCu\u00e1l es la vida eterna del vino?<\/strong><\/p>\n\n\n\n<p>En breve di\u00e1logo con el maestro \u00c1ngel Mendoza, ahora tambi\u00e9n estrella de cine pese a su modestia, el hacedor nos confes\u00f3 que el fundamento personal para participar en este documental <em>\u00abha sido mi mayor tesoro, que es y ser\u00e1 mi familia. Mientras yo so\u00f1aba, ellos hicieron realidad mis sue\u00f1os. Por eso los amo con todo mi coraz\u00f3n.\u00bb <\/em><\/p>\n\n\n\n<p>En una definici\u00f3n de su concepto de trascendencia, el \u00c1ngel del Vino nos dej\u00f3 asombrados: <em>\u00abYo creo en la vida eterna, pero en la industria vitivin\u00edcola la vida eterna son las pr\u00f3ximas cosechas que har\u00e1n los hijos de mis hijos\u00bb.<\/em><\/p>\n\n\n\n<p>Y como si nada, dispar\u00f3 balas como corchos al coraz\u00f3n: <em>\u00abUna serena copa de vino, compartida con seres queridos, no habla de alcohol y de c\u00e1ncer, habla de historias, paisajes, pasiones y emociones. Habla de amor y de humanidad.\u00bb<\/em><\/p>\n\n\n\n<p>Sobre el significado de su participaci\u00f3n en el documental, con la que no gan\u00f3 cachets millonarios ni estrellas en el sal\u00f3n de la fama de Hollywood, el \u00c1ngel asegur\u00f3: <em>\u00abEsta es mi respuesta a la demonizaci\u00f3n del vino y las campa\u00f1as antialcohol que se suceden en el mundo.\u00bb<\/em><\/p>\n\n\n\n<p>Y se despidi\u00f3 con una confidencia emocionante: <em>\u00abMis hijos han estado treinta a\u00f1os comprometidos con los sue\u00f1os y quimeras del padre. Los nietos ya prueban las uvas y \u00a1deciden el punto de cosecha! Tenemos un vino familiar al que le llamamos \u00abCompinches\u00bb. \u00a1As\u00ed que yo ya me puedo despedir contento! Los nietos tienen un a\u00f1o y medio, 4 a\u00f1os, 8, 12 y 17 a\u00f1os. Controlan mejor la uva madura que los grandes, \u00a1porque se la comen toda!\u00bb<\/em><\/p>\n\n\n\n<div style=\"height:34px\" aria-hidden=\"true\" class=\"wp-block-spacer\"><\/div>\n\n\n\n<div style=\"height:30px\" aria-hidden=\"true\" class=\"wp-block-spacer\"><\/div>\n","protected":false},"excerpt":{"rendered":"<p>La pel\u00edcula protagonizada por el maestro de en\u00f3logos mendocinos, \u00c1ngel Mendoza, \u00abEl \u00e1ngel del vino\u00bb,&hellip;<\/p>\n","protected":false},"author":3,"featured_media":126362,"comment_status":"open","ping_status":"open","sticky":false,"template":"","format":"standard","meta":{"footnotes":""},"categories":[47],"tags":[],"class_list":["post-126353","post","type-post","status-publish","format-standard","has-post-thumbnail","hentry","category-agenda"],"_links":{"self":[{"href":"https:\/\/enolife.com.ar\/es\/wp-json\/wp\/v2\/posts\/126353","targetHints":{"allow":["GET"]}}],"collection":[{"href":"https:\/\/enolife.com.ar\/es\/wp-json\/wp\/v2\/posts"}],"about":[{"href":"https:\/\/enolife.com.ar\/es\/wp-json\/wp\/v2\/types\/post"}],"author":[{"embeddable":true,"href":"https:\/\/enolife.com.ar\/es\/wp-json\/wp\/v2\/users\/3"}],"replies":[{"embeddable":true,"href":"https:\/\/enolife.com.ar\/es\/wp-json\/wp\/v2\/comments?post=126353"}],"version-history":[{"count":0,"href":"https:\/\/enolife.com.ar\/es\/wp-json\/wp\/v2\/posts\/126353\/revisions"}],"wp:featuredmedia":[{"embeddable":true,"href":"https:\/\/enolife.com.ar\/es\/wp-json\/wp\/v2\/media\/126362"}],"wp:attachment":[{"href":"https:\/\/enolife.com.ar\/es\/wp-json\/wp\/v2\/media?parent=126353"}],"wp:term":[{"taxonomy":"category","embeddable":true,"href":"https:\/\/enolife.com.ar\/es\/wp-json\/wp\/v2\/categories?post=126353"},{"taxonomy":"post_tag","embeddable":true,"href":"https:\/\/enolife.com.ar\/es\/wp-json\/wp\/v2\/tags?post=126353"}],"curies":[{"name":"wp","href":"https:\/\/api.w.org\/{rel}","templated":true}]}}