{"id":126132,"date":"2024-10-06T14:06:54","date_gmt":"2024-10-06T14:06:54","guid":{"rendered":"https:\/\/enolife.com.ar\/es\/?p=126132"},"modified":"2024-10-07T14:50:41","modified_gmt":"2024-10-07T14:50:41","slug":"el-mercado-brasilero-recibio-15-bodegas-mendocinas-de-la-mano-de-promendoza","status":"publish","type":"post","link":"https:\/\/enolife.com.ar\/es\/el-mercado-brasilero-recibio-15-bodegas-mendocinas-de-la-mano-de-promendoza\/","title":{"rendered":"El mercado brasilero recibi\u00f3 15 bodegas mendocinas de la mano de ProMendoza"},"content":{"rendered":"\n<h4 class=\"wp-block-heading\"><em><strong>El mundo del vino arranc\u00f3 el mes de octubre en San Pablo -Brasil- en la feria \u00edcono de vinos y bebidas espirituosas ProWein. Con 30 a\u00f1os de trayectoria esta exposici\u00f3n se inici\u00f3 originalmente en D\u00fcsseldorf y luego sum\u00f3 las ciudades de Shangh\u00e1i, Singapur, Hong Kong, Mumbai, Tokio. En 2019 incorpor\u00f3 a la \u00abSelva de Pedra\u00bb, la ciudad m\u00e1s grande de Am\u00e9rica Latina, que en \u00e9sta la \u00faltima edici\u00f3n (2024) reuni\u00f3 m\u00e1s de 1400 marcas de bebidas de 36 pa\u00edses, entre ellos Argentina con la participaci\u00f3n de 170 expositores, acompa\u00f1adas por Wines of Argentina, por su cuenta o de la mano de ProMendoza.<\/strong><\/em><\/h4>\n\n\n\n<div style=\"height:35px\" aria-hidden=\"true\" class=\"wp-block-spacer\"><\/div>\n\n\n\n\n\n<div style=\"height:45px\" aria-hidden=\"true\" class=\"wp-block-spacer\"><\/div>\n\n\n\n<p>En los \u00faltimos 30 a\u00f1os, ProWein \u2013 con m\u00e1s de 90,000 visitantes de todo el mundo \u2013 se ha convertido en la feria m\u00e1s importante para vinos, licores y bebidas artesanales. Nacida en D\u00fcsseldorf se ha extendido a trav\u00e9s de los a\u00f1os a nuevos mercados y regiones dando inicio a ferias en Shangh\u00e1i, Singapur, Hong Kong, S\u00e3o Paulo, Mumbai y Tokio.<\/p>\n\n\n\n<p>La de San Pablo, que se realiza desde el a\u00f1o 2019, re\u00fane a importadores, distribuidores, sommeliers, minoristas y profesionales de la industria de todas las regiones de Brasil y del mundo, facilitando las relaciones con los productores de vinos y licores. La edici\u00f3n 2024 se llev\u00f3 a cabo del 1 al 3\/10 en el el predio Expo Center Norte.<\/p>\n\n\n\n<p>Entre los 36 pa\u00edses que presentaron sus etiquetas, Argentina sum\u00f3 <strong><a href=\"https:\/\/prowinesaopaulo.com\/expositores\/?jsf=jet-engine:filtro-lista&amp;tax=_categoria:29\" title=\"\">170 bodegas<\/a><\/strong> de las cuales<strong>&nbsp;<a href=\"https:\/\/enolife.com.ar\/es\/con-67-bodegas-en-la-feria-de-san-pablo-del-1-al-3-10-mendoza-busca-captar-el-mercado-brasileno\/\" title=\"\">20 bodegas  canalizaron su presencia a trav\u00e9s de WofA,<\/a><\/strong> 37 gracias a la gesti\u00f3n del&nbsp;Consejo Federal de Inversiones (CFI) y 15 de la mano de <strong>ProMendoza<\/strong>, cuya misi\u00f3n fue encabezada por su titular <strong>Patricia Gim\u00e9nez<\/strong>.<\/p>\n\n\n\n<div style=\"height:30px\" aria-hidden=\"true\" class=\"wp-block-spacer\"><\/div>\n\n\n\n<p class=\"has-background\" style=\"background-color:#abb7c259\">Bodegas acompa\u00f1adas por ProMendoza: <strong> Cuarto Dominio, El Gordo en Motoneta, Vinorum, RJ Vi\u00f1edos, Uko Wines, Familia Kretschmar, Clop Wines, La Florita, The Wine Plan, Magia de Uco, Amadeo Mara\u00f1\u00f3n, Lamuchi Wines, Meli, Fugitivo y MEVI.<\/strong><\/p>\n\n\n\n<div style=\"height:30px\" aria-hidden=\"true\" class=\"wp-block-spacer\"><\/div>\n\n\n\n<p><em>\u00abEs muy importante tener buena presencia mendocina en esta feria. Brasil es un mercado que nos interesa y que cuidamos, por todo lo que significa para nuestros productos. Hemos trabajado codo a codo con las bodegas que nos acompa\u00f1aron. Hay mucha expectativa de futuros negocios, ya que el p\u00fablico ha quedado muy satisfecho con nuestros vinos y se han mantenido muchas y muy variadas reuniones de negocios. Hay que tener en cuenta que ProWine atrae a compradores, distribuidores, importadores y amantes del vino de toda Sudam\u00e9rica y principalmente de Brasil, el gran mercado para los vinos argentinos\u00bb<\/em>, resumi\u00f3 Patricia Gim\u00e9nez.<\/p>\n\n\n\n<div style=\"height:35px\" aria-hidden=\"true\" class=\"wp-block-spacer\"><\/div>\n\n\n\n<p class=\"has-medium-font-size\"><strong>Objetivo cumplido<\/strong><\/p>\n\n\n\n<p>Las bodegas que viajaron junto a ProMendoza mantuvieron encuentros con inversores e importadores que pudieron aprecias los distintos portfolios que tienen nuestras pymes, y sus representantes manifestaron su satisfacci\u00f3n con lo vivido en estos d\u00edas en Brasil y sus expectativas en poder avanzar con sus ventas en el vecino pa\u00eds.&nbsp;<\/p>\n\n\n\n<p><strong>Fernando Scandura, de El Gordo en Motoneta<\/strong>, cont\u00f3 c\u00f3mo fue su participaci\u00f3n en este encuentro: <em>\u00abEstamos muy contentos con la ProWine 2024, es un evento muy importante. Hemos tenido reuniones con importadores que se han quedado sorprendidos con nuestros productos. Hay que venir para mostrar lo que se hace y desarrollar el mercado de Brasil. Tambi\u00e9n para conocer nuevos importadores. El balance es muy positivo\u00bb<\/em>.&nbsp;<\/p>\n\n\n\n<div style=\"height:30px\" aria-hidden=\"true\" class=\"wp-block-spacer\"><\/div>\n\n\n<div class=\"wp-block-image\">\n<figure class=\"aligncenter size-full is-resized\"><a href=\"https:\/\/enolife.com.ar\/es\/wp-content\/uploads\/2024\/10\/93f87007-b2c1-1350-8ccd-7a6c743de547.jpeg\" data-rel=\"penci-gallery-image-content\" ><img loading=\"lazy\" decoding=\"async\" src=\"https:\/\/enolife.com.ar\/es\/wp-content\/uploads\/2024\/10\/93f87007-b2c1-1350-8ccd-7a6c743de547.jpeg\" alt=\"\" class=\"wp-image-126189\" width=\"616\" height=\"344\" srcset=\"https:\/\/enolife.com.ar\/es\/wp-content\/uploads\/2024\/10\/93f87007-b2c1-1350-8ccd-7a6c743de547.jpeg 893w, https:\/\/enolife.com.ar\/es\/wp-content\/uploads\/2024\/10\/93f87007-b2c1-1350-8ccd-7a6c743de547-300x168.jpeg 300w, https:\/\/enolife.com.ar\/es\/wp-content\/uploads\/2024\/10\/93f87007-b2c1-1350-8ccd-7a6c743de547-768x430.jpeg 768w, https:\/\/enolife.com.ar\/es\/wp-content\/uploads\/2024\/10\/93f87007-b2c1-1350-8ccd-7a6c743de547-585x328.jpeg 585w\" sizes=\"auto, (max-width: 616px) 100vw, 616px\" \/><\/a><\/figure><\/div>\n\n\n<div style=\"height:30px\" aria-hidden=\"true\" class=\"wp-block-spacer\"><\/div>\n\n\n\n<p>Por su parte, <strong>Ricardo Puebla, de RJ Vi\u00f1edos<\/strong>, afirm\u00f3: <em>\u00abVinimos, acompa\u00f1ados por ProMendoza&nbsp;para promover el vino argentino en Brasil. Es un mercado muy importante, el m\u00e1s cercano que tenemos desde Argentina. Es un vecino que nos da una gran oportunidad. Tenemos nuestros vinos en Luj\u00e1n de Cuyo, donde elaboramos buenos malbecs y es por eso que es muy importante esta feria, porque podemos mostrar nuestros productos, nuestras regiones y nuestra calidad\u00bb<\/em>.<\/p>\n\n\n\n<p>En tanto, <strong>Cecilia Buj, de Vinorum<\/strong>, indic\u00f3: <em>\u00abNos importa much\u00edsimo tener esta oportunidad para poder presentar nuestros vinos y as\u00ed los brasileros pueden conocer nuestro portfolio. Creo que todas las bodegas tienen que acercarse a ProMendoza y participar en este tipo de promociones\u00bb<\/em>.<\/p>\n\n\n\n<div style=\"height:30px\" aria-hidden=\"true\" class=\"wp-block-spacer\"><\/div>\n","protected":false},"excerpt":{"rendered":"<p>El mundo del vino arranc\u00f3 el mes de octubre en San Pablo -Brasil- en la&hellip;<\/p>\n","protected":false},"author":3,"featured_media":126188,"comment_status":"open","ping_status":"open","sticky":false,"template":"","format":"standard","meta":{"footnotes":""},"categories":[56,14],"tags":[],"class_list":["post-126132","post","type-post","status-publish","format-standard","has-post-thumbnail","hentry","category-destacado","category-news"],"_links":{"self":[{"href":"https:\/\/enolife.com.ar\/es\/wp-json\/wp\/v2\/posts\/126132","targetHints":{"allow":["GET"]}}],"collection":[{"href":"https:\/\/enolife.com.ar\/es\/wp-json\/wp\/v2\/posts"}],"about":[{"href":"https:\/\/enolife.com.ar\/es\/wp-json\/wp\/v2\/types\/post"}],"author":[{"embeddable":true,"href":"https:\/\/enolife.com.ar\/es\/wp-json\/wp\/v2\/users\/3"}],"replies":[{"embeddable":true,"href":"https:\/\/enolife.com.ar\/es\/wp-json\/wp\/v2\/comments?post=126132"}],"version-history":[{"count":0,"href":"https:\/\/enolife.com.ar\/es\/wp-json\/wp\/v2\/posts\/126132\/revisions"}],"wp:featuredmedia":[{"embeddable":true,"href":"https:\/\/enolife.com.ar\/es\/wp-json\/wp\/v2\/media\/126188"}],"wp:attachment":[{"href":"https:\/\/enolife.com.ar\/es\/wp-json\/wp\/v2\/media?parent=126132"}],"wp:term":[{"taxonomy":"category","embeddable":true,"href":"https:\/\/enolife.com.ar\/es\/wp-json\/wp\/v2\/categories?post=126132"},{"taxonomy":"post_tag","embeddable":true,"href":"https:\/\/enolife.com.ar\/es\/wp-json\/wp\/v2\/tags?post=126132"}],"curies":[{"name":"wp","href":"https:\/\/api.w.org\/{rel}","templated":true}]}}